{"id":17846,"date":"2026-03-01T09:59:22","date_gmt":"2026-03-01T09:59:22","guid":{"rendered":"https:\/\/dobrezrodla.com\/?p=17846"},"modified":"2026-03-01T09:59:22","modified_gmt":"2026-03-01T09:59:22","slug":"sikorski-o-pracownikach-polskiej-ambasady-w-teheranie-sa-bezpieczni","status":"publish","type":"post","link":"https:\/\/dobrezrodla.com\/?p=17846","title":{"rendered":"Sikorski o pracownikach polskiej ambasady w Teheranie. &#8220;S\u0105 bezpieczni&#8221;"},"content":{"rendered":"\n<p>Pracownicy ambasady RP w Iranie s\u0105 bezpieczni &#8211; przekaza\u0142 w sobot\u0119 Rados\u0142aw Sikorski. Szef MSZ relacjonowa\u0142 w mediach spo\u0142eczno\u015bciowych, \u017ce odby\u0142 rozmow\u0119 z szefem plac\u00f3wki w Teheranie Marcinem Wilczkiem.<br>Rados\u0142aw Sikorski. Foto: Adam Burakowski\/East News<br>Sikorski: monitorujemy sytuacj\u0119<\/p>\n\n\n\n<p><br>Szef polskiej dyplomacji nadmieni\u0142, \u017ce w bazie Odyseusz zarejestrowanych tylko kilkoro os\u00f3b, &#8220;g\u0142\u00f3wnie z podw\u00f3jnym obywatelstwem\u201d &#8211; napisa\u0142 Sikorski na platformie X. &#8220;Wraz z sojusznikami monitorujemy dramatyczn\u0105, piekielnie skomplikowan\u0105 sytuacj\u0119&#8221; &#8211; podkre\u015bli\u0142 Rados\u0142aw Sikorski. Ponadto rzecznik MSZ Maciej Wewi\u00f3r przekaza\u0142, \u017ce nie ma informacji, aby w porannych atakach ucierpieli obywatele Polski.<\/p>\n\n\n\n<p>Wcze\u015bniej do sytuacji na Bliskim Wschodzie odni\u00f3s\u0142 si\u0119 Donald Tusk. Premier potwierdzi\u0142, \u017ce odebra\u0142 meldunki z MSZ i MON zwi\u0105zane z atakiem Izraela i USA na Iran. &#8220;W tej chwili nasi obywatele, w tym personel polskiej ambasady w Teheranie, s\u0105 bezpieczni, ale jeste\u015bmy przygotowani na r\u00f3\u017cne scenariusze&#8221; &#8211; doda\u0142 szef rz\u0105du. Podkre\u015bli\u0142 przy tym, \u017ce jedno\u015b\u0107 Polak\u00f3w w kwestii bezpiecze\u0144stwa jest niezwykle wa\u017cna.<\/p>\n\n\n\n<p>Z kolei prezydent Karol Nawrocki poda\u0142, \u017ce jest na bie\u017c\u0105co informowany o sobotnich atakach na cele w Iranie. Doda\u0142, \u017ce pozostaje w sta\u0142ej \u0142\u0105czno\u015bci z sojusznikami z NATO i instytucjami pa\u0144stwa.<\/p>\n\n\n\n<p>Atak USA i Izraela na Iran<br>Stany Zjednoczone i Izrael rozpocz\u0119\u0142y w sobot\u0119 ataki na Iran. Minister obrony Izraela Israel Kac powiedzia\u0142, \u017ce uderzenie ma charakter wyprzedzaj\u0105cy. Prezydent USA Donald Trump potwierdzi\u0142, \u017ce armia ameryka\u0144ska rozpocz\u0119\u0142a &#8220;du\u017c\u0105 operacj\u0119 bojow\u0105&#8221;, zapowiedzia\u0142, \u017ce Iran nie zdob\u0119dzie broni j\u0105drowej i wezwa\u0142 nar\u00f3d ira\u0144ski do przej\u0119cia w\u0142adzy w kraju. Iran w odwecie zapowiedzia\u0142 ataki na wszystkie bazy USA na Bliskim Wschodzie.<\/p>\n","protected":false},"excerpt":{"rendered":"<p>Pracownicy ambasady RP w Iranie s\u0105 bezpieczni &#8211; przekaza\u0142 w sobot\u0119 Rados\u0142aw Sikorski. Szef MSZ relacjonowa\u0142 w mediach spo\u0142eczno\u015bciowych, \u017ce odby\u0142 rozmow\u0119 z szefem plac\u00f3wki w Teheranie Marcinem Wilczkiem.Rados\u0142aw Sikorski. Foto: Adam Burakowski\/East NewsSikorski: monitorujemy sytuacj\u0119 Szef polskiej dyplomacji nadmieni\u0142, \u017ce w bazie Odyseusz zarejestrowanych tylko kilkoro os\u00f3b, &#8220;g\u0142\u00f3wnie z podw\u00f3jnym obywatelstwem\u201d &#8211; napisa\u0142 Sikorski &#8230; <a title=\"Sikorski o pracownikach polskiej ambasady w Teheranie. &#8220;S\u0105 bezpieczni&#8221;\" class=\"read-more\" href=\"https:\/\/dobrezrodla.com\/?p=17846\" aria-label=\"Read more about Sikorski o pracownikach polskiej ambasady w Teheranie. &#8220;S\u0105 bezpieczni&#8221;\">Read more<\/a><\/p>\n","protected":false},"author":1,"featured_media":0,"comment_status":"open","ping_status":"open","sticky":false,"template":"","format":"standard","meta":{"footnotes":""},"categories":[1],"tags":[],"class_list":["post-17846","post","type-post","status-publish","format-standard","hentry","category-uncategorized"],"_links":{"self":[{"href":"https:\/\/dobrezrodla.com\/index.php?rest_route=\/wp\/v2\/posts\/17846","targetHints":{"allow":["GET"]}}],"collection":[{"href":"https:\/\/dobrezrodla.com\/index.php?rest_route=\/wp\/v2\/posts"}],"about":[{"href":"https:\/\/dobrezrodla.com\/index.php?rest_route=\/wp\/v2\/types\/post"}],"author":[{"embeddable":true,"href":"https:\/\/dobrezrodla.com\/index.php?rest_route=\/wp\/v2\/users\/1"}],"replies":[{"embeddable":true,"href":"https:\/\/dobrezrodla.com\/index.php?rest_route=%2Fwp%2Fv2%2Fcomments&post=17846"}],"version-history":[{"count":1,"href":"https:\/\/dobrezrodla.com\/index.php?rest_route=\/wp\/v2\/posts\/17846\/revisions"}],"predecessor-version":[{"id":17847,"href":"https:\/\/dobrezrodla.com\/index.php?rest_route=\/wp\/v2\/posts\/17846\/revisions\/17847"}],"wp:attachment":[{"href":"https:\/\/dobrezrodla.com\/index.php?rest_route=%2Fwp%2Fv2%2Fmedia&parent=17846"}],"wp:term":[{"taxonomy":"category","embeddable":true,"href":"https:\/\/dobrezrodla.com\/index.php?rest_route=%2Fwp%2Fv2%2Fcategories&post=17846"},{"taxonomy":"post_tag","embeddable":true,"href":"https:\/\/dobrezrodla.com\/index.php?rest_route=%2Fwp%2Fv2%2Ftags&post=17846"}],"curies":[{"name":"wp","href":"https:\/\/api.w.org\/{rel}","templated":true}]}}