{"id":17848,"date":"2026-03-01T09:59:44","date_gmt":"2026-03-01T09:59:44","guid":{"rendered":"https:\/\/dobrezrodla.com\/?p=17848"},"modified":"2026-03-01T09:59:45","modified_gmt":"2026-03-01T09:59:45","slug":"prezes-pis-podjal-decyzje-patryk-jaki-przed-komisja-etyki","status":"publish","type":"post","link":"https:\/\/dobrezrodla.com\/?p=17848","title":{"rendered":"Prezes PiS podj\u0105\u0142 decyzj\u0119. Patryk Jaki przed komisj\u0105 etyki"},"content":{"rendered":"\n<p>Publiczna awantura w PiS. Kaczy\u0144ski reaguje<br>W pi\u0105tek rzecznik PiS Rafa\u0142 Bochenek poinformowa\u0142, \u017ce Jaros\u0142aw Kaczy\u0144ski skierowa\u0142 do partyjnej komisji etyki sprawy Mateusza Morawieckiego, Ireneusza Zyski i Miros\u0142awy Stachowiak-R\u00f3\u017ceckiej. Powodem &#8211; jak przekazano &#8211; mia\u0142o by\u0107 naruszenie zakazu wszczynania dyskusji uznanych za szkodliwe dla partii. Politycy weszli w publiczny sp\u00f3r z Patrykiem Jakim.<\/p>\n\n\n\n<p>Dzie\u0144 p\u00f3\u017aniej okazuje si\u0119, \u017ce katalog &#8220;szkodliwych dyskusji&#8221; jest szerszy. W sobot\u0119 rzecznik PiS przekaza\u0142, \u017ce po analizie zgromadzonych materia\u0142\u00f3w Jaros\u0142aw Kaczy\u0144ski zdecydowa\u0142 o skierowaniu do komisji etyki r\u00f3wnie\u017c sprawy Patryka Jakiego.<\/p>\n\n\n\n<p>Morawiecki rozlicza Jakiego<br>Chodzi m.in. o czwartkow\u0105 wymian\u0119 wpis\u00f3w na platformie X mi\u0119dzy Mateuszem Morawieckim a Patrykiem Jakim, kt\u00f3r\u0105 opisywali\u015bmy na portalu. Iskr\u0105 zapaln\u0105 sta\u0142o si\u0119 nagranie opublikowane przez by\u0142ego polityka Suwerennej Polski ze spotkania ze studentami w Lublinie.<\/p>\n\n\n\n<p>Podczas dyskusji pad\u0142o pytanie o to, jak\u0105 gwarancj\u0119 mog\u0105 mie\u0107 wyborcy, \u017ce w przypadku ponownego zwyci\u0119stwa PiS &#8220;nie b\u0119d\u0105 brane kolejne po\u017cyczki typu SAFE, a rz\u0105d nie b\u0119dzie si\u0119 dalej uzale\u017cnia\u0142 od UE&#8221;. Jeden ze student\u00f3w stwierdzi\u0142 przy tym, \u017ce Jaki oraz politycy wcze\u015bniej zwi\u0105zani z Suwerenn\u0105 Polsk\u0105 maj\u0105 w tych sprawach &#8220;czyste sumienie&#8221;, zastrzeg\u0142 jednak, \u017ce nie oni stanowi\u0105 wi\u0119kszo\u015b\u0107 klubu parlamentarnego PiS.<\/p>\n\n\n\n<ul class=\"wp-block-list\">\n<li>Nie ukrywam, sam si\u0119 ba\u0142em jak nasza partia si\u0119 zachowa (w tych sprawach), ale teraz jestem podbudowany. Oczywi\u015bcie jest kilku pos\u0142\u00f3w u nas, kt\u00f3rzy zachowuj\u0105 si\u0119 inaczej &#8211; warto obserwowa\u0107 kt\u00f3rzy, oni si\u0119 nie ucz\u0105 i nie potrafi\u0105 wyci\u0105ga\u0107 wniosk\u00f3w. Natomiast teraz mog\u0119 powiedzie\u0107, \u017ce jestem z ca\u0142ej partii dumny, nie daj\u0105 si\u0119 szanta\u017cowa\u0107. (\u2026) To jest wreszcie taki PiS, jaki chcia\u0142em, \u017ceby by\u0142 &#8211; m\u00f3wi Jaki w nagraniu.<\/li>\n<\/ul>\n\n\n\n<p>Na wpis odpowiedzia\u0142 m.in. Mateusz Morawiecki. By\u0142y premier zarzuci\u0142 swoim partyjnym kolegom, \u017ce od d\u0142u\u017cszego czasu koncentruj\u0105 si\u0119 przede wszystkim na krytykowaniu &#8211; jak zaznaczy\u0142 &#8211; nie Donalda Tuska, lecz dorobku rz\u0105du PiS z lat 2015-2023, w kt\u00f3rym sami uczestniczyli. &#8220;To w\u0142a\u015bnie dlatego od wygranych wybor\u00f3w prezydenckich tak bardzo spada nam poparcie&#8221; &#8211; napisa\u0142. Oceni\u0142, \u017ce &#8220;\u0142atwo si\u0119 krytykuje z lo\u017cy recenzent\u00f3w-szyderc\u00f3w, nawet b\u0119d\u0105c w rz\u0105dzie &#8211; ci\u0119\u017cej wzi\u0105\u0107 za co\u015b odpowiedzialno\u015b\u0107, nawet je\u017celi czasem pope\u0142ni si\u0119 te\u017c b\u0142\u0119dy&#8221;.<\/p>\n\n\n\n<p>&#8220;Patryku, skoro obecnie jeste\u015b ekspertem i znasz remedium na ka\u017cdy problem, to powiedz: jak posz\u0142a sztandarowa reforma s\u0105downictwa? No i jak przys\u0142u\u017cy\u0142a si\u0119 Polsce Twoja ustawa o IPN? W naszej polityce wobec UE wszystkie istotne decyzje by\u0142y akceptowane przez kierownictwo polityczne PiS&#8221; &#8211; zaznaczy\u0142 Morawiecki.<\/p>\n\n\n\n<p>&#8220;Klasy Mateusza Morawieckiego jednak pan nie osi\u0105gnie&#8221;<br>W reakcji na s\u0142owa by\u0142ego premiera pose\u0142 Ireneusz Zyska napisa\u0142 na X, \u017ce Jakiemu &#8220;nie brakuje odwagi, ale to nie wystarczy, \u017ceby by\u0107 m\u0119\u017cem stanu&#8221;. &#8220;Dobrze, \u017ce bierze pan przyk\u0142ad z Mateusza Morawieckiego i spotyka si\u0119 ze studentami. Wskazana jest praca nad rozwojem osobistym. Klasy Mateusza Morawieckiego jednak pan nie osi\u0105gnie&#8221; &#8211; doda\u0142.<\/p>\n\n\n\n<p>Pos\u0142anka Miros\u0142awa Stachowiak-R\u00f3\u017cecka podkre\u015bli\u0142a na X, \u017ce &#8220;koledzy z Suwerennej Polski zostali przyj\u0119ci do PiS nie by nas zmienia\u0107 lecz, by z wsp\u00f3lnych do\u015bwiadcze\u0144 wyci\u0105gn\u0105\u0107 wnioski i wsp\u00f3\u0142pracowa\u0107&#8221;. &#8220;Czy naprawd\u0119 warto, dla dobrego samopoczucia jednego z waszych koleg\u00f3w dezawuowa\u0107 dorobek kilku lat dobrego rz\u0105du? R\u00f3\u017cnili\u015bmy si\u0119 z Suwerenn\u0105 w r\u00f3\u017cnych sprawach, ale jako\u015b przez kilka lat tworzyli\u015bmy wsp\u00f3lny rz\u0105d &#8211; dali\u015bmy rad\u0119&#8221; &#8211; doda\u0142a.<\/p>\n\n\n\n<p>PiS k\u0142\u00f3ci si\u0119 od miesi\u0119cy. Prezes grozi zawieszeniami<br>Od ko\u0144ca listopada ubieg\u0142ego roku mi\u0119dzy politykami PiS dochodzi do wielu obszernych wymian zda\u0144 w mediach i na platformach spo\u0142eczno\u015bciowych, w kt\u00f3rych brali udzia\u0142 cz\u0142onkowie ka\u017cdej z frakcji PiS, krytykuj\u0105c siebie nawzajem.<\/p>\n\n\n\n<p>W po\u0142owie lutego prezes PiS Jaros\u0142aw Kaczy\u0144ski przekaza\u0142, \u017ce od tego momentu &#8220;ka\u017cdy, kto zabierze g\u0142os w szkodliwej dyskusji, niezale\u017cnie od zas\u0142ug i pozycji, zostanie zawieszony w prawach cz\u0142onka PiS, co b\u0119dzie mia\u0142o oczywisty wp\u0142yw tak\u017ce na jego polityczn\u0105 przysz\u0142o\u015b\u0107&#8221;. Doda\u0142, \u017ce takie zachowania &#8220;skrajnie szkodz\u0105 Polsce i PiS&#8221;.<\/p>\n\n\n\n<p>Rzecznik PiS Rafa\u0142 Bochenek doprecyzowa\u0142 dla PAP, \u017ce w\u00f3wczas chodzi\u0142o o wymian\u0119 zda\u0144 mi\u0119dzy b. wicemarsza\u0142kiem Sejmu Ryszardem Terleckim a pos\u0142em PiS Sebastianem Kalet\u0105, kt\u00f3ra wywo\u0142a\u0142a na social mediach szerok\u0105 dyskusj\u0119 z zaanga\u017cowaniem wielu innych polityk\u00f3w PiS.<\/p>\n","protected":false},"excerpt":{"rendered":"<p>Publiczna awantura w PiS. Kaczy\u0144ski reagujeW pi\u0105tek rzecznik PiS Rafa\u0142 Bochenek poinformowa\u0142, \u017ce Jaros\u0142aw Kaczy\u0144ski skierowa\u0142 do partyjnej komisji etyki sprawy Mateusza Morawieckiego, Ireneusza Zyski i Miros\u0142awy Stachowiak-R\u00f3\u017ceckiej. Powodem &#8211; jak przekazano &#8211; mia\u0142o by\u0107 naruszenie zakazu wszczynania dyskusji uznanych za szkodliwe dla partii. Politycy weszli w publiczny sp\u00f3r z Patrykiem Jakim. Dzie\u0144 p\u00f3\u017aniej okazuje &#8230; <a title=\"Prezes PiS podj\u0105\u0142 decyzj\u0119. Patryk Jaki przed komisj\u0105 etyki\" class=\"read-more\" href=\"https:\/\/dobrezrodla.com\/?p=17848\" aria-label=\"Read more about Prezes PiS podj\u0105\u0142 decyzj\u0119. Patryk Jaki przed komisj\u0105 etyki\">Read more<\/a><\/p>\n","protected":false},"author":1,"featured_media":0,"comment_status":"open","ping_status":"open","sticky":false,"template":"","format":"standard","meta":{"footnotes":""},"categories":[1],"tags":[],"class_list":["post-17848","post","type-post","status-publish","format-standard","hentry","category-uncategorized"],"_links":{"self":[{"href":"https:\/\/dobrezrodla.com\/index.php?rest_route=\/wp\/v2\/posts\/17848","targetHints":{"allow":["GET"]}}],"collection":[{"href":"https:\/\/dobrezrodla.com\/index.php?rest_route=\/wp\/v2\/posts"}],"about":[{"href":"https:\/\/dobrezrodla.com\/index.php?rest_route=\/wp\/v2\/types\/post"}],"author":[{"embeddable":true,"href":"https:\/\/dobrezrodla.com\/index.php?rest_route=\/wp\/v2\/users\/1"}],"replies":[{"embeddable":true,"href":"https:\/\/dobrezrodla.com\/index.php?rest_route=%2Fwp%2Fv2%2Fcomments&post=17848"}],"version-history":[{"count":1,"href":"https:\/\/dobrezrodla.com\/index.php?rest_route=\/wp\/v2\/posts\/17848\/revisions"}],"predecessor-version":[{"id":17849,"href":"https:\/\/dobrezrodla.com\/index.php?rest_route=\/wp\/v2\/posts\/17848\/revisions\/17849"}],"wp:attachment":[{"href":"https:\/\/dobrezrodla.com\/index.php?rest_route=%2Fwp%2Fv2%2Fmedia&parent=17848"}],"wp:term":[{"taxonomy":"category","embeddable":true,"href":"https:\/\/dobrezrodla.com\/index.php?rest_route=%2Fwp%2Fv2%2Fcategories&post=17848"},{"taxonomy":"post_tag","embeddable":true,"href":"https:\/\/dobrezrodla.com\/index.php?rest_route=%2Fwp%2Fv2%2Ftags&post=17848"}],"curies":[{"name":"wp","href":"https:\/\/api.w.org\/{rel}","templated":true}]}}