{"id":17850,"date":"2026-03-01T10:00:17","date_gmt":"2026-03-01T10:00:17","guid":{"rendered":"https:\/\/dobrezrodla.com\/?p=17850"},"modified":"2026-03-01T10:00:18","modified_gmt":"2026-03-01T10:00:18","slug":"nawrocki-zabral-glos-po-ataku-na-iran-mielismy-swiadomosc-podjecia-dzialan-2","status":"publish","type":"post","link":"https:\/\/dobrezrodla.com\/?p=17850","title":{"rendered":"Nawrocki zabra\u0142 g\u0142os po ataku na Iran. &#8220;Mieli\u015bmy \u015bwiadomo\u015b\u0107 podj\u0119cia dzia\u0142a\u0144&#8221;"},"content":{"rendered":"\n<p>&#8220;Jestem na bie\u017c\u0105co informowany o dzisiejszych atakach na cele w Iranie. Dzi\u0119ki utrzymywanym kana\u0142om sojuszniczym i koalicyjnym, mieli\u015bmy \u015bwiadomo\u015b\u0107 podj\u0119cia dzia\u0142a\u0144 militarnych przez Izrael i USA&#8221; &#8211; napisa\u0142 w mediach spo\u0142eczno\u015bciowych prezydent Karol Nawrocki.<\/p>\n\n\n\n<p><br>Prezydent Karol Nawrocki. Foto: Marysia Zawada\/East News<br>Nawrocki zabra\u0142 g\u0142os po ataku na Iran<\/p>\n\n\n\n<p><br>Prezydent doda\u0142, \u017ce priorytetem w tym momencie jest zapewnienie bezpiecze\u0144stwa ka\u017cdemu Polakowi, przebywaj\u0105cemu na Bliskim Wschodzie, m.in. \u017co\u0142nierzom z polskich kontyngent\u00f3w wojskowych i dyplomatom. &#8220;Pozostaj\u0119 w sta\u0142ej \u0142\u0105czno\u015bci z sojusznikami z NATO i instytucjami pa\u0144stwa&#8221; &#8211; o\u015bwiadczy\u0142.<\/p>\n\n\n\n<p>Tusk: nasi obywatele s\u0105 bezpieczni<br>Z kolei premier Donald Tusk zapewni\u0142, \u017ce polscy obywatele, w tym personel polskiej ambasady w Teheranie, s\u0105 bezpieczni. Szef rz\u0105du poinformowa\u0142, \u017ce odebra\u0142 meldunki MON i MSZ w zwi\u0105zku z atakiem Izraela i USA na Iran.<\/p>\n\n\n\n<p>&#8220;Jeste\u015bmy przygotowani na r\u00f3\u017cne scenariusze. Jedno\u015b\u0107 Polak\u00f3w w kwestii bezpiecze\u0144stwa jest dzi\u015b szczeg\u00f3lnie wa\u017cna&#8221; &#8211; napisa\u0142 w mediach spo\u0142eczno\u015bciowych.<\/p>\n\n\n\n<p>\u0179r\u00f3d\u0142o: Reuters<\/p>\n\n\n\n<p>MSZ: Polacy powinni opu\u015bci\u0107 Iran i Liban<br>Ministerstwo Spraw Zagranicznych apeluje do obywateli Polski przebywaj\u0105cych w Iranie o jego opuszczenie &#8211; przekaza\u0142 rzecznik MSZ Maciej Wewi\u00f3r. Resort rekomenduje r\u00f3wnie\u017c wyjazd z Libanu oraz unikanie podr\u00f3\u017cy do ca\u0142ego regionu. W przypadku dalszego pogorszenia sytuacji nale\u017cy liczy\u0107 si\u0119 z mo\u017cliwymi zak\u0142\u00f3ceniami m.in. w ruchu lotniczym.<\/p>\n","protected":false},"excerpt":{"rendered":"<p>&#8220;Jestem na bie\u017c\u0105co informowany o dzisiejszych atakach na cele w Iranie. Dzi\u0119ki utrzymywanym kana\u0142om sojuszniczym i koalicyjnym, mieli\u015bmy \u015bwiadomo\u015b\u0107 podj\u0119cia dzia\u0142a\u0144 militarnych przez Izrael i USA&#8221; &#8211; napisa\u0142 w mediach spo\u0142eczno\u015bciowych prezydent Karol Nawrocki. Prezydent Karol Nawrocki. Foto: Marysia Zawada\/East NewsNawrocki zabra\u0142 g\u0142os po ataku na Iran Prezydent doda\u0142, \u017ce priorytetem w tym momencie jest &#8230; <a title=\"Nawrocki zabra\u0142 g\u0142os po ataku na Iran. &#8220;Mieli\u015bmy \u015bwiadomo\u015b\u0107 podj\u0119cia dzia\u0142a\u0144&#8221;\" class=\"read-more\" href=\"https:\/\/dobrezrodla.com\/?p=17850\" aria-label=\"Read more about Nawrocki zabra\u0142 g\u0142os po ataku na Iran. &#8220;Mieli\u015bmy \u015bwiadomo\u015b\u0107 podj\u0119cia dzia\u0142a\u0144&#8221;\">Read more<\/a><\/p>\n","protected":false},"author":1,"featured_media":0,"comment_status":"open","ping_status":"open","sticky":false,"template":"","format":"standard","meta":{"footnotes":""},"categories":[1],"tags":[],"class_list":["post-17850","post","type-post","status-publish","format-standard","hentry","category-uncategorized"],"_links":{"self":[{"href":"https:\/\/dobrezrodla.com\/index.php?rest_route=\/wp\/v2\/posts\/17850","targetHints":{"allow":["GET"]}}],"collection":[{"href":"https:\/\/dobrezrodla.com\/index.php?rest_route=\/wp\/v2\/posts"}],"about":[{"href":"https:\/\/dobrezrodla.com\/index.php?rest_route=\/wp\/v2\/types\/post"}],"author":[{"embeddable":true,"href":"https:\/\/dobrezrodla.com\/index.php?rest_route=\/wp\/v2\/users\/1"}],"replies":[{"embeddable":true,"href":"https:\/\/dobrezrodla.com\/index.php?rest_route=%2Fwp%2Fv2%2Fcomments&post=17850"}],"version-history":[{"count":1,"href":"https:\/\/dobrezrodla.com\/index.php?rest_route=\/wp\/v2\/posts\/17850\/revisions"}],"predecessor-version":[{"id":17851,"href":"https:\/\/dobrezrodla.com\/index.php?rest_route=\/wp\/v2\/posts\/17850\/revisions\/17851"}],"wp:attachment":[{"href":"https:\/\/dobrezrodla.com\/index.php?rest_route=%2Fwp%2Fv2%2Fmedia&parent=17850"}],"wp:term":[{"taxonomy":"category","embeddable":true,"href":"https:\/\/dobrezrodla.com\/index.php?rest_route=%2Fwp%2Fv2%2Fcategories&post=17850"},{"taxonomy":"post_tag","embeddable":true,"href":"https:\/\/dobrezrodla.com\/index.php?rest_route=%2Fwp%2Fv2%2Ftags&post=17850"}],"curies":[{"name":"wp","href":"https:\/\/api.w.org\/{rel}","templated":true}]}}