{"id":1786,"date":"2025-07-20T10:40:56","date_gmt":"2025-07-20T10:40:56","guid":{"rendered":"https:\/\/dobrezrodla.com\/?p=1786"},"modified":"2025-07-20T10:40:56","modified_gmt":"2025-07-20T10:40:56","slug":"panica-a-trecut-sotia-lui-cabral-andreea-ibacka-prima-aparitie-dupa-accident","status":"publish","type":"post","link":"https:\/\/dobrezrodla.com\/?p=1786","title":{"rendered":"Panica a trecut So\u021bia lui Cabral Andreea Ibacka prima apari\u021bie dup\u0103 accident"},"content":{"rendered":"<p>Andreea Ibacka, primele declara\u021bii dup\u0103 accidentul de motociclet\u0103: \u201eSunt norocoas\u0103, sunt bine\u201d. Ce s-a \u00eent\u00e2mplat cu so\u021bia lui Cabral<\/p>\n<p>Ziua de ieri a fost una plin\u0103 de emo\u021bii \u0219i \u00eengrijorare pentru fanii cuplului Cabral\u2013Andreea Ibacka. Cei doi au fost implica\u021bi \u00eentr-un accident de motociclet\u0103 \u00een centrul Capitalei, dup\u0103 ce un b\u0103rbat \u00een v\u00e2rst\u0103 de 71 de ani a intrat \u00een ei. \u00cen urma impactului, actri\u021ba a fost r\u0103nit\u0103 \u0219i a fost transportat\u0103 de urgen\u021b\u0103 la Spitalul Floreasca. Ast\u0103zi, Andreea a oferit primele declara\u021bii publice \u0219i a postat o fotografie pe re\u021belele sociale, lini\u0219tindu-\u0219i admiratorii \u0219i prietenii.<\/p>\n<p>O fractur\u0103 \u0219i zece zile cu bra\u021bul \u00een ghips: \u201eRecuperarea va fi complet\u0103\u201d<\/p>\n<p>\u00cen imaginea publicat\u0103 pe Instagram, Andreea apare cu bra\u021bul st\u00e2ng imobilizat \u00eentr-un ghips alb, \u00eens\u0103 z\u00e2mbetul s\u0103u r\u0103m\u00e2ne cald \u0219i optimist. Vedeta le-a mul\u021bumit tuturor celor care s-au interesat de starea sa de s\u0103n\u0103tate \u0219i a transmis un mesaj plin de recuno\u0219tin\u021b\u0103:<\/p>\n<p>\u201eMul\u021bumesc din suflet pentru toate g\u00e2ndurile voastre bune transmise \u00een urma accidentului de motor. Sunt norocoas\u0103, sunt bine. Recunosc\u0103toare personalului de pe ambulan\u021ba Bucure\u0219ti \u0219i din Spitalul Floreasca. De c\u00e2teva minute am ajuns acas\u0103, pe picioarele mele. R\u0103m\u00e2n cu frumuse\u021bea asta de ghips pentru zece zile. Am o fractur\u0103 de cot, f\u0103r\u0103 deplasare, a\u0219a c\u0103 recuperarea va fi complet\u0103. Cabral este bine \u0219i el, v\u0103 \u00eembr\u0103\u021bi\u0219\u0103m am\u00e2ndoi.\u201d<\/p>\n<p>Din fericire, accidentul nu a avut urm\u0103ri grave, iar starea de s\u0103n\u0103tate a celor doi este stabil\u0103. Cabral a sc\u0103pat f\u0103r\u0103 r\u0103ni semnificative, iar Andreea a fost deja externat\u0103, fiind vizitat\u0103 la spital \u0219i de buna ei prieten\u0103, Majda Aboulumosha, care i-a fost al\u0103turi p\u00e2n\u0103 \u00een ultimele momente ale intern\u0103rii.<\/p>\n<p>O poveste de iubire care dureaz\u0103 de aproape dou\u0103 decenii<\/p>\n<p>Cabral \u0219i Andreea Ibacka formeaz\u0103 unul dintre cele mai longevive \u0219i \u00eendr\u0103gite cupluri din showbiz-ul rom\u00e2nesc. Cei doi s-au cunoscut \u00een urm\u0103 cu 18 ani, pe platourile de filmare, iar \u00een 2011 \u0219i-au unit destinele \u00een fa\u021ba altarului. De atunci, rela\u021bia lor a evoluat frumos \u0219i armonios, fiind binecuv\u00e2nta\u021bi cu doi copii: o feti\u021b\u0103, Namiko, \u0219i un b\u0103ie\u021bel, Tiago.<\/p>\n<p>De\u0219i ast\u0103zi sunt inseparabili, Andreea a povestit c\u0103 \u00eenceputul rela\u021biei nu a fost unul clasic. Nu a fost dragoste la prima vedere, iar la \u00eenceput, nu era deloc interesat\u0103 de Cabral. Totu\u0219i, timpul petrecut \u00eempreun\u0103 pe platourile de filmare a transformat treptat o simpl\u0103 colegialitate \u00eentr-o poveste de iubire autentic\u0103. Actri\u021ba m\u0103rturise\u0219te ast\u0103zi c\u0103 este convins\u0103 c\u0103 destinul i-a adus \u00eempreun\u0103 \u0219i c\u0103 leg\u0103tura lor este una profund\u0103 \u0219i predestinat\u0103.<\/p>\n<p>Un accident care le-a testat for\u021ba, dar nu le-a diminuat z\u00e2mbetul<\/p>\n<p>Incidentul de ieri a fost, f\u0103r\u0103 \u00eendoial\u0103, un moment de cump\u0103n\u0103 pentru familia Ibacka, \u00eens\u0103 reac\u021bia Andreei a ar\u0103tat, \u00eenc\u0103 o dat\u0103, c\u00e2t de puternic\u0103 este. Optimismul, recuno\u0219tin\u021ba \u0219i calmul cu care a abordat situa\u021bia au inspirat mii de urm\u0103ritori. Fanii \u0219i colegii din breasl\u0103 s-au mobilizat rapid cu mesaje de sus\u021binere, iar valul de solidaritate online a fost impresionant.<\/p>\n","protected":false},"excerpt":{"rendered":"<p>Andreea Ibacka, primele declara\u021bii dup\u0103 accidentul de motociclet\u0103: \u201eSunt norocoas\u0103, sunt bine\u201d. Ce s-a \u00eent\u00e2mplat cu so\u021bia lui Cabral Ziua de ieri a fost una plin\u0103 de emo\u021bii \u0219i \u00eengrijorare pentru fanii cuplului Cabral\u2013Andreea Ibacka. Cei doi au fost implica\u021bi \u00eentr-un accident de motociclet\u0103 \u00een centrul Capitalei, dup\u0103 ce un b\u0103rbat \u00een v\u00e2rst\u0103 de 71 &#8230; <a title=\"Panica a trecut So\u021bia lui Cabral Andreea Ibacka prima apari\u021bie dup\u0103 accident\" class=\"read-more\" href=\"https:\/\/dobrezrodla.com\/?p=1786\" aria-label=\"Read more about Panica a trecut So\u021bia lui Cabral Andreea Ibacka prima apari\u021bie dup\u0103 accident\">Read more<\/a><\/p>\n","protected":false},"author":1,"featured_media":1785,"comment_status":"closed","ping_status":"open","sticky":false,"template":"","format":"standard","meta":{"footnotes":""},"categories":[1],"tags":[],"class_list":["post-1786","post","type-post","status-publish","format-standard","has-post-thumbnail","hentry","category-uncategorized"],"_links":{"self":[{"href":"https:\/\/dobrezrodla.com\/index.php?rest_route=\/wp\/v2\/posts\/1786","targetHints":{"allow":["GET"]}}],"collection":[{"href":"https:\/\/dobrezrodla.com\/index.php?rest_route=\/wp\/v2\/posts"}],"about":[{"href":"https:\/\/dobrezrodla.com\/index.php?rest_route=\/wp\/v2\/types\/post"}],"author":[{"embeddable":true,"href":"https:\/\/dobrezrodla.com\/index.php?rest_route=\/wp\/v2\/users\/1"}],"replies":[{"embeddable":true,"href":"https:\/\/dobrezrodla.com\/index.php?rest_route=%2Fwp%2Fv2%2Fcomments&post=1786"}],"version-history":[{"count":1,"href":"https:\/\/dobrezrodla.com\/index.php?rest_route=\/wp\/v2\/posts\/1786\/revisions"}],"predecessor-version":[{"id":1787,"href":"https:\/\/dobrezrodla.com\/index.php?rest_route=\/wp\/v2\/posts\/1786\/revisions\/1787"}],"wp:featuredmedia":[{"embeddable":true,"href":"https:\/\/dobrezrodla.com\/index.php?rest_route=\/wp\/v2\/media\/1785"}],"wp:attachment":[{"href":"https:\/\/dobrezrodla.com\/index.php?rest_route=%2Fwp%2Fv2%2Fmedia&parent=1786"}],"wp:term":[{"taxonomy":"category","embeddable":true,"href":"https:\/\/dobrezrodla.com\/index.php?rest_route=%2Fwp%2Fv2%2Fcategories&post=1786"},{"taxonomy":"post_tag","embeddable":true,"href":"https:\/\/dobrezrodla.com\/index.php?rest_route=%2Fwp%2Fv2%2Ftags&post=1786"}],"curies":[{"name":"wp","href":"https:\/\/api.w.org\/{rel}","templated":true}]}}