{"id":17864,"date":"2026-03-01T10:09:34","date_gmt":"2026-03-01T10:09:34","guid":{"rendered":"https:\/\/dobrezrodla.com\/?p=17864"},"modified":"2026-03-01T10:09:34","modified_gmt":"2026-03-01T10:09:34","slug":"jest-reakcja-karola-nawrockiego-na-atak-usa-na-iran-jestem-w-stalej-lacznosci-z-nato","status":"publish","type":"post","link":"https:\/\/dobrezrodla.com\/?p=17864","title":{"rendered":"Jest reakcja Karola Nawrockiego na atak USA na Iran. &#8220;Jestem w sta\u0142ej \u0142\u0105czno\u015bci z NATO&#8221;"},"content":{"rendered":"\n<p>Prezydent Karol Nawrocki tu\u017c po ataku USA na Iran oficjalnie potwierdzi\u0142, \u017ce polskie w\u0142adze wiedzia\u0142y z wyprzedzeniem o uderzeniu si\u0142 Izraela i Stan\u00f3w Zjednoczonych na cele w Iranie. Atak odby\u0142 si\u0119 w sobot\u0119 rano i ma charakter prewencyjny. Warto podkre\u015bli\u0107, \u017ce Polska monitoruje sytuacj\u0119 w sta\u0142ym kontakcie z sojusznikami z NATO. Wpis prezydenta obi\u0142 si\u0119 w kraju szerokim echem.<\/p>\n\n\n\n<p>Polska dzi\u0119ki kana\u0142om sojuszniczym i koalicyjnym posiada\u0142a pe\u0142n\u0105 wiedz\u0119 o planowanych dzia\u0142aniach militarnych Izraela i USA<br>Premier Donald Tusk o\u015bwiadczy\u0142, \u017ce obywatele polscy, w tym personel ambasady w Teheranie, s\u0105 obecnie bezpieczni<br>Priorytetem pozostaje zapewnienie bezpiecze\u0144stwa wszystkim Polakom na Bliskim Wschodzie, w tym dyplomatom i \u017co\u0142nierzom kontyngent\u00f3w<br>Reakcja prezydenta Karola Nawrockiego tu\u017c po ataku USA na Iran<br>Prezydent Karol Nawrocki zamie\u015bci\u0142 o\u015bwiadczenie w mediach spo\u0142eczno\u015bciowych kr\u00f3tko po pierwszych doniesieniach o uderzeniach.<\/p>\n\n\n\n<ul class=\"wp-block-list\">\n<li>Jestem na bie\u017c\u0105co informowany o dzisiejszych atakach na cele w Iranie \u2013 napisa\u0142.<\/li>\n<\/ul>\n\n\n\n<p>Podkre\u015bli\u0142, \u017ce polskie s\u0142u\u017cby dysponowa\u0142y informacjami dzi\u0119ki utrzymywanym kana\u0142om sojuszniczym i koalicyjnym.<\/p>\n\n\n\n<p>G\u0142owa pa\u0144stwa wskaza\u0142a jasno, co jest teraz najwa\u017cniejsze.<\/p>\n\n\n\n<ul class=\"wp-block-list\">\n<li>Obecnie priorytetem jest zapewnienie bezpiecze\u0144stwa wszystkim Polakom w rejonie Bliskiego Wschodu, w tym dyplomatom i \u017co\u0142nierzom naszych kontyngent\u00f3w wojskowych\u201d \u2013 zaznaczy\u0142 Karol Nawrocki.<\/li>\n<\/ul>\n\n\n\n<p>Doda\u0142, \u017ce pozostaje w sta\u0142ej \u0142\u0105czno\u015bci z sojusznikami z NATO oraz instytucjami pa\u0144stwa. Wpis prezydenta pokazuje, \u017ce Warszawa \u015bledzi rozw\u00f3j wydarze\u0144 w czasie rzeczywistym. Sytuacja jest na bie\u017c\u0105co analizowana przez Ministerstwo Obrony Narodowej i Ministerstwo Spraw Zagranicznych.<\/p>\n\n\n\n<p>Jestem na bie\u017c\u0105co informowany o dzisiejszych atakach na cele w Iranie. Dzi\u0119ki utrzymywanym kana\u0142om sojuszniczym i koalicyjnym, mieli\u015bmy \u015bwiadomo\u015b\u0107 podj\u0119cia dzia\u0142a\u0144 militarnych przez Izrael i USA.<\/p>\n\n\n\n<p>Obecnie priorytetem jest zapewnienie bezpiecze\u0144stwa wszystkim Polakom w rejonie\u2026<\/p>\n\n\n\n<p>\u2014 Karol Nawrocki (@NawrockiKn) February 28, 2026<br>Przebieg ataku Izraela i USA<br>Minister obrony Izraela Israel Katz potwierdzi\u0142 rozpocz\u0119cie operacji.<\/p>\n\n\n\n<ul class=\"wp-block-list\">\n<li>Pa\u0144stwo Izrael rozpocz\u0119\u0142o prewencyjny atak na Iran, aby usun\u0105\u0107 zagro\u017cenia dla Pa\u0144stwa Izrael \u2013 o\u015bwiadczy\u0142 w sobot\u0119 rano.<\/li>\n<\/ul>\n\n\n\n<p>Do uderze\u0144 do\u0142\u0105czy\u0142y si\u0142y ameryka\u0144skie. Prezydent Donald Trump poinformowa\u0142 o \u201edu\u017cej operacji bojowej\u201d armii USA. Celem jest, wed\u0142ug jego s\u0142\u00f3w, obrona narodu ameryka\u0144skiego poprzez eliminacj\u0119 zagro\u017ce\u0144 ze strony ira\u0144skiego re\u017cimu. W Teheranie s\u0142ycha\u0107 eksplozje, nad miastem unosz\u0105 si\u0119 s\u0142upy dymu. Ira\u0144skie media podaj\u0105, \u017ce najwy\u017cszy przyw\u00f3dca ajatollah Ali Chamenei zosta\u0142 ewakuowany w bezpieczne miejsce.<\/p>\n\n\n\n<p>Atak skierowano przede wszystkim przeciwko obiektom zwi\u0105zanym z programem nuklearnym i rakietowym Iranu. W Izraelu wprowadzono stan podwy\u017cszonej gotowo\u015bci \u2013 zamkni\u0119to szko\u0142y, ograniczono ruch i nakazano pozostanie w schronach.<\/p>\n\n\n\n<p>Stanowisko premiera Donalda Tuska<br>Premier Donald Tusk odebra\u0142 meldunki od ministra obrony i szefa dyplomacji.<\/p>\n\n\n\n<ul class=\"wp-block-list\">\n<li>W tej chwili nasi obywatele, w tym personel polskiej ambasady w Teheranie, s\u0105 bezpieczni, ale jeste\u015bmy przygotowani na r\u00f3\u017cne scenariusze \u2013 napisa\u0142 na platformie X.<\/li>\n<\/ul>\n\n\n\n<p>Szef rz\u0105du zaapelowa\u0142 o jedno\u015b\u0107.<\/p>\n\n\n\n<ul class=\"wp-block-list\">\n<li>Jedno\u015b\u0107 Polak\u00f3w w kwestii bezpiecze\u0144stwa jest dzi\u015b szczeg\u00f3lnie wa\u017cna \u2013 podkre\u015bli\u0142 Donald Tusk.<\/li>\n<\/ul>\n\n\n\n<p>Polska ambasada w Teheranie pracuje normalnie, a obywatele przebywaj\u0105cy w regionie otrzymuj\u0105 zalecenia bezpiecze\u0144stwa. Rz\u0105d utrzymuje sta\u0142y kontakt z sojusznikami. Nie planuje na razie ewakuacji, ale wszystkie scenariusze s\u0105 brane pod uwag\u0119. S\u0142u\u017cby konsularne monitoruj\u0105 sytuacj\u0119 24 godziny na dob\u0119.<\/p>\n\n\n\n<p>T\u0142o konfliktu i ira\u0144skie zagro\u017cenie<br>Konflikt wynika z wieloletnich napi\u0119\u0107 wok\u00f3\u0142 ira\u0144skiego programu nuklearnego oraz rozwoju rakiet balistycznych. Iran wspiera te\u017c grupy zbrojne takie jak Hezbollah, Hamas i Huti, co pog\u0142\u0119bia niestabilno\u015b\u0107 w ca\u0142ym regionie.<\/p>\n\n\n\n<p>USA i Izrael domagaj\u0105 si\u0119 wstrzymania wzbogacania uranu oraz zaprzestania dostaw broni dla sojusznik\u00f3w Teheranu. Rozmowy dyplomatyczne prowadzone w ostatnich miesi\u0105cach nie przynios\u0142y pe\u0142nego porozumienia. Atak prewencyjny ma, wed\u0142ug stron atakuj\u0105cych, zapobiec dalszej eskalacji zagro\u017cenia.<\/p>\n\n\n\n<p>Iran zapowiada \u201emia\u017cd\u017c\u0105cy\u201d odwet. Ira\u0144ski urz\u0119dnik przekaza\u0142 Reutersowi, \u017ce Teheran przygotowuje si\u0119 do silnej odpowiedzi. W kierunku Izraela lec\u0105 ju\u017c pociski, co potwierdzi\u0142y izraelskie s\u0142u\u017cby. Sytuacja pozostaje dynamiczna i mo\u017ce ulec zmianie w najbli\u017cszych godzinach.<\/p>\n","protected":false},"excerpt":{"rendered":"<p>Prezydent Karol Nawrocki tu\u017c po ataku USA na Iran oficjalnie potwierdzi\u0142, \u017ce polskie w\u0142adze wiedzia\u0142y z wyprzedzeniem o uderzeniu si\u0142 Izraela i Stan\u00f3w Zjednoczonych na cele w Iranie. Atak odby\u0142 si\u0119 w sobot\u0119 rano i ma charakter prewencyjny. Warto podkre\u015bli\u0107, \u017ce Polska monitoruje sytuacj\u0119 w sta\u0142ym kontakcie z sojusznikami z NATO. Wpis prezydenta obi\u0142 si\u0119 &#8230; <a title=\"Jest reakcja Karola Nawrockiego na atak USA na Iran. &#8220;Jestem w sta\u0142ej \u0142\u0105czno\u015bci z NATO&#8221;\" class=\"read-more\" href=\"https:\/\/dobrezrodla.com\/?p=17864\" aria-label=\"Read more about Jest reakcja Karola Nawrockiego na atak USA na Iran. &#8220;Jestem w sta\u0142ej \u0142\u0105czno\u015bci z NATO&#8221;\">Read more<\/a><\/p>\n","protected":false},"author":1,"featured_media":0,"comment_status":"open","ping_status":"open","sticky":false,"template":"","format":"standard","meta":{"footnotes":""},"categories":[1],"tags":[],"class_list":["post-17864","post","type-post","status-publish","format-standard","hentry","category-uncategorized"],"_links":{"self":[{"href":"https:\/\/dobrezrodla.com\/index.php?rest_route=\/wp\/v2\/posts\/17864","targetHints":{"allow":["GET"]}}],"collection":[{"href":"https:\/\/dobrezrodla.com\/index.php?rest_route=\/wp\/v2\/posts"}],"about":[{"href":"https:\/\/dobrezrodla.com\/index.php?rest_route=\/wp\/v2\/types\/post"}],"author":[{"embeddable":true,"href":"https:\/\/dobrezrodla.com\/index.php?rest_route=\/wp\/v2\/users\/1"}],"replies":[{"embeddable":true,"href":"https:\/\/dobrezrodla.com\/index.php?rest_route=%2Fwp%2Fv2%2Fcomments&post=17864"}],"version-history":[{"count":1,"href":"https:\/\/dobrezrodla.com\/index.php?rest_route=\/wp\/v2\/posts\/17864\/revisions"}],"predecessor-version":[{"id":17865,"href":"https:\/\/dobrezrodla.com\/index.php?rest_route=\/wp\/v2\/posts\/17864\/revisions\/17865"}],"wp:attachment":[{"href":"https:\/\/dobrezrodla.com\/index.php?rest_route=%2Fwp%2Fv2%2Fmedia&parent=17864"}],"wp:term":[{"taxonomy":"category","embeddable":true,"href":"https:\/\/dobrezrodla.com\/index.php?rest_route=%2Fwp%2Fv2%2Fcategories&post=17864"},{"taxonomy":"post_tag","embeddable":true,"href":"https:\/\/dobrezrodla.com\/index.php?rest_route=%2Fwp%2Fv2%2Ftags&post=17864"}],"curies":[{"name":"wp","href":"https:\/\/api.w.org\/{rel}","templated":true}]}}