{"id":1795,"date":"2025-07-20T12:48:31","date_gmt":"2025-07-20T12:48:31","guid":{"rendered":"https:\/\/dobrezrodla.com\/?p=1795"},"modified":"2025-07-20T12:48:31","modified_gmt":"2025-07-20T12:48:31","slug":"nicusor-dan-ar-putea-deveni-vecin-cu-premierul-ilie-bolojan-spp-pregateste-o-resedinta-in-zona-gogol-pentru-presedinte-vezi-in-comentarii","status":"publish","type":"post","link":"https:\/\/dobrezrodla.com\/?p=1795","title":{"rendered":"Nicu\u0219or Dan ar putea deveni vecin cu premierul Ilie Bolojan. SPP preg\u0103te\u0219te o re\u0219edin\u021b\u0103 \u00een zona Gogol pentru pre\u0219edinte.vezi in comentarii"},"content":{"rendered":"<p>Pre\u0219edintele Rom\u00e2niei, Nicu\u0219or Dan, ar putea avea, \u00een cur\u00e2nd, o nou\u0103 adres\u0103 oficial\u0103 \u2014 \u00eentr-o zon\u0103 reziden\u021bial\u0103 de elit\u0103 a Capitalei. Potrivit unor surse apropiate Administra\u021biei Preziden\u021biale, Serviciul de Protec\u021bie \u0219i Paz\u0103 (SPP) a pus la dispozi\u021bia \u0219efului statului o vil\u0103 situat\u0103 pe strada Nikolai Gogol, re\u0219edin\u021b\u0103 ce are deja un istoric administrativ semnificativ.<\/p>\n<p>Imobilul a fost anterior ocupat de fo\u0219ti premieri, printre care Viorica D\u0103ncil\u0103 \u0219i Florin C\u00ee\u021bu, \u00een perioada \u00een care ace\u0219tia s-au aflat la conducerea Guvernului. Sursele sus\u021bin c\u0103 re\u0219edin\u021ba este securizat\u0103 \u0219i preg\u0103tit\u0103 logistic, \u00een eventualitatea \u00een care Nicu\u0219or Dan ar decide s\u0103 se mute.<\/p>\n<p>\u00cen prezent, pre\u0219edintele locuie\u0219te \u00eentr-o cas\u0103 \u00eenchiriat\u0103 \u00een Sectorul 5, al\u0103turi de so\u021bia \u0219i fiica sa. De\u0219i \u0219i-a exprimat \u00een mai multe r\u00e2nduri dorin\u021ba de a r\u0103m\u00e2ne \u00een actualul c\u0103min pe durata mandatului, a recunoscut c\u0103 ar putea ap\u0103rea dificult\u0103\u021bi legate de securitate \u0219i logistic\u0103.<\/p>\n<p>\u201eMi-a\u0219 dori s\u0103 r\u0103m\u00e2n \u00een casa \u00een care locuim acum, dar din punctul de vedere al securit\u0103\u021bii poate deveni foarte complicat\u201d, declara recent Nicu\u0219or Dan, \u00een contextul discu\u021biilor privind mutarea.<\/p>\n<p>Premierul Ilie Bolojan ar urma s\u0103 se mute \u00een vila fostului pre\u0219edinte B\u0103sescuTot \u00een zona str\u0103zii Gogol, o alt\u0103 re\u0219edin\u021b\u0103 important\u0103 a fost pus\u0103 la dispozi\u021bia premierului Ilie Bolojan. Este vorba despre fosta vil\u0103 a pre\u0219edintelui Traian B\u0103sescu, locuit\u0103 de acesta p\u00e2n\u0103 \u00een anul 2022. Imobilul a redevenit disponibil dup\u0103 ce \u00cenalta Curte de Casa\u021bie \u0219i Justi\u021bie a stabilit definitiv c\u0103 fostul \u0219ef al statului a colaborat cu fosta Securitate, motiv pentru care i-au fost retrase mai multe drepturi \u0219i beneficii legale aferente pozi\u021biei de fost pre\u0219edinte.<\/p>\n<p>Potrivit acelora\u0219i surse, Ilie Bolojan ar urma s\u0103 se mute \u00een aceast\u0103 re\u0219edin\u021b\u0103 \u00een perioada imediat urm\u0103toare, iar dac\u0103 ambii lideri politici \u2014 pre\u0219edintele \u0219i premierul \u2014 vor accepta noile loca\u021bii, ace\u0219tia vor deveni vecini \u00een acela\u0219i cartier guvernamental.<\/p>\n<p>Zona este deja cunoscut\u0103 pentru infrastructura sa adaptat\u0103 cerin\u021belor de securitate: acces controlat, paz\u0103 permanent\u0103, supraveghere video \u0219i facilit\u0103\u021bi logistice pentru vizite oficiale sau deplas\u0103ri operative.<\/p>\n<p>O zon\u0103 cu tradi\u021bie administrativ\u0103Strada Nikolai Gogol este una dintre cele mai securizate \u0219i discrete artere din Capital\u0103, fiind deseori preferat\u0103 pentru cazarea demnitarilor de rang \u00eenalt. Faptul c\u0103 re\u0219edin\u021bele puse la dispozi\u021bia lui Nicu\u0219or Dan \u0219i Ilie Bolojan au fost anterior ocupate de persoane cu func\u021bii similare valideaz\u0103 continuitatea logistic\u0103, dar \u0219i dorin\u021ba autorit\u0103\u021bilor de a men\u021bine standardele de protec\u021bie la cel mai \u00eenalt nivel.<\/p>\n","protected":false},"excerpt":{"rendered":"<p>Pre\u0219edintele Rom\u00e2niei, Nicu\u0219or Dan, ar putea avea, \u00een cur\u00e2nd, o nou\u0103 adres\u0103 oficial\u0103 \u2014 \u00eentr-o zon\u0103 reziden\u021bial\u0103 de elit\u0103 a Capitalei. Potrivit unor surse apropiate Administra\u021biei Preziden\u021biale, Serviciul de Protec\u021bie \u0219i Paz\u0103 (SPP) a pus la dispozi\u021bia \u0219efului statului o vil\u0103 situat\u0103 pe strada Nikolai Gogol, re\u0219edin\u021b\u0103 ce are deja un istoric administrativ semnificativ. Imobilul &#8230; <a title=\"Nicu\u0219or Dan ar putea deveni vecin cu premierul Ilie Bolojan. SPP preg\u0103te\u0219te o re\u0219edin\u021b\u0103 \u00een zona Gogol pentru pre\u0219edinte.vezi in comentarii\" class=\"read-more\" href=\"https:\/\/dobrezrodla.com\/?p=1795\" aria-label=\"Read more about Nicu\u0219or Dan ar putea deveni vecin cu premierul Ilie Bolojan. SPP preg\u0103te\u0219te o re\u0219edin\u021b\u0103 \u00een zona Gogol pentru pre\u0219edinte.vezi in comentarii\">Read more<\/a><\/p>\n","protected":false},"author":1,"featured_media":1794,"comment_status":"closed","ping_status":"open","sticky":false,"template":"","format":"standard","meta":{"footnotes":""},"categories":[1],"tags":[],"class_list":["post-1795","post","type-post","status-publish","format-standard","has-post-thumbnail","hentry","category-uncategorized"],"_links":{"self":[{"href":"https:\/\/dobrezrodla.com\/index.php?rest_route=\/wp\/v2\/posts\/1795","targetHints":{"allow":["GET"]}}],"collection":[{"href":"https:\/\/dobrezrodla.com\/index.php?rest_route=\/wp\/v2\/posts"}],"about":[{"href":"https:\/\/dobrezrodla.com\/index.php?rest_route=\/wp\/v2\/types\/post"}],"author":[{"embeddable":true,"href":"https:\/\/dobrezrodla.com\/index.php?rest_route=\/wp\/v2\/users\/1"}],"replies":[{"embeddable":true,"href":"https:\/\/dobrezrodla.com\/index.php?rest_route=%2Fwp%2Fv2%2Fcomments&post=1795"}],"version-history":[{"count":1,"href":"https:\/\/dobrezrodla.com\/index.php?rest_route=\/wp\/v2\/posts\/1795\/revisions"}],"predecessor-version":[{"id":1796,"href":"https:\/\/dobrezrodla.com\/index.php?rest_route=\/wp\/v2\/posts\/1795\/revisions\/1796"}],"wp:featuredmedia":[{"embeddable":true,"href":"https:\/\/dobrezrodla.com\/index.php?rest_route=\/wp\/v2\/media\/1794"}],"wp:attachment":[{"href":"https:\/\/dobrezrodla.com\/index.php?rest_route=%2Fwp%2Fv2%2Fmedia&parent=1795"}],"wp:term":[{"taxonomy":"category","embeddable":true,"href":"https:\/\/dobrezrodla.com\/index.php?rest_route=%2Fwp%2Fv2%2Fcategories&post=1795"},{"taxonomy":"post_tag","embeddable":true,"href":"https:\/\/dobrezrodla.com\/index.php?rest_route=%2Fwp%2Fv2%2Ftags&post=1795"}],"curies":[{"name":"wp","href":"https:\/\/api.w.org\/{rel}","templated":true}]}}