{"id":1801,"date":"2025-07-20T14:13:00","date_gmt":"2025-07-20T14:13:00","guid":{"rendered":"https:\/\/dobrezrodla.com\/?p=1801"},"modified":"2025-07-20T14:13:00","modified_gmt":"2025-07-20T14:13:00","slug":"florin-busuioc-declaratii-incredibile-ce-spune-despre-fiul-lui-pe-care-l-a-parasit-la-o-luna-dupa-ce-s-a-nascut-mi-am-lasat-familia","status":"publish","type":"post","link":"https:\/\/dobrezrodla.com\/?p=1801","title":{"rendered":"Florin Busuioc declara\u021bii incredibile Ce spune despre fiul lui pe care l-a p\u0103r\u0103sit la o lun\u0103 dup\u0103 ce s-a n\u0103scut. Mi-am l\u0103sat familia"},"content":{"rendered":"<p>Florin Busuioc a vorbit despre familia lui \u00een emisiunea Danei S\u0103vuic\u0103 \u201eE OK s\u0103 fii vedet\u0103?\u201d \u0219i a f\u0103cut c\u00e2teva declara\u021bii nea\u0219teptate.<\/p>\n<p>Prezentatorul buletinului meteo de la PRO TV a vorbit despre motivele pentru care \u0219i-a p\u0103r\u0103sit familia sus\u021bin\u00e2nd c\u0103 nu regret\u0103 nicio clip\u0103 c\u0103 a f\u0103cut asta.<\/p>\n<p>Florin Busuioc a reluat leg\u0103tura cu fiul s\u0103u<\/p>\n<p>Actorul a vorbit despre \u00eencerc\u0103rile prin care a trecut de-a lungul vremii \u0219i a spus c\u0103 dac\u0103 nu avea curajul s\u0103 se desprind\u0103 de ai lui nu avea niciodat\u0103 cariera de care se bucur\u0103 azi \u0219i nu cuno\u0219tea at\u00e2\u021bia oameni impresionan\u021bi, oameni providen\u021biali care i-au marcat traiectoria profesional\u0103.<\/p>\n<p>Florin Busuioc a vorbit \u00een emisiunea pe care fosta vedet\u0103 Playboy, Dana S\u0103vuic\u0103, o realizeaz\u0103 pentru revista OK Magazine. Acesta a spus c\u0103 \u00een anul 1990 nu s-a g\u00e2ndit nicio secund\u0103 la posibilitatea de a face carier\u0103 \u00een televiziune, c\u0103ci marele lui vis era acela de a fi un actor bun pe o scen\u0103 mare a teatrului rom\u00e2nesc.<\/p>\n<p>\u201eM\u0103 simt vinovat, foarte vinovat, dar nu regret\u201d<\/p>\n<p>Acesta a vorbit \u0219i despre controversata rela\u021bie pe care o are cu fiul s\u0103u, despre care a spus c\u0103 \u00eei pare r\u0103u pentru felul \u00een care s-a purtat cu el \u0219i chiar i-a scris un mesaj c\u00e2nd acesta se zb\u0103tea \u00eentre via\u021b\u0103 \u0219i moarte dup\u0103 infarctul pe care l-a suferit pe scena unui teatru din Craiova. De altfel, o perioad\u0103, Busu a lipsit de pe micul ecran.<\/p>\n<p>\u00cen anii \u201990, c\u00e2nd eram \u00eenc\u0103 la Piatra Neam\u021b \u0219i am f\u0103cut o familie acolo, n-a\u0219 fi crezut c\u0103 o s\u0103 ajung \u00een televiziune, m\u0103 g\u00e2ndeam la teatru. \u0218i mi-am l\u0103sat familia aceea cu copil, ca s\u0103-mi v\u0103d de treaba mea. Deci nu regret cumva! \u00cemi pare r\u0103u, m\u0103 simt vinovat, m\u0103 simt foarte vinovat, recunosc, dar nu regret!\u201d, a declarat Florin Busuioc<\/p>\n","protected":false},"excerpt":{"rendered":"<p>Florin Busuioc a vorbit despre familia lui \u00een emisiunea Danei S\u0103vuic\u0103 \u201eE OK s\u0103 fii vedet\u0103?\u201d \u0219i a f\u0103cut c\u00e2teva declara\u021bii nea\u0219teptate. Prezentatorul buletinului meteo de la PRO TV a vorbit despre motivele pentru care \u0219i-a p\u0103r\u0103sit familia sus\u021bin\u00e2nd c\u0103 nu regret\u0103 nicio clip\u0103 c\u0103 a f\u0103cut asta. Florin Busuioc a reluat leg\u0103tura cu fiul &#8230; <a title=\"Florin Busuioc declara\u021bii incredibile Ce spune despre fiul lui pe care l-a p\u0103r\u0103sit la o lun\u0103 dup\u0103 ce s-a n\u0103scut. Mi-am l\u0103sat familia\" class=\"read-more\" href=\"https:\/\/dobrezrodla.com\/?p=1801\" aria-label=\"Read more about Florin Busuioc declara\u021bii incredibile Ce spune despre fiul lui pe care l-a p\u0103r\u0103sit la o lun\u0103 dup\u0103 ce s-a n\u0103scut. Mi-am l\u0103sat familia\">Read more<\/a><\/p>\n","protected":false},"author":1,"featured_media":1800,"comment_status":"closed","ping_status":"open","sticky":false,"template":"","format":"standard","meta":{"footnotes":""},"categories":[1],"tags":[],"class_list":["post-1801","post","type-post","status-publish","format-standard","has-post-thumbnail","hentry","category-uncategorized"],"_links":{"self":[{"href":"https:\/\/dobrezrodla.com\/index.php?rest_route=\/wp\/v2\/posts\/1801","targetHints":{"allow":["GET"]}}],"collection":[{"href":"https:\/\/dobrezrodla.com\/index.php?rest_route=\/wp\/v2\/posts"}],"about":[{"href":"https:\/\/dobrezrodla.com\/index.php?rest_route=\/wp\/v2\/types\/post"}],"author":[{"embeddable":true,"href":"https:\/\/dobrezrodla.com\/index.php?rest_route=\/wp\/v2\/users\/1"}],"replies":[{"embeddable":true,"href":"https:\/\/dobrezrodla.com\/index.php?rest_route=%2Fwp%2Fv2%2Fcomments&post=1801"}],"version-history":[{"count":1,"href":"https:\/\/dobrezrodla.com\/index.php?rest_route=\/wp\/v2\/posts\/1801\/revisions"}],"predecessor-version":[{"id":1802,"href":"https:\/\/dobrezrodla.com\/index.php?rest_route=\/wp\/v2\/posts\/1801\/revisions\/1802"}],"wp:featuredmedia":[{"embeddable":true,"href":"https:\/\/dobrezrodla.com\/index.php?rest_route=\/wp\/v2\/media\/1800"}],"wp:attachment":[{"href":"https:\/\/dobrezrodla.com\/index.php?rest_route=%2Fwp%2Fv2%2Fmedia&parent=1801"}],"wp:term":[{"taxonomy":"category","embeddable":true,"href":"https:\/\/dobrezrodla.com\/index.php?rest_route=%2Fwp%2Fv2%2Fcategories&post=1801"},{"taxonomy":"post_tag","embeddable":true,"href":"https:\/\/dobrezrodla.com\/index.php?rest_route=%2Fwp%2Fv2%2Ftags&post=1801"}],"curies":[{"name":"wp","href":"https:\/\/api.w.org\/{rel}","templated":true}]}}