{"id":1816,"date":"2025-07-20T17:43:49","date_gmt":"2025-07-20T17:43:49","guid":{"rendered":"https:\/\/dobrezrodla.com\/?p=1816"},"modified":"2025-07-20T17:43:49","modified_gmt":"2025-07-20T17:43:49","slug":"andreea-berecleanu-intre-dorul-de-mama-si-redescoperirea-de-sine-casa-e-mai-goala-dar-sufletul-e-plin-vezi-in-comentarii","status":"publish","type":"post","link":"https:\/\/dobrezrodla.com\/?p=1816","title":{"rendered":"Andreea Berecleanu \u00eentre dorul de mam\u0103 \u0219i redescoperirea de sine Casa e mai goal\u0103 dar sufletul e plin.Vezi in comentarii"},"content":{"rendered":"<p>Andreea Berecleanu, una dintre cele mai respectate figuri din televiziunea rom\u00e2neasc\u0103, tr\u0103ie\u0219te o perioad\u0103 de tranzi\u021bie emo\u021bional\u0103 profund\u0103. Cei doi copii ai s\u0103i,\u00a0Eva (24 de ani)\u00a0\u0219i\u00a0Petru (20 de ani), \u0219i-au urmat visurile peste hotare, iar lini\u0219tea din cas\u0103 vine la pachet cu un dor greu de descris.<\/p>\n<p>Eva a fost prima care a p\u0103r\u0103sit cuibul p\u0103rintesc, stabilindu-se \u00een\u00a0Londra\u00a0pentru studii. Mai recent, t\u00e2n\u0103ra a ales s\u0103 se mute \u00een\u00a0Barcelona, unde a \u00eenceput un nou parcurs profesional, \u00eentr-un domeniu creativ. Petru, mezinul familiei, i-a urmat exemplul, continu\u00e2ndu-\u0219i educa\u021bia \u00een str\u0103in\u0103tate.<\/p>\n<p>Pentru Andreea, aceast\u0103 etap\u0103 este una a contrastelor:\u00a0bucuria succesului copiilor\u00a0se \u00eemplete\u0219te cu\u00a0melancolia unei case devenite t\u0103cut\u0103.<\/p>\n<p>\u00centr-un interviu acordat revistei\u00a0VIVA!, prezentatoarea a vorbit deschis despre alegerile f\u0103cute \u00een via\u021ba personal\u0103 \u0219i cum au influen\u021bat cariera \u0219i rela\u021biile din familie:<\/p>\n<p>\u201eI-am dorit devreme, \u00eentr-un moment \u00een care \u0219tiam c\u0103 pot oferi totul. Nu a fost mereu u\u0219or \u2013 serile la redac\u021bie, \u0219tirile de la ora 19 \u2013, dar calitatea timpului petrecut \u00eempreun\u0103 a compensat orice lips\u0103 cantitativ\u0103.\u201d<\/p>\n<p>Copiii Andreei au crescut \u00eentr-un mediu \u00een care valorile familiale \u0219i pasiunea pentru art\u0103 s-au \u00eentrep\u0103truns. Acum,\u00a0ambii exploreaz\u0103 domenii creative, \u00een ritmul \u0219i spa\u021biul lor. Independen\u021ba lor nu e o ruptur\u0103, ci o confirmare c\u0103 au fost crescu\u021bi cu \u00eencredere \u0219i libertate.<\/p>\n<p>Al\u0103turi de\u00a0doctorul Constantin Stan, partenerul s\u0103u de via\u021b\u0103, Andreea g\u0103se\u0219te sprijin \u0219i stabilitate. Chiar dac\u0103 provocarea timpului r\u0103m\u00e2ne constant\u0103, cei doi au \u00eenv\u0103\u021bat s\u0103-\u0219i acorde spa\u021biu, s\u0103-\u0219i respecte ritmurile \u0219i s\u0103 se \u00eent\u00e2lneasc\u0103 mereu cu inima deschis\u0103.<\/p>\n<p>\u201eTimpul e cea mai mare provocare, dar am construit o rela\u021bie matur\u0103, echilibrat\u0103. F\u0103r\u0103 presiuni, cu reguli clare \u0219i timp de calitate \u00eempreun\u0103.\u201d<\/p>\n<p>Cu plecarea copiilor, casa s-a transformat \u00eentr-un loc al\u00a0amintirilor, dar \u0219i al\u00a0reg\u0103sirii de sine. Pentru Andreea, acest nou capitol nu este despre gol, ci despre\u00a0redefinire.<\/p>\n<p>\u201eE t\u0103cere, da. Dar e o t\u0103cere care \u00ee\u021bi d\u0103 r\u0103gaz s\u0103 te ascul\u021bi mai bine pe tine. S\u0103 sim\u021bi lini\u0219tea altfel. Nu ca pe un sf\u00e2r\u0219it, ci ca pe o pauz\u0103 din care rena\u0219ti.\u201d<\/p>\n<p>Prin sinceritatea m\u0103rturisirilor \u0219i echilibrul pe care l-a cultivat \u00een familie, Andreea Berecleanu ofer\u0103 un exemplu rar de\u00a0feminitate matur\u0103 \u0219i lucid\u0103, de mam\u0103 care \u0219tie s\u0103 iubeasc\u0103 f\u0103r\u0103 s\u0103 sufoce \u0219i s\u0103 se bucure de libertatea copiilor ca pe o victorie comun\u0103.<\/p>\n<p>\u201eCasa e mai goal\u0103, dar sufletul e plin\u201d, pare s\u0103 spun\u0103, dincolo de cuvinte, o femeie care a \u0219tiut s\u0103 fie mam\u0103, partener\u0103 \u0219i profesionist\u0103 \u2013 \u00een acela\u0219i timp.<\/p>\n","protected":false},"excerpt":{"rendered":"<p>Andreea Berecleanu, una dintre cele mai respectate figuri din televiziunea rom\u00e2neasc\u0103, tr\u0103ie\u0219te o perioad\u0103 de tranzi\u021bie emo\u021bional\u0103 profund\u0103. Cei doi copii ai s\u0103i,\u00a0Eva (24 de ani)\u00a0\u0219i\u00a0Petru (20 de ani), \u0219i-au urmat visurile peste hotare, iar lini\u0219tea din cas\u0103 vine la pachet cu un dor greu de descris. Eva a fost prima care a p\u0103r\u0103sit cuibul &#8230; <a title=\"Andreea Berecleanu \u00eentre dorul de mam\u0103 \u0219i redescoperirea de sine Casa e mai goal\u0103 dar sufletul e plin.Vezi in comentarii\" class=\"read-more\" href=\"https:\/\/dobrezrodla.com\/?p=1816\" aria-label=\"Read more about Andreea Berecleanu \u00eentre dorul de mam\u0103 \u0219i redescoperirea de sine Casa e mai goal\u0103 dar sufletul e plin.Vezi in comentarii\">Read more<\/a><\/p>\n","protected":false},"author":1,"featured_media":1815,"comment_status":"closed","ping_status":"open","sticky":false,"template":"","format":"standard","meta":{"footnotes":""},"categories":[1],"tags":[],"class_list":["post-1816","post","type-post","status-publish","format-standard","has-post-thumbnail","hentry","category-uncategorized"],"_links":{"self":[{"href":"https:\/\/dobrezrodla.com\/index.php?rest_route=\/wp\/v2\/posts\/1816","targetHints":{"allow":["GET"]}}],"collection":[{"href":"https:\/\/dobrezrodla.com\/index.php?rest_route=\/wp\/v2\/posts"}],"about":[{"href":"https:\/\/dobrezrodla.com\/index.php?rest_route=\/wp\/v2\/types\/post"}],"author":[{"embeddable":true,"href":"https:\/\/dobrezrodla.com\/index.php?rest_route=\/wp\/v2\/users\/1"}],"replies":[{"embeddable":true,"href":"https:\/\/dobrezrodla.com\/index.php?rest_route=%2Fwp%2Fv2%2Fcomments&post=1816"}],"version-history":[{"count":1,"href":"https:\/\/dobrezrodla.com\/index.php?rest_route=\/wp\/v2\/posts\/1816\/revisions"}],"predecessor-version":[{"id":1817,"href":"https:\/\/dobrezrodla.com\/index.php?rest_route=\/wp\/v2\/posts\/1816\/revisions\/1817"}],"wp:featuredmedia":[{"embeddable":true,"href":"https:\/\/dobrezrodla.com\/index.php?rest_route=\/wp\/v2\/media\/1815"}],"wp:attachment":[{"href":"https:\/\/dobrezrodla.com\/index.php?rest_route=%2Fwp%2Fv2%2Fmedia&parent=1816"}],"wp:term":[{"taxonomy":"category","embeddable":true,"href":"https:\/\/dobrezrodla.com\/index.php?rest_route=%2Fwp%2Fv2%2Fcategories&post=1816"},{"taxonomy":"post_tag","embeddable":true,"href":"https:\/\/dobrezrodla.com\/index.php?rest_route=%2Fwp%2Fv2%2Ftags&post=1816"}],"curies":[{"name":"wp","href":"https:\/\/api.w.org\/{rel}","templated":true}]}}