{"id":1819,"date":"2025-07-20T18:26:07","date_gmt":"2025-07-20T18:26:07","guid":{"rendered":"https:\/\/dobrezrodla.com\/?p=1819"},"modified":"2025-07-20T18:26:07","modified_gmt":"2025-07-20T18:26:07","slug":"reactia-emotionanta-a-evei-maria-cand-si-a-revazut-mama-elena-udrea-dupa-eliberarea-din-penitenciar","status":"publish","type":"post","link":"https:\/\/dobrezrodla.com\/?p=1819","title":{"rendered":"Reac\u021bia emo\u021bionant\u0103 a Evei Maria c\u00e2nd \u0219i-a rev\u0103zut mama Elena Udrea dup\u0103 eliberarea din penitenciar"},"content":{"rendered":"<p>Revedere emo\u021bionant\u0103: Elena Udrea, din nou \u00een bra\u021bele fiicei sale dup\u0103 aproape patru ani de deten\u021bie. Primele declara\u021bii ale fostului ministru \u0219i planurile de viitor<\/p>\n<p>Dup\u0103 o lung\u0103 perioad\u0103 de desp\u0103r\u021bire, Elena Udrea \u0219i fiica sa, Eva Maria, sunt din nou \u00eempreun\u0103. Ziua de joi, 17 iulie 2025, va r\u0103m\u00e2ne pentru totdeauna \u00eentip\u0103rit\u0103 \u00een memoria fostului ministru al Turismului, marc\u00e2nd momentul mult a\u0219teptat al eliber\u0103rii din \u00eenchisoare, dup\u0103 3 ani \u0219i 10 luni petrecu\u021bi \u00een spatele gratiilor.<\/p>\n<p>Eliberarea Elenei Udrea a venit ca urmare a unei decizii definitive pronun\u021bate de Tribunalul Prahova, care a respins contesta\u021bia Direc\u021biei Na\u021bionale Anticorup\u021bie \u00eempotriva deciziei Judec\u0103toriei Ploie\u0219ti, ce \u00eei aprobase cererea de liberare condi\u021bionat\u0103. Astfel, condamnarea de 6 ani de \u00eenchisoare primit\u0103 \u00een dosarul Gala Bute a fost \u00eentrerupt\u0103 mai devreme, permi\u021b\u00e2ndu-i fostei ministre s\u0103 revin\u0103 \u00een s\u00e2nul familiei.<\/p>\n<p>Revederea cu fiica sa a fost plin\u0103 de emo\u021bie. Eva Maria, care a crescut \u00een tot acest timp sub grija tat\u0103lui s\u0103u, Adrian Alexandrov, \u0219i a bunicilor, \u0219i-a \u00eembr\u0103\u021bi\u0219at mama cu dor \u0219i lacrimi \u00een ochi. \u201eM-am bucurat s\u0103 o v\u0103d pe mama\u201d, a spus cu sinceritate \u0219i c\u0103ldur\u0103 micu\u021ba, potrivit declara\u021biilor oferite pentru\u00a0Spynews.ro.<\/p>\n<p>Elena Udrea a recunoscut c\u0103 re\u00eentoarcerea acas\u0103 i-a oferit o perspectiv\u0103 nou\u0103 asupra vie\u021bii. Dup\u0103 aproape patru ani petrecu\u021bi \u00eentr-o celul\u0103 de doar 20 de metri p\u0103tra\u021bi, spa\u021biul din locuin\u021ba sa i s-a p\u0103rut imens. \u201eSuntem bine. Ne-am obi\u0219nuit. Totul ni se pare mult mai mare acum. A fost frumos, am stat \u00eempreun\u0103\u201d, a spus fostul politician, vizibil emo\u021bionat\u0103, dup\u0103 prima noapte petrecut\u0103 \u00een libertate, al\u0103turi de familie.<\/p>\n<p>Re\u00eentoarcerea la normalitate vine cu nevoia de a reconstrui lucrurile de la zero. Elena Udrea a m\u0103rturisit c\u0103 nu mai are obiecte de uz personal, a\u0219a c\u0103 primele drumuri \u00een libertate vor fi prin ora\u0219, la cump\u0103r\u0103turi. \u201eNu aveam nici periu\u021b\u0103 de din\u021bi, nici demachiant, nici cele mai simple lucruri. De at\u00e2tea ori am crezut c\u0103 voi fi eliberat\u0103 \u0219i nu s-a \u00eent\u00e2mplat, a\u0219a c\u0103 de data aceasta am preferat s\u0103 nu preg\u0103tim nimic\u201d, a explicat ea.<\/p>\n<p>Fosta ministr\u0103 \u00ee\u0219i dore\u0219te acum s\u0103 recupereze timpul pierdut \u0219i s\u0103 se reconecteze cu oamenii dragi din via\u021ba ei. Va merge \u00eempreun\u0103 cu Eva la \u00eent\u00e2lniri cu prietenii, pentru c\u0103 \u201eto\u021bi a\u0219teptau s\u0103 o vad\u0103 pe mami\u201d, iar \u00een perioada urm\u0103toare \u00ee\u0219i propune s\u0103 \u00ee\u0219i dedice timpul vacan\u021bei al\u0103turi de fiica sa, \u00eenainte ca micu\u021ba s\u0103 \u00eenceap\u0103 clasa I.<\/p>\n<p>Dup\u0103 vacan\u021b\u0103, Elena Udrea inten\u021bioneaz\u0103 s\u0103 revin\u0103 treptat \u00een mediul privat \u0219i s\u0103 se implice \u00een proiecte ce \u021bin de afacerile familiei. Totodat\u0103, a dezv\u0103luit c\u0103 vrea s\u0103 contribuie activ \u0219i \u00eentr-un domeniu cu impact social. \u201e\u00cemi doresc s\u0103 m\u0103 implic \u00eentr-o asocia\u021bie non-guvernamental\u0103 care sprijin\u0103 diverse cauze. Cred c\u0103 este timpul s\u0103 ofer ceva \u00eenapoi \u0219i s\u0103 ajut acolo unde este nevoie\u201d, a mai declarat ea.<\/p>\n<p>Dup\u0103 aproape patru ani de restric\u021bii, singur\u0103tate \u0219i a\u0219teptare, Elena Udrea prive\u0219te cu speran\u021b\u0103 spre viitor. Eliberarea sa marcheaz\u0103 nu doar o revenire fizic\u0103 \u00een s\u00e2nul familiei, ci \u0219i o resetare emo\u021bional\u0103 \u0219i spiritual\u0103. Revederea cu fiica sa, momentele simple tr\u0103ite \u00een libertate, dar \u0219i planurile de viitor, toate par s\u0103 contureze o nou\u0103 etap\u0103 \u00een via\u021ba fostei ministre \u2014 una \u00een care sper\u0103 s\u0103 fie mam\u0103 prezent\u0103, femeie puternic\u0103 \u0219i, poate, un sprijin pentru al\u021bii.<\/p>\n","protected":false},"excerpt":{"rendered":"<p>Revedere emo\u021bionant\u0103: Elena Udrea, din nou \u00een bra\u021bele fiicei sale dup\u0103 aproape patru ani de deten\u021bie. Primele declara\u021bii ale fostului ministru \u0219i planurile de viitor Dup\u0103 o lung\u0103 perioad\u0103 de desp\u0103r\u021bire, Elena Udrea \u0219i fiica sa, Eva Maria, sunt din nou \u00eempreun\u0103. Ziua de joi, 17 iulie 2025, va r\u0103m\u00e2ne pentru totdeauna \u00eentip\u0103rit\u0103 \u00een memoria &#8230; <a title=\"Reac\u021bia emo\u021bionant\u0103 a Evei Maria c\u00e2nd \u0219i-a rev\u0103zut mama Elena Udrea dup\u0103 eliberarea din penitenciar\" class=\"read-more\" href=\"https:\/\/dobrezrodla.com\/?p=1819\" aria-label=\"Read more about Reac\u021bia emo\u021bionant\u0103 a Evei Maria c\u00e2nd \u0219i-a rev\u0103zut mama Elena Udrea dup\u0103 eliberarea din penitenciar\">Read more<\/a><\/p>\n","protected":false},"author":1,"featured_media":1818,"comment_status":"closed","ping_status":"open","sticky":false,"template":"","format":"standard","meta":{"footnotes":""},"categories":[1],"tags":[],"class_list":["post-1819","post","type-post","status-publish","format-standard","has-post-thumbnail","hentry","category-uncategorized"],"_links":{"self":[{"href":"https:\/\/dobrezrodla.com\/index.php?rest_route=\/wp\/v2\/posts\/1819","targetHints":{"allow":["GET"]}}],"collection":[{"href":"https:\/\/dobrezrodla.com\/index.php?rest_route=\/wp\/v2\/posts"}],"about":[{"href":"https:\/\/dobrezrodla.com\/index.php?rest_route=\/wp\/v2\/types\/post"}],"author":[{"embeddable":true,"href":"https:\/\/dobrezrodla.com\/index.php?rest_route=\/wp\/v2\/users\/1"}],"replies":[{"embeddable":true,"href":"https:\/\/dobrezrodla.com\/index.php?rest_route=%2Fwp%2Fv2%2Fcomments&post=1819"}],"version-history":[{"count":1,"href":"https:\/\/dobrezrodla.com\/index.php?rest_route=\/wp\/v2\/posts\/1819\/revisions"}],"predecessor-version":[{"id":1820,"href":"https:\/\/dobrezrodla.com\/index.php?rest_route=\/wp\/v2\/posts\/1819\/revisions\/1820"}],"wp:featuredmedia":[{"embeddable":true,"href":"https:\/\/dobrezrodla.com\/index.php?rest_route=\/wp\/v2\/media\/1818"}],"wp:attachment":[{"href":"https:\/\/dobrezrodla.com\/index.php?rest_route=%2Fwp%2Fv2%2Fmedia&parent=1819"}],"wp:term":[{"taxonomy":"category","embeddable":true,"href":"https:\/\/dobrezrodla.com\/index.php?rest_route=%2Fwp%2Fv2%2Fcategories&post=1819"},{"taxonomy":"post_tag","embeddable":true,"href":"https:\/\/dobrezrodla.com\/index.php?rest_route=%2Fwp%2Fv2%2Ftags&post=1819"}],"curies":[{"name":"wp","href":"https:\/\/api.w.org\/{rel}","templated":true}]}}