{"id":18258,"date":"2026-03-05T10:33:22","date_gmt":"2026-03-05T10:33:22","guid":{"rendered":"https:\/\/dobrezrodla.com\/?p=18258"},"modified":"2026-03-05T10:33:23","modified_gmt":"2026-03-05T10:33:23","slug":"jest-decyzja-nawrockiego-ws-ewakuacji-polakow-z-bliskiego-wschodu-zlozyl-pilny-podpis","status":"publish","type":"post","link":"https:\/\/dobrezrodla.com\/?p=18258","title":{"rendered":"Jest decyzja Nawrockiego ws. ewakuacji Polak\u00f3w z Bliskiego Wschodu. Z\u0142o\u017cy\u0142 pilny podpis"},"content":{"rendered":"\n<p><strong>Prezydent Karol Nawrocki<\/strong>&nbsp;podpisa\u0142 postanowienie o u\u017cyciu wojska do ewakuacji obywateli polskich z rejonu&nbsp;<strong>Bliskiego Wschodu<\/strong>. O pilnej decyzji Zwierzchnika Si\u0142 Zbrojnych poinformowa\u0142o w oficjalnym komunikacie&nbsp;<strong>Biuro Bezpiecze\u0144stwa Narodowego<\/strong>. Operacja z udzia\u0142em \u017co\u0142nierzy ma zabezpieczy\u0107 rodak\u00f3w przebywaj\u0105cych w o\u015bmiu zagro\u017conych krajach regionu.<\/p>\n\n\n\n<ul class=\"wp-block-list\">\n<li>Prezydent podpisa\u0142 dokumenty dotycz\u0105ce PKW Bliski Wsch\u00f3d<\/li>\n\n\n\n<li>Wsp\u00f3\u0142praca rz\u0105du i wojska w procesie ewakuacji<\/li>\n\n\n\n<li>Obszar dzia\u0142ania i kraje obj\u0119te operacj\u0105 PKW<\/li>\n\n\n\n<li>Logistyka i gotowo\u015b\u0107 Dow\u00f3dztwa Operacyjnego<\/li>\n<\/ul>\n\n\n\n<h2 class=\"wp-block-heading\">Prezydent podpisa\u0142 dokumenty dotycz\u0105ce PKW Bliski Wsch\u00f3d<\/h2>\n\n\n\n<p>Oficjalny komunikat o zatwierdzeniu misji pojawi\u0142 si\u0119 w \u015brod\u0119 p\u00f3\u017anym wieczorem. Jak podaje BBN:&nbsp;<\/p>\n\n\n\n<blockquote class=\"wp-block-quote is-layout-flow wp-block-quote-is-layout-flow\">\n<p>\u201ePrezydent RP, Zwierzchnik Si\u0142 Zbrojnych Karol Nawrocki podpisa\u0142 postanowienie z 4 marca 2026 r. o u\u017cyciu Polskiego Kontyngentu Wojskowego\u201d.&nbsp;<\/p>\n<\/blockquote>\n\n\n\n<blockquote class=\"wp-block-quote is-layout-flow wp-block-quote-is-layout-flow\">\n<p>Prezydent RP, Zwierzchnik Si\u0142 Zbrojnych&nbsp;<a href=\"https:\/\/twitter.com\/NawrockiKn?ref_src=twsrc%5Etfw\">@NawrockiKn<\/a>&nbsp;podpisa\u0142 postanowienie z 4 marca 2026 r. o u\u017cyciu Polskiego Kontyngentu Wojskowego w dzia\u0142aniach ewakuacji obywateli Rzeczypospolitej Polskiej przebywaj\u0105cych w Kr\u00f3lestwie Arabii Saudyjskiej, Kr\u00f3lestwie Bahrajnu, Arabskiej\u2026&nbsp;<a href=\"https:\/\/t.co\/txxumUQ0Ti\">pic.twitter.com\/txxumUQ0Ti<\/a>\u2014 Biuro Bezpiecze\u0144stwa Narodowego | BBN (@BBN_PL)&nbsp;<a href=\"https:\/\/twitter.com\/BBN_PL\/status\/2029320045159927815?ref_src=twsrc%5Etfw\">March 4, 2026<\/a><\/p>\n<\/blockquote>\n\n\n\n<p>Dokument przewiduje zaanga\u017cowanie&nbsp;<strong>do 150 \u017co\u0142nierzy<\/strong>&nbsp;oraz pracownik\u00f3w wojska wraz z niezb\u0119dnym wyposa\u017ceniem. Zgodnie z tre\u015bci\u0105 postanowienia, polskie si\u0142y zbrojne uzyska\u0142y mo\u017cliwo\u015b\u0107 realizacji zada\u0144 w terminie&nbsp;<strong>od 5 do 31 marca 2026 roku<\/strong>. Decyzja ta stanowi formaln\u0105 odpowied\u017a na wcze\u015bniejszy wniosek rz\u0105du.&nbsp;<\/p>\n\n\n\n<p>G\u0142\u00f3wnym celem misji jest ochrona \u017cycia i zdrowia Polak\u00f3w przebywaj\u0105cych za granic\u0105 w obliczu narastaj\u0105cego kryzysu. Operacja ma charakter humanitarno-ewakuacyjny i skupia si\u0119 na zapewnieniu bezpiecznego powrotu do kraju osobom znajduj\u0105cym si\u0119 w strefie potencjalnego zagro\u017cenia.<\/p>\n\n\n\n<h2 class=\"wp-block-heading\">Wsp\u00f3\u0142praca rz\u0105du i wojska w procesie ewakuacji<\/h2>\n\n\n\n<p>Proces decyzyjny poprzedzi\u0142y konsultacje na linii rz\u0105d-prezydent. Wicepremier i minister obrony narodowej,&nbsp;<strong>W\u0142adys\u0142aw Kosiniak-Kamysz<\/strong>, doprecyzowa\u0142, \u017ce wojsko skupi si\u0119 na osobach wymagaj\u0105cych specjalistycznego wsparcia.&nbsp;<\/p>\n\n\n\n<blockquote class=\"wp-block-quote is-layout-flow wp-block-quote-is-layout-flow\">\n<p>\u201eZg\u0142osi\u0142em gotowo\u015b\u0107 si\u0142 i \u015brodk\u00f3w Wojska Polskiego do ewakuacji Polak\u00f3w potrzebuj\u0105cych pomocy medycznej, kt\u00f3rych zdrowie i \u017cycie z uwagi na ich stan zdrowia jest po prostu zagro\u017cone\u201d \u2013 podkre\u015bli\u0142 szef MON podczas briefingu.&nbsp;<\/p>\n<\/blockquote>\n\n\n\n<p>Wed\u0142ug ministra, ewakuacja pozosta\u0142ych obywateli odbywa si\u0119 obecnie g\u0142\u00f3wnie za po\u015brednictwem&nbsp;<strong>cywilnych \u015brodk\u00f3w transportu<\/strong>. Kluczow\u0105 rol\u0119 w planowaniu operacji odgrywaj\u0105 meldunki dow\u00f3dc\u00f3w operacyjnych i generalnych.&nbsp;<\/p>\n\n\n\n<p>Resort obrony zapewnia, \u017ce ca\u0142y proces jest koordynowany z Ministerstwem Spraw Zagranicznych, aby maksymalnie skr\u00f3ci\u0107 czas reakcji i transportu potrzebuj\u0105cych rodak\u00f3w.<\/p>\n\n\n\n<h2 class=\"wp-block-heading\">Obszar dzia\u0142ania i kraje obj\u0119te operacj\u0105 PKW<\/h2>\n\n\n\n<p>Dzia\u0142ania ewakuacyjne obejm\u0105 szeroki obszar geograficzny. Zgodnie z informacj\u0105 przekazan\u0105 przez BBN,&nbsp;<strong>PKW Bliski Wsch\u00f3d<\/strong>&nbsp;b\u0119dzie operowa\u0107 na terytorium&nbsp;<strong>Arabii Saudyjskiej, Bahrajnu, Egiptu, Izraela, Kataru, Kuwejtu, Omanu oraz Zjednoczonych Emirat\u00f3w Arabskich<\/strong>. Transport ma odbywa\u0107 si\u0119 z wykorzystaniem&nbsp;<strong>wojskowych statk\u00f3w powietrznych<\/strong>, co gwarantuje niezale\u017cno\u015b\u0107 od komercyjnych po\u0142\u0105cze\u0144 lotniczych.&nbsp;<\/p>\n\n\n\n<p>Dow\u00f3dztwo Operacyjne Rodzaj\u00f3w Si\u0142 Zbrojnych (DORSZ) w swoim komunikacie na platformie X zapewni\u0142o o pe\u0142nej determinacji:&nbsp;<\/p>\n\n\n\n<blockquote class=\"wp-block-quote is-layout-flow wp-block-quote-is-layout-flow\">\n<p>\u201eWojsko Polskie pozostaje w gotowo\u015bci do niesienia pomocy obywatelom Rzeczypospolitej Polskiej \u2013 wsz\u0119dzie tam, gdzie jest ona potrzebna\u201d.&nbsp;<\/p>\n<\/blockquote>\n\n\n\n<blockquote class=\"wp-block-quote is-layout-flow wp-block-quote-is-layout-flow\">\n<p>Zgodnie z Postanowieniem Prezydenta Rzeczypospolitej Polskiej z dnia 04 marca 2026 r. Polski Kontyngent Wojskowy BLISKI WSCH\u00d3D uzyska\u0142 mo\u017cliwo\u015b\u0107 realizacji zada\u0144 do 31 marca 2026 r.<\/p>\n\n\n\n<p>W ramach&nbsp;<a href=\"https:\/\/twitter.com\/hashtag\/PKWBliskiWsch%C3%B3d?src=hash&amp;ref_src=twsrc%5Etfw\">#PKWBliskiWsch\u00f3d<\/a>&nbsp;mo\u017ce zosta\u0107 zaanga\u017cowanych do 150 \u017co\u0142nierzy i pracownik\u00f3w w dzia\u0142ania\u2026&nbsp;<a href=\"https:\/\/t.co\/rv0VWyjLPX\">pic.twitter.com\/rv0VWyjLPX<\/a><\/p>\n\n\n\n<p>\u2014 Dow\u00f3dztwo Operacyjne RSZ (@DowOperSZ)&nbsp;<a href=\"https:\/\/twitter.com\/DowOperSZ\/status\/2029319893238333882?ref_src=twsrc%5Etfw\">March 4, 2026<\/a><\/p>\n<\/blockquote>\n\n\n\n<p>Koordynacja dzia\u0142a\u0144 mi\u0119dzyinstytucjonalnych obejmuje \u015bcis\u0142\u0105 wsp\u00f3\u0142prac\u0119 z plac\u00f3wkami dyplomatycznymi, co ma zapewni\u0107 sprawne i bezpieczne przeprowadzenie logistyki w tym niestabilnym regionie \u015bwiata.<\/p>\n\n\n\n<h2 class=\"wp-block-heading\">Logistyka i gotowo\u015b\u0107 Dow\u00f3dztwa Operacyjnego<\/h2>\n\n\n\n<p>Po z\u0142o\u017ceniu podpisu przez prezydenta, dzia\u0142ania logistyczne nabra\u0142y tempa. Za operacyjn\u0105 stron\u0119 misji odpowiada bezpo\u015brednio&nbsp;<strong>Dow\u00f3dztwo Operacyjne Rodzaj\u00f3w Si\u0142 Zbrojnych<\/strong>, kt\u00f3re potwierdzi\u0142o gotowo\u015b\u0107 do realizacji zada\u0144. Wojskowy kontyngent ma \u015bci\u015ble okre\u015blone ramy czasowe, ko\u0144cz\u0105ce si\u0119&nbsp;<strong>31 marca<\/strong>, co wymusza intensywny harmonogram lot\u00f3w w najbli\u017cszych dniach.&nbsp;<\/p>\n\n\n\n<p>Eksperci zaznaczaj\u0105, \u017ce u\u017cycie wojska jest standardow\u0105 procedur\u0105 w momentach nag\u0142ego pogorszenia si\u0119 bezpiecze\u0144stwa. Wszystkie dzia\u0142ania s\u0105 prowadzone w porozumieniu z&nbsp;<strong>MSZ<\/strong>, kt\u00f3re monitoruje listy os\u00f3b oczekuj\u0105cych na pomoc. Jak podkre\u015blaj\u0105 s\u0142u\u017cby mundurowe, priorytetem pozostaje&nbsp;<strong>bezpiecze\u0144stwo operacji<\/strong>&nbsp;oraz ochrona zdrowia transportowanych os\u00f3b.&nbsp;<\/p>\n\n\n\n<p>Sytuacja jest dynamiczna, a Dow\u00f3dztwo Operacyjne zapowiada bie\u017c\u0105ce raportowanie o post\u0119pach w ewakuacji naszych rodak\u00f3w z rejonu obj\u0119tego kryzysem.<\/p>\n","protected":false},"excerpt":{"rendered":"<p>Prezydent Karol Nawrocki&nbsp;podpisa\u0142 postanowienie o u\u017cyciu wojska do ewakuacji obywateli polskich z rejonu&nbsp;Bliskiego Wschodu. O pilnej decyzji Zwierzchnika Si\u0142 Zbrojnych poinformowa\u0142o w oficjalnym komunikacie&nbsp;Biuro Bezpiecze\u0144stwa Narodowego. Operacja z udzia\u0142em \u017co\u0142nierzy ma zabezpieczy\u0107 rodak\u00f3w przebywaj\u0105cych w o\u015bmiu zagro\u017conych krajach regionu. Prezydent podpisa\u0142 dokumenty dotycz\u0105ce PKW Bliski Wsch\u00f3d Oficjalny komunikat o zatwierdzeniu misji pojawi\u0142 si\u0119 w \u015brod\u0119 &#8230; <a title=\"Jest decyzja Nawrockiego ws. ewakuacji Polak\u00f3w z Bliskiego Wschodu. Z\u0142o\u017cy\u0142 pilny podpis\" class=\"read-more\" href=\"https:\/\/dobrezrodla.com\/?p=18258\" aria-label=\"Read more about Jest decyzja Nawrockiego ws. ewakuacji Polak\u00f3w z Bliskiego Wschodu. Z\u0142o\u017cy\u0142 pilny podpis\">Read more<\/a><\/p>\n","protected":false},"author":1,"featured_media":0,"comment_status":"open","ping_status":"open","sticky":false,"template":"","format":"standard","meta":{"footnotes":""},"categories":[1],"tags":[],"class_list":["post-18258","post","type-post","status-publish","format-standard","hentry","category-uncategorized"],"_links":{"self":[{"href":"https:\/\/dobrezrodla.com\/index.php?rest_route=\/wp\/v2\/posts\/18258","targetHints":{"allow":["GET"]}}],"collection":[{"href":"https:\/\/dobrezrodla.com\/index.php?rest_route=\/wp\/v2\/posts"}],"about":[{"href":"https:\/\/dobrezrodla.com\/index.php?rest_route=\/wp\/v2\/types\/post"}],"author":[{"embeddable":true,"href":"https:\/\/dobrezrodla.com\/index.php?rest_route=\/wp\/v2\/users\/1"}],"replies":[{"embeddable":true,"href":"https:\/\/dobrezrodla.com\/index.php?rest_route=%2Fwp%2Fv2%2Fcomments&post=18258"}],"version-history":[{"count":1,"href":"https:\/\/dobrezrodla.com\/index.php?rest_route=\/wp\/v2\/posts\/18258\/revisions"}],"predecessor-version":[{"id":18259,"href":"https:\/\/dobrezrodla.com\/index.php?rest_route=\/wp\/v2\/posts\/18258\/revisions\/18259"}],"wp:attachment":[{"href":"https:\/\/dobrezrodla.com\/index.php?rest_route=%2Fwp%2Fv2%2Fmedia&parent=18258"}],"wp:term":[{"taxonomy":"category","embeddable":true,"href":"https:\/\/dobrezrodla.com\/index.php?rest_route=%2Fwp%2Fv2%2Fcategories&post=18258"},{"taxonomy":"post_tag","embeddable":true,"href":"https:\/\/dobrezrodla.com\/index.php?rest_route=%2Fwp%2Fv2%2Ftags&post=18258"}],"curies":[{"name":"wp","href":"https:\/\/api.w.org\/{rel}","templated":true}]}}