{"id":18270,"date":"2026-03-06T09:02:26","date_gmt":"2026-03-06T09:02:26","guid":{"rendered":"https:\/\/dobrezrodla.com\/?p=18270"},"modified":"2026-03-06T09:02:27","modified_gmt":"2026-03-06T09:02:27","slug":"incydent-z-markiem-suskim-minister-wlasnie-zapowiedzial-konsekwencje-te-slowa-uwaza-za-haniebne","status":"publish","type":"post","link":"https:\/\/dobrezrodla.com\/?p=18270","title":{"rendered":"Incydent z Markiem Suskim. Minister w\u0142a\u015bnie zapowiedzia\u0142 konsekwencje. Te s\u0142owa uwa\u017ca za haniebne"},"content":{"rendered":"\n<p><\/p>\n\n\n\n<p>Kontrowersyjne wyst\u0105pienie pos\u0142a Prawa i Sprawiedliwo\u015bci podczas uroczysto\u015bci pa\u0144stwowych sta\u0142o si\u0119 przedmiotem politycznego i prawnego sporu.<\/p>\n\n\n\n<p>Jak wynika z doniesie\u0144 portalu Onet oraz oficjalnych komunikat\u00f3w resortu obrony, sprawa znajdzie sw\u00f3j fina\u0142 w parlamencie.<\/p>\n\n\n\n<p>Zachowanie parlamentarzysty wobec wojskowych wywo\u0142a\u0142o fal\u0119 komentarzy i zapowied\u017a krok\u00f3w dyscyplinarnych.<\/p>\n\n\n\n<p>Przebieg incydentu podczas obchod\u00f3w w Radomiu<br>Argumentacja pos\u0142a Marka Suskiego<br>Reakcja Ministerstwa Obrony Narodowej<br>Kontekst i g\u0142osy krytyki w sferze publicznej<br>Przebieg incydentu podczas obchod\u00f3w w Radomiu<br>Podczas niedzielnych obchod\u00f3w Narodowego Dnia Pami\u0119ci \u017bo\u0142nierzy Wykl\u0119tych w Radomiu dosz\u0142o do konfrontacji mi\u0119dzy Markiem Suskim a dow\u00f3dc\u0105 garnizonu, majorem Andrzejem Kalisiakiem. Wed\u0142ug informacji Onetu, oficer poprosi\u0142 polityk\u00f3w o powstrzymanie si\u0119 od przem\u00f3wie\u0144 do czasu zako\u0144czenia cz\u0119\u015bci wojskowej z udzia\u0142em asysty honorowej. Pose\u0142 PiS zignorowa\u0142 te wytyczne i z m\u00f3wnicy zaatakowa\u0142 dow\u00f3dc\u0119.&nbsp;<\/p>\n\n\n\n<p>\u201eCzy pan jest polskim oficerem, czy przedstawicielem junty Tuska i Czarzastego?\u201d \u2013 pyta\u0142 parlamentarzysta.&nbsp;<\/p>\n\n\n\n<p>\u015awiadkowie zdarzenia podkre\u015blaj\u0105, \u017ce polityk publicznie podwa\u017cy\u0142 autorytet wojskowego przed szykiem \u017co\u0142nierzy. Jak podaj\u0105 \u017ar\u00f3d\u0142a wojskowe, zachowanie to uznano za bezprecedensowe naruszenie ceremonia\u0142u oraz uderzenie w apolityczno\u015b\u0107 armii.&nbsp;<\/p>\n\n\n\n<p>Incydent zarejestrowano na nagraniach, kt\u00f3re szybko trafi\u0142y do medi\u00f3w spo\u0142eczno\u015bciowych.<\/p>\n\n\n\n<p>https:\/\/www.facebook.com\/plugins\/post.php?href=https%3A%2F%2Fwww.facebook.com%2Fmwsuski%2Fposts%2Fpfbid02MuCExqXep8Dspe3Sif7euUDoJHZcMobA4mp5tTWepiS2oPrNM5THJgZh661j8S2Yl&#038;show_text=true&#038;width=500<\/p>\n\n\n\n<p>Argumentacja pos\u0142a Marka Suskiego<br>Marek Suski broni swojego wyst\u0105pienia, twierdz\u0105c, \u017ce wojskowi dzia\u0142ali bezprawnie. W oficjalnej interpelacji do MON oraz wypowiedziach medialnych pose\u0142 argumentowa\u0142, \u017ce ograniczenie mo\u017cliwo\u015bci zabrania g\u0142osu parlamentarzystom to przejaw dyktatury.&nbsp;<\/p>\n\n\n\n<p>\u201eZabranianie wyst\u0105pie\u0144 pod pomnikiem przez wojskowych jest bezprawne. To skandal!\u201d \u2013 stwierdzi\u0142 polityk w odpowiedzi dla Onetu.&nbsp;<\/p>\n\n\n\n<p>Suski domaga si\u0119 wyci\u0105gni\u0119cia konsekwencji wobec oficer\u00f3w, kt\u00f3rych okre\u015bli\u0142 mianem \u201ebezczelnych\u201d. Uwa\u017ca on, \u017ce tradycja pozwala politykom zabiera\u0107 g\u0142os w dowolnym momencie uroczysto\u015bci, a major Kalisiak utrudnia\u0142 mu wykonywanie mandatu poselskiego.&nbsp;<\/p>\n\n\n\n<p>Parlamentarzysta podkre\u015bli\u0142 r\u00f3wnie\u017c sw\u00f3j wk\u0142ad w budow\u0119 pomnika, sugeruj\u0105c, \u017ce ma szczeg\u00f3lne prawo do przemawiania w tym miejscu. Jego zdaniem, wojsko pr\u00f3bowa\u0142o przeprowadzi\u0107 pod pomnikiem cenzur\u0119 polityczn\u0105.<\/p>\n\n\n\n<p>Reakcja Ministerstwa Obrony Narodowej<br>Minister Obrony Narodowej, W\u0142adys\u0142aw Kosiniak-Kamysz, zapowiedzia\u0142 skierowanie wniosku do Sejmowej Komisji Etyki o ukaranie pos\u0142a. Szef resortu uzna\u0142 s\u0142owa parlamentarzysty za \u201ehaniebne\u201d i okre\u015bli\u0142 je jako \u201ebezpardonowe oplucie polskiego munduru\u201d.&nbsp;<\/p>\n\n\n\n<p>W o\u015bwiadczeniu opublikowanym na platformie X minister podkre\u015bli\u0142, \u017ce armia s\u0142u\u017cy wszystkim obywatelom, a nie konkretnym partiom.&nbsp;<\/p>\n\n\n\n<p>\u201eWojsko Polskie s\u0142u\u017cy wszystkim Polakom \u2013 nie partiom, politykom czy bie\u017c\u0105cym interesom wyborczym\u201d \u2013 napisa\u0142 Kosiniak-Kamysz.&nbsp;<\/p>\n\n\n\n<p>Resort obrony stoi na stanowisku, \u017ce publiczne zniewa\u017canie oficera w obecno\u015bci podw\u0142adnych jest niedopuszczalne. Planowane ukaranie pos\u0142a ma by\u0107 sygna\u0142em, \u017ce zasady apolityczno\u015bci si\u0142 zbrojnych musz\u0105 by\u0107 bezwzgl\u0119dnie przestrzegane. Sprawa ta, wed\u0142ug ministra, uderza bezpo\u015brednio w fundamenty dyscypliny i hierarchii wojskowej.<\/p>\n\n\n\n<p>https:\/\/platform.twitter.com\/embed\/Tweet.html?dnt=false&#038;embedId=twitter-widget-0&#038;features=eyJ0ZndfdGltZWxpbmVfbGlzdCI6eyJidWNrZXQiOltdLCJ2ZXJzaW9uIjpudWxsfSwidGZ3X2ZvbGxvd2VyX2NvdW50X3N1bnNldCI6eyJidWNrZXQiOnRydWUsInZlcnNpb24iOm51bGx9LCJ0ZndfdHdlZXRfZWRpdF9iYWNrZW5kIjp7ImJ1Y2tldCI6Im9uIiwidmVyc2lvbiI6bnVsbH0sInRmd19yZWZzcmNfc2Vzc2lvbiI6eyJidWNrZXQiOiJvbiIsInZlcnNpb24iOm51bGx9LCJ0ZndfZm9zbnJfc29mdF9pbnRlcnZlbnRpb25zX2VuYWJsZWQiOnsiYnVja2V0Ijoib24iLCJ2ZXJzaW9uIjpudWxsfSwidGZ3X21peGVkX21lZGlhXzE1ODk3Ijp7ImJ1Y2tldCI6InRyZWF0bWVudCIsInZlcnNpb24iOm51bGx9LCJ0ZndfZXhwZXJpbWVudHNfY29va2llX2V4cGlyYXRpb24iOnsiYnVja2V0IjoxMjA5NjAwLCJ2ZXJzaW9uIjpudWxsfSwidGZ3X3Nob3dfYmlyZHdhdGNoX3Bpdm90c19lbmFibGVkIjp7ImJ1Y2tldCI6Im9uIiwidmVyc2lvbiI6bnVsbH0sInRmd19kdXBsaWNhdGVfc2NyaWJlc190b19zZXR0aW5ncyI6eyJidWNrZXQiOiJvbiIsInZlcnNpb24iOm51bGx9LCJ0ZndfdXNlX3Byb2ZpbGVfaW1hZ2Vfc2hhcGVfZW5hYmxlZCI6eyJidWNrZXQiOiJvbiIsInZlcnNpb24iOm51bGx9LCJ0ZndfdmlkZW9faGxzX2R5bmFtaWNfbWFuaWZlc3RzXzE1MDgyIjp7ImJ1Y2tldCI6InRydWVfYml0cmF0ZSIsInZlcnNpb24iOm51bGx9LCJ0ZndfbGVnYWN5X3RpbWVsaW5lX3N1bnNldCI6eyJidWNrZXQiOnRydWUsInZlcnNpb24iOm51bGx9LCJ0ZndfdHdlZXRfZWRpdF9mcm9udGVuZCI6eyJidWNrZXQiOiJvbiIsInZlcnNpb24iOm51bGx9fQ%3D%3D&#038;frame=false&#038;hideCard=false&#038;hideThread=false&#038;id=2029480536817709121&#038;lang=ru&#038;origin=https%3A%2F%2Fdaily24.pl.ua%2F%3Fp%3D32319&#038;sessionId=b9672a29c56b6f0f6e1d10cb7460c15492f421b9&#038;theme=light&#038;widgetsVersion=2615f7e52b7e0%3A1702314776716&#038;width=550px<\/p>\n\n\n\n<p>Kontekst i g\u0142osy krytyki w sferze publicznej<br>Zachowanie Marka Suskiego spotka\u0142o si\u0119 z ostr\u0105 krytyk\u0105 ze strony polityk\u00f3w koalicji rz\u0105dz\u0105cej. Szef MSWiA Marcin Kierwi\u0144ski okre\u015bli\u0142 dzia\u0142anie pos\u0142a jako \u201echamskie obra\u017canie oficera\u201d, a europos\u0142anka Kamila Gasiuk-Pihowicz uzna\u0142a incydent za haniebny. Z kolei wojskowi, cytowani przez media, alarmuj\u0105, \u017ce wci\u0105ganie armii w bie\u017c\u0105ce spory partyjne jest niebezpieczne dla pa\u0144stwa.&nbsp;<\/p>\n\n\n\n<p>\u201e\u017bo\u0142nierz stoi na baczno\u015b\u0107, a za plecami s\u0142yszy partyjny be\u0142kot i obra\u017canie swoich prze\u0142o\u017conych\u201d \u2013 skomentowa\u0142 anonimowo jeden z oficer\u00f3w wysokiej rangi.&nbsp;<\/p>\n\n\n\n<p>Eksperci przypominaj\u0105, \u017ce wojskowy ceremonia\u0142 jasno okre\u015bla ramy uroczysto\u015bci patriotycznych. Sp\u00f3r w Radomiu uwypukli\u0142 narastaj\u0105cy konflikt o neutralno\u015b\u0107 instytucji pa\u0144stwowych. Post\u0119powanie przed komisj\u0105 etyki mo\u017ce stworzy\u0107 precedens dotycz\u0105cy odpowiedzialno\u015bci parlamentarzyst\u00f3w za s\u0142owa kierowane pod adresem \u017co\u0142nierzy na s\u0142u\u017cbie.<\/p>\n","protected":false},"excerpt":{"rendered":"<p>Kontrowersyjne wyst\u0105pienie pos\u0142a Prawa i Sprawiedliwo\u015bci podczas uroczysto\u015bci pa\u0144stwowych sta\u0142o si\u0119 przedmiotem politycznego i prawnego sporu. Jak wynika z doniesie\u0144 portalu Onet oraz oficjalnych komunikat\u00f3w resortu obrony, sprawa znajdzie sw\u00f3j fina\u0142 w parlamencie. Zachowanie parlamentarzysty wobec wojskowych wywo\u0142a\u0142o fal\u0119 komentarzy i zapowied\u017a krok\u00f3w dyscyplinarnych. Przebieg incydentu podczas obchod\u00f3w w RadomiuArgumentacja pos\u0142a Marka SuskiegoReakcja Ministerstwa Obrony &#8230; <a title=\"Incydent z Markiem Suskim. Minister w\u0142a\u015bnie zapowiedzia\u0142 konsekwencje. Te s\u0142owa uwa\u017ca za haniebne\" class=\"read-more\" href=\"https:\/\/dobrezrodla.com\/?p=18270\" aria-label=\"Read more about Incydent z Markiem Suskim. Minister w\u0142a\u015bnie zapowiedzia\u0142 konsekwencje. Te s\u0142owa uwa\u017ca za haniebne\">Read more<\/a><\/p>\n","protected":false},"author":1,"featured_media":0,"comment_status":"open","ping_status":"open","sticky":false,"template":"","format":"standard","meta":{"footnotes":""},"categories":[1],"tags":[],"class_list":["post-18270","post","type-post","status-publish","format-standard","hentry","category-uncategorized"],"_links":{"self":[{"href":"https:\/\/dobrezrodla.com\/index.php?rest_route=\/wp\/v2\/posts\/18270","targetHints":{"allow":["GET"]}}],"collection":[{"href":"https:\/\/dobrezrodla.com\/index.php?rest_route=\/wp\/v2\/posts"}],"about":[{"href":"https:\/\/dobrezrodla.com\/index.php?rest_route=\/wp\/v2\/types\/post"}],"author":[{"embeddable":true,"href":"https:\/\/dobrezrodla.com\/index.php?rest_route=\/wp\/v2\/users\/1"}],"replies":[{"embeddable":true,"href":"https:\/\/dobrezrodla.com\/index.php?rest_route=%2Fwp%2Fv2%2Fcomments&post=18270"}],"version-history":[{"count":1,"href":"https:\/\/dobrezrodla.com\/index.php?rest_route=\/wp\/v2\/posts\/18270\/revisions"}],"predecessor-version":[{"id":18271,"href":"https:\/\/dobrezrodla.com\/index.php?rest_route=\/wp\/v2\/posts\/18270\/revisions\/18271"}],"wp:attachment":[{"href":"https:\/\/dobrezrodla.com\/index.php?rest_route=%2Fwp%2Fv2%2Fmedia&parent=18270"}],"wp:term":[{"taxonomy":"category","embeddable":true,"href":"https:\/\/dobrezrodla.com\/index.php?rest_route=%2Fwp%2Fv2%2Fcategories&post=18270"},{"taxonomy":"post_tag","embeddable":true,"href":"https:\/\/dobrezrodla.com\/index.php?rest_route=%2Fwp%2Fv2%2Ftags&post=18270"}],"curies":[{"name":"wp","href":"https:\/\/api.w.org\/{rel}","templated":true}]}}