{"id":18282,"date":"2026-03-06T09:10:32","date_gmt":"2026-03-06T09:10:32","guid":{"rendered":"https:\/\/dobrezrodla.com\/?p=18282"},"modified":"2026-03-06T09:10:33","modified_gmt":"2026-03-06T09:10:33","slug":"safe-czy-safe-0-proc-szef-mon-stawia-sprawe-jasno-2","status":"publish","type":"post","link":"https:\/\/dobrezrodla.com\/?p=18282","title":{"rendered":"SAFE czy &#8220;SAFE 0 proc.&#8221;? Szef MON stawia spraw\u0119 jasno"},"content":{"rendered":"\n<p>Szef MON apeluje do prezydenta<br>W\u0142adys\u0142aw Kosiniak-Kamysz odni\u00f3s\u0142 si\u0119 w mediach spo\u0142eczno\u015bciowych do w\u0105tpliwo\u015bci prezydenta wobec programu SAFE. &#8211; Program SAFE daje najszybsze i konkretne \u015brodki na modernizacj\u0119 polskiej armii dlatego wojskowi, przemys\u0142 zbrojeniowy oraz wszyscy, <\/p>\n\n\n\n<p>kt\u00f3rym na sercu le\u017cy wzmocnienie si\u0142y naszej armii apeluj\u0105 i licz\u0105 na podpis pod ustaw\u0105 przez prezydenta. Je\u015bli jednak pojawi\u0105 si\u0119 kolejne instrumenty finansowania armii, Wojsko Polskie tylko na tym zyska. Nie jako alternatywa dla SAFE, ale dodatkowe \u015brodki wzmacniaj\u0105ce bezpiecze\u0144stwo &#8211; napisa\u0142 szef MON.<\/p>\n\n\n\n<p>Kosiniak-Kamysz wyrazi\u0142 nadziej\u0119, \u017ce prezydent podpisze ustaw\u0119 wdra\u017caj\u0105c\u0105 unijny program, podkre\u015blaj\u0105c jego kluczowe znaczenie dla tempa modernizacji si\u0142 zbrojnych.<\/p>\n\n\n\n<p>Prezydencka alternatywa dla SAFE<br>Prezydent Karol Nawrocki, po spotkaniu z prezesem NBP Adamem Glapi\u0144skim, zapowiedzia\u0142 przedstawienie alternatywy dla unijnych funduszy. Projekt nazwany &#8220;SAFE 0 proc.&#8221; mia\u0142by &#8211; wed\u0142ug zapowiedzi &#8211; zapewni\u0107 nawet 185 miliard\u00f3w z\u0142otych na obronno\u015b\u0107 w formule nieoprocentowanych po\u017cyczek, bez mechanizmu warunkowo\u015bci.<\/p>\n\n\n\n<p>Prezydent zapowiedzia\u0142 inicjatyw\u0119 ustawodawcz\u0105 oraz wystosowanie pisma do premiera Donalda Tuska i szefa MON z zaproszeniem na spotkanie w tej sprawie. Podkre\u015bli\u0142, \u017ce nowy mechanizm mia\u0142by zapewni\u0107 wi\u0119ksz\u0105 elastyczno\u015b\u0107 zakupow\u0105, m.in. przy finansowaniu samolot\u00f3w F-35 czy amunicji, bez &#8220;obci\u0105\u017ce\u0144 politycznych&#8221;. Jednocze\u015bnie zaznaczy\u0142, \u017ce nie podj\u0105\u0142 jeszcze decyzji w sprawie ustawy wdra\u017caj\u0105cej unijny program SAFE.<\/p>\n\n\n\n<p>Propozycj\u0119 prezydenta skrytykowa\u0142a r\u00f3wnie\u017c wicemarsza\u0142ek Senatu Magdalena Biejat, kt\u00f3ra okre\u015bli\u0142a j\u0105 jako &#8220;wydmuszk\u0119&#8221; i stwierdzi\u0142a, \u017ce zawiera &#8220;0 procent konkret\u00f3w&#8221;.<\/p>\n\n\n\n<ul class=\"wp-block-list\">\n<li>To jest \u0142apanie si\u0119 praw\u0105 r\u0119k\u0105 za lewe ucho, to znaczy robienie wszystkiego, aby nie przyspieszy\u0107 zbrojenia polskiego wojska, polskiej policji, polskiej stra\u017cy granicznej &#8211; skomentowa\u0142 t\u0119 propozycj\u0119 w Polskim Radiu 24 senator KO Piotr Wo\u017aniak.<\/li>\n<\/ul>\n\n\n\n<p>Co zyska Polska dzi\u0119ki SAFE?<br>Polska jest najwi\u0119kszym beneficjentem unijnego programu SAFE i mo\u017ce pozyska\u0107 z niego oko\u0142o 43,7 miliard\u00f3w euro (blisko 200 miliardy z\u0142otych). Wed\u0142ug zapowiedzi rz\u0105du 89 proc. \u015brodk\u00f3w mia\u0142oby trafi\u0107 do polskiego przemys\u0142u zbrojeniowego.<\/p>\n\n\n\n<p>Wniosek MON obejmuje 139 projekt\u00f3w, w tym finansowanie takich system\u00f3w jak wyrzutnie Piorun, bojowe wozy piechoty Borsuk czy armatohaubice Krab.<\/p>\n\n\n\n<p>Ustawa wdra\u017caj\u0105ca program zosta\u0142a przyj\u0119ta przez Sejm wraz z poprawkami Senatu &#8211; m.in. dotycz\u0105cymi wy\u0142\u0105czenia bud\u017cetu MON ze sp\u0142aty po\u017cyczki oraz obowi\u0105zku kontroli antykorupcyjnej i kontrwywiadowczej. Dokument trafi\u0142 na biurko prezydenta, kt\u00f3ry ma 21 dni na decyzj\u0119. Rz\u0105d planuje podpisanie umowy po\u017cyczkowej w drugiej po\u0142owie marca.<\/p>\n","protected":false},"excerpt":{"rendered":"<p>Szef MON apeluje do prezydentaW\u0142adys\u0142aw Kosiniak-Kamysz odni\u00f3s\u0142 si\u0119 w mediach spo\u0142eczno\u015bciowych do w\u0105tpliwo\u015bci prezydenta wobec programu SAFE. &#8211; Program SAFE daje najszybsze i konkretne \u015brodki na modernizacj\u0119 polskiej armii dlatego wojskowi, przemys\u0142 zbrojeniowy oraz wszyscy, kt\u00f3rym na sercu le\u017cy wzmocnienie si\u0142y naszej armii apeluj\u0105 i licz\u0105 na podpis pod ustaw\u0105 przez prezydenta. Je\u015bli jednak pojawi\u0105 &#8230; <a title=\"SAFE czy &#8220;SAFE 0 proc.&#8221;? Szef MON stawia spraw\u0119 jasno\" class=\"read-more\" href=\"https:\/\/dobrezrodla.com\/?p=18282\" aria-label=\"Read more about SAFE czy &#8220;SAFE 0 proc.&#8221;? Szef MON stawia spraw\u0119 jasno\">Read more<\/a><\/p>\n","protected":false},"author":1,"featured_media":0,"comment_status":"open","ping_status":"open","sticky":false,"template":"","format":"standard","meta":{"footnotes":""},"categories":[1],"tags":[],"class_list":["post-18282","post","type-post","status-publish","format-standard","hentry","category-uncategorized"],"_links":{"self":[{"href":"https:\/\/dobrezrodla.com\/index.php?rest_route=\/wp\/v2\/posts\/18282","targetHints":{"allow":["GET"]}}],"collection":[{"href":"https:\/\/dobrezrodla.com\/index.php?rest_route=\/wp\/v2\/posts"}],"about":[{"href":"https:\/\/dobrezrodla.com\/index.php?rest_route=\/wp\/v2\/types\/post"}],"author":[{"embeddable":true,"href":"https:\/\/dobrezrodla.com\/index.php?rest_route=\/wp\/v2\/users\/1"}],"replies":[{"embeddable":true,"href":"https:\/\/dobrezrodla.com\/index.php?rest_route=%2Fwp%2Fv2%2Fcomments&post=18282"}],"version-history":[{"count":1,"href":"https:\/\/dobrezrodla.com\/index.php?rest_route=\/wp\/v2\/posts\/18282\/revisions"}],"predecessor-version":[{"id":18283,"href":"https:\/\/dobrezrodla.com\/index.php?rest_route=\/wp\/v2\/posts\/18282\/revisions\/18283"}],"wp:attachment":[{"href":"https:\/\/dobrezrodla.com\/index.php?rest_route=%2Fwp%2Fv2%2Fmedia&parent=18282"}],"wp:term":[{"taxonomy":"category","embeddable":true,"href":"https:\/\/dobrezrodla.com\/index.php?rest_route=%2Fwp%2Fv2%2Fcategories&post=18282"},{"taxonomy":"post_tag","embeddable":true,"href":"https:\/\/dobrezrodla.com\/index.php?rest_route=%2Fwp%2Fv2%2Ftags&post=18282"}],"curies":[{"name":"wp","href":"https:\/\/api.w.org\/{rel}","templated":true}]}}