{"id":18284,"date":"2026-03-06T09:11:12","date_gmt":"2026-03-06T09:11:12","guid":{"rendered":"https:\/\/dobrezrodla.com\/?p=18284"},"modified":"2026-03-06T09:11:12","modified_gmt":"2026-03-06T09:11:12","slug":"rzecznik-tlumaczy-prezydenta-i-jego-nowy-safe-to-nie-jest-lamanie-prawa","status":"publish","type":"post","link":"https:\/\/dobrezrodla.com\/?p=18284","title":{"rendered":"Rzecznik t\u0142umaczy prezydenta i jego nowy SAFE. &#8220;To nie jest \u0142amanie prawa&#8221;"},"content":{"rendered":"\n<p>&#8220;Polski SAFE 0 proc.&#8221; Le\u015bkiewicz o szczeg\u00f3\u0142ach<\/p>\n\n\n\n<p>Prezydent Karol Nawrocki oraz prezes Narodowego Banku Polskiego Adam Glapi\u0144ski zapowiedzieli w \u015brod\u0119 projekt nazwany &#8220;polskim SAFE 0 proc.&#8221;. Ma on stanowi\u0107 alternatyw\u0119 dla unijnego programu po\u017cyczek przeznaczonych na finansowanie obronno\u015bci.<\/p>\n\n\n\n<p>W czwartek w Polsat News rzecznik prezydenta Rafa\u0142 Le\u015bkiewicz wyja\u015bni\u0142, \u017ce w ostatnich latach Narodowy Bank Polski prowadzi\u0142 bardzo aktywn\u0105 i przemy\u015blan\u0105 polityk\u0119 inwestowania w rezerwy, zar\u00f3wno walutowe, jak i z\u0142ota. &#8211; Mamy prawie bilion z\u0142otych rezerw zgromadzonych w NBP &#8211; przekaza\u0142. Jak doda\u0142, obejmuj\u0105 one oko\u0142o 550 ton z\u0142ota oraz aktywa w r\u00f3\u017cnych walutach, przede wszystkim w dolarach i euro, ale tak\u017ce w innych walutach.<\/p>\n\n\n\n<ul class=\"wp-block-list\">\n<li>Tylko w ci\u0105gu ostatnich 30 miesi\u0119cy operacje inwestycyjne z wykorzystaniem rezerw, kt\u00f3rymi dysponuje NBP, przynios\u0142y mu przych\u00f3d na poziomie ponad 180 mld z\u0142. To polega w\u0142a\u015bnie na takim rozwi\u0105zaniu, kt\u00f3re ma wykorzysta\u0107 sam fakt posiadania rezerw przez NBP do tego, by m\u00f3c sfinansowa\u0107 zakupy i dla polskiego wojska, i dla policji, i dla innych s\u0142u\u017cb mundurowych, dla SOP, Stra\u017cy Granicznej. To jeden z element\u00f3w tego rozwi\u0105zania &#8211; zaznaczy\u0142.<\/li>\n<\/ul>\n\n\n\n<p>Doda\u0142, \u017ce &#8220;to nie jest \u0142amanie prawa, dlatego, \u017ce m\u00f3wimy o wypracowanym zysku&#8221;. &#8211; Dysponuj\u0105c tak du\u017cymi rezerwami jest mo\u017cliwo\u015b\u0107 wykorzystania \u015brodk\u00f3w, kt\u00f3re powstaj\u0105 w oparciu o te rezerwy do sfinansowania programu modernizacji i rozwoju polskiej armii &#8211; kontynuowa\u0142.<\/p>\n\n\n\n<p>Nawrocki zaprasza rz\u0105d do rozm\u00f3w<br>Le\u015bkiewicz powt\u00f3rzy\u0142 zapowied\u017a prezydenta, \u017ce wraz z prezesem NBP chc\u0105 rozmawia\u0107 z przedstawicielami rz\u0105du &#8211; premierem Donaldem Tuskiem oraz wicepremierem i ministrem obrony narodowej W\u0142adys\u0142awem Kosiniakiem-Kamyszem. Jak zaznaczy\u0142, do takiego spotkania mo\u017ce doj\u015b\u0107 w najbli\u017cszych dniach, o ile premier i szef MON przyjm\u0105 zaproszenie do rozm\u00f3w na temat proponowanego rozwi\u0105zania.<\/p>\n\n\n\n<p>Podkre\u015bli\u0142, \u017ce rozwi\u0105zanie proponowane przez prezydenta ma by\u0107 bezpieczne dla obywateli. Zaznaczy\u0142 r\u00f3wnie\u017c, \u017ce \u015brodki mog\u0142yby zosta\u0107 uruchomione stosunkowo szybko. Jak doda\u0142, wed\u0142ug zapewnie\u0144 prezesa NBP Adama Glapi\u0144skiego by\u0142oby to mo\u017cliwe pod warunkiem sprawnego przeprowadzenia odpowiednich zmian legislacyjnych. &#8211; I w\u0142a\u015bnie o tym maj\u0105 by\u0107 te rozmowy organizowane w ci\u0105gu najbli\u017cszych dni &#8211; powiedzia\u0142 rzecznik.<\/p>\n\n\n\n<ul class=\"wp-block-list\">\n<li>Po\u017cyczka SAFE to rozwi\u0105zanie, kt\u00f3re b\u0119dziemy sp\u0142aca\u0107 za 10 lat. Wydamy te \u015brodki do 2030 roku, ale potem b\u0119dziemy jest sp\u0142aca\u0107 do 2070 roku &#8211; wyja\u015bni\u0142.<\/li>\n<\/ul>\n","protected":false},"excerpt":{"rendered":"<p>&#8220;Polski SAFE 0 proc.&#8221; Le\u015bkiewicz o szczeg\u00f3\u0142ach Prezydent Karol Nawrocki oraz prezes Narodowego Banku Polskiego Adam Glapi\u0144ski zapowiedzieli w \u015brod\u0119 projekt nazwany &#8220;polskim SAFE 0 proc.&#8221;. Ma on stanowi\u0107 alternatyw\u0119 dla unijnego programu po\u017cyczek przeznaczonych na finansowanie obronno\u015bci. W czwartek w Polsat News rzecznik prezydenta Rafa\u0142 Le\u015bkiewicz wyja\u015bni\u0142, \u017ce w ostatnich latach Narodowy Bank Polski &#8230; <a title=\"Rzecznik t\u0142umaczy prezydenta i jego nowy SAFE. &#8220;To nie jest \u0142amanie prawa&#8221;\" class=\"read-more\" href=\"https:\/\/dobrezrodla.com\/?p=18284\" aria-label=\"Read more about Rzecznik t\u0142umaczy prezydenta i jego nowy SAFE. &#8220;To nie jest \u0142amanie prawa&#8221;\">Read more<\/a><\/p>\n","protected":false},"author":1,"featured_media":0,"comment_status":"open","ping_status":"open","sticky":false,"template":"","format":"standard","meta":{"footnotes":""},"categories":[1],"tags":[],"class_list":["post-18284","post","type-post","status-publish","format-standard","hentry","category-uncategorized"],"_links":{"self":[{"href":"https:\/\/dobrezrodla.com\/index.php?rest_route=\/wp\/v2\/posts\/18284","targetHints":{"allow":["GET"]}}],"collection":[{"href":"https:\/\/dobrezrodla.com\/index.php?rest_route=\/wp\/v2\/posts"}],"about":[{"href":"https:\/\/dobrezrodla.com\/index.php?rest_route=\/wp\/v2\/types\/post"}],"author":[{"embeddable":true,"href":"https:\/\/dobrezrodla.com\/index.php?rest_route=\/wp\/v2\/users\/1"}],"replies":[{"embeddable":true,"href":"https:\/\/dobrezrodla.com\/index.php?rest_route=%2Fwp%2Fv2%2Fcomments&post=18284"}],"version-history":[{"count":1,"href":"https:\/\/dobrezrodla.com\/index.php?rest_route=\/wp\/v2\/posts\/18284\/revisions"}],"predecessor-version":[{"id":18285,"href":"https:\/\/dobrezrodla.com\/index.php?rest_route=\/wp\/v2\/posts\/18284\/revisions\/18285"}],"wp:attachment":[{"href":"https:\/\/dobrezrodla.com\/index.php?rest_route=%2Fwp%2Fv2%2Fmedia&parent=18284"}],"wp:term":[{"taxonomy":"category","embeddable":true,"href":"https:\/\/dobrezrodla.com\/index.php?rest_route=%2Fwp%2Fv2%2Fcategories&post=18284"},{"taxonomy":"post_tag","embeddable":true,"href":"https:\/\/dobrezrodla.com\/index.php?rest_route=%2Fwp%2Fv2%2Ftags&post=18284"}],"curies":[{"name":"wp","href":"https:\/\/api.w.org\/{rel}","templated":true}]}}