{"id":18286,"date":"2026-03-06T09:11:53","date_gmt":"2026-03-06T09:11:53","guid":{"rendered":"https:\/\/dobrezrodla.com\/?p=18286"},"modified":"2026-03-06T09:11:54","modified_gmt":"2026-03-06T09:11:54","slug":"ewakuacja-polakow-z-bliskiego-wschodu-szef-mon-zabral-glos","status":"publish","type":"post","link":"https:\/\/dobrezrodla.com\/?p=18286","title":{"rendered":"Ewakuacja Polak\u00f3w z Bliskiego Wschodu. Szef MON zabra\u0142 g\u0142os"},"content":{"rendered":"\n<p>E<br>wakuacja Polak\u00f3w z Bliskiego Wschodu. Wojsko wys\u0142a\u0142o Boeingi<\/p>\n\n\n\n<p>W\u0142adys\u0142aw Kosiniak-Kamysz przekaza\u0142 podczas konferencji prasowej na terenie 8. Krakowskiej Bazy Lotnictwa Transportowego, \u017ce rozpocz\u0119\u0142a si\u0119 medyczna ewakuacja Polak\u00f3w z rejonu Bliskiego Wschodu. Jak poinformowa\u0142, kr\u00f3tko po godzinie 6 rano do Omanu wystartowa\u0142y dwa samoloty Boeing 737.<\/p>\n\n\n\n<p>Szef MON wyja\u015bni\u0142, \u017ce gen. Jaros\u0142aw Chojnacki z Dow\u00f3dztwa Operacyjnego Rodzaj\u00f3w Si\u0142 Zbrojnych (DORSZ) dowodzi kontyngentem wojskowym, kt\u00f3ry uda\u0142 si\u0119 w czwartek rano w stron\u0119 Bliskiego Wschodu. Dow\u00f3dca operacyjny Rodzaj\u00f3w Si\u0142 Zbrojnych gen. Maciej Klisz jako dow\u00f3dca generalny &#8220;wystawi\u0142 si\u0142y i \u015brodki&#8221;.<\/p>\n\n\n\n<ul class=\"wp-block-list\">\n<li>W u\u017cyciu s\u0105 dwa samoloty Boeing 737, ale w dyspozycji w ramach dzia\u0142a\u0144 i podj\u0119tych przez nas decyzji s\u0105 dwa (samoloty transportowe) Herkules z 33. Bazy Lotnictwa Transportowego w Powidzu oraz (samolot transportowy) CASA z 8. bazy w Krakowie &#8211; powiedzia\u0142 wicepremier.<\/li>\n<\/ul>\n\n\n\n<p>Jak doda\u0142, do Krakowa pomi\u0119dzy godzin\u0105 13 a 14 i w podobnym czasie do Warszawy przylec\u0105 dwa samoloty z turystami z Dubaju, liniami komercyjnymi. &#8211; Tych lot\u00f3w b\u0119dzie jeszcze wi\u0119cej, otwieraj\u0105 si\u0119 okna mo\u017cliwo\u015bci startu. Bezpiecze\u0144stwo jest numerem jeden &#8211; zaznaczy\u0142 minister.<\/p>\n\n\n\n<p>Kosiniak-Kamysz ponownie zaapelowa\u0142 tak\u017ce o \u015bledzenie komunikat\u00f3w s\u0142u\u017cb, stosowanie si\u0119 do polece\u0144 wydawanych na miejscu oraz pozostawanie w bezpiecznych lokalizacjach &#8211; hotelach, kt\u00f3re s\u0105 zabezpieczone przez w\u0142adze Zjednoczonych Emirat\u00f3w Arabskich.<\/p>\n\n\n\n<p>Rosn\u0105 napi\u0119cia na Bliskim Wschodzie<br>Premier Donald Tusk w \u015brod\u0119 og\u0142osi\u0142, \u017ce podj\u0105\u0142 decyzj\u0119 o wykorzystaniu wojskowych samolot\u00f3w do wsparcia ewakuacji Polak\u00f3w z Bliskiego Wschodu i skierowa\u0142 taki wniosek do prezydenta Karola Nawrockiego. Prezydent RP, zwierzchnik si\u0142 zbrojnych podpisa\u0142 postanowienie o u\u017cyciu Polskiego Kontyngentu Wojskowego Bliski Wsch\u00f3d w dzia\u0142aniach ewakuacji polskich obywateli przebywaj\u0105cych w Arabii Saudyjskiej, Bahrajnie, Egipcie, Izraelu, Katarze, Kuwejcie, Omanie i Zjednoczonych Emiratach Arabskich.<\/p>\n\n\n\n<p>Zgodnie z postanowieniem od 5 do 31 marca 2026 r. do 150 \u017co\u0142nierzy mo\u017ce zosta\u0107 zaanga\u017cowanych przy ewakuacji z kraj\u00f3w Bliskiego Wschodu obywateli polskich, w szczeg\u00f3lno\u015bci os\u00f3b wymagaj\u0105cych wsparcia medycznego.<\/p>\n\n\n\n<p>Stany Zjednoczone i Izrael zaatakowa\u0142y Iran w sobot\u0119, 28 lutego. Teheran w odwecie przyst\u0105pi\u0142 do atak\u00f3w m.in. na bazy ameryka\u0144skie w regionie, w wyniku czego wiele linii lotniczy anulowa\u0142o swoje loty.<\/p>\n","protected":false},"excerpt":{"rendered":"<p>Ewakuacja Polak\u00f3w z Bliskiego Wschodu. Wojsko wys\u0142a\u0142o Boeingi W\u0142adys\u0142aw Kosiniak-Kamysz przekaza\u0142 podczas konferencji prasowej na terenie 8. Krakowskiej Bazy Lotnictwa Transportowego, \u017ce rozpocz\u0119\u0142a si\u0119 medyczna ewakuacja Polak\u00f3w z rejonu Bliskiego Wschodu. Jak poinformowa\u0142, kr\u00f3tko po godzinie 6 rano do Omanu wystartowa\u0142y dwa samoloty Boeing 737. Szef MON wyja\u015bni\u0142, \u017ce gen. Jaros\u0142aw Chojnacki z Dow\u00f3dztwa Operacyjnego &#8230; <a title=\"Ewakuacja Polak\u00f3w z Bliskiego Wschodu. Szef MON zabra\u0142 g\u0142os\" class=\"read-more\" href=\"https:\/\/dobrezrodla.com\/?p=18286\" aria-label=\"Read more about Ewakuacja Polak\u00f3w z Bliskiego Wschodu. Szef MON zabra\u0142 g\u0142os\">Read more<\/a><\/p>\n","protected":false},"author":1,"featured_media":0,"comment_status":"open","ping_status":"open","sticky":false,"template":"","format":"standard","meta":{"footnotes":""},"categories":[1],"tags":[],"class_list":["post-18286","post","type-post","status-publish","format-standard","hentry","category-uncategorized"],"_links":{"self":[{"href":"https:\/\/dobrezrodla.com\/index.php?rest_route=\/wp\/v2\/posts\/18286","targetHints":{"allow":["GET"]}}],"collection":[{"href":"https:\/\/dobrezrodla.com\/index.php?rest_route=\/wp\/v2\/posts"}],"about":[{"href":"https:\/\/dobrezrodla.com\/index.php?rest_route=\/wp\/v2\/types\/post"}],"author":[{"embeddable":true,"href":"https:\/\/dobrezrodla.com\/index.php?rest_route=\/wp\/v2\/users\/1"}],"replies":[{"embeddable":true,"href":"https:\/\/dobrezrodla.com\/index.php?rest_route=%2Fwp%2Fv2%2Fcomments&post=18286"}],"version-history":[{"count":1,"href":"https:\/\/dobrezrodla.com\/index.php?rest_route=\/wp\/v2\/posts\/18286\/revisions"}],"predecessor-version":[{"id":18287,"href":"https:\/\/dobrezrodla.com\/index.php?rest_route=\/wp\/v2\/posts\/18286\/revisions\/18287"}],"wp:attachment":[{"href":"https:\/\/dobrezrodla.com\/index.php?rest_route=%2Fwp%2Fv2%2Fmedia&parent=18286"}],"wp:term":[{"taxonomy":"category","embeddable":true,"href":"https:\/\/dobrezrodla.com\/index.php?rest_route=%2Fwp%2Fv2%2Fcategories&post=18286"},{"taxonomy":"post_tag","embeddable":true,"href":"https:\/\/dobrezrodla.com\/index.php?rest_route=%2Fwp%2Fv2%2Ftags&post=18286"}],"curies":[{"name":"wp","href":"https:\/\/api.w.org\/{rel}","templated":true}]}}