{"id":18288,"date":"2026-03-06T09:12:36","date_gmt":"2026-03-06T09:12:36","guid":{"rendered":"https:\/\/dobrezrodla.com\/?p=18288"},"modified":"2026-03-06T09:12:37","modified_gmt":"2026-03-06T09:12:37","slug":"tusk-odpowiada-nawrockiemu-i-glapinskiemu-ws-safe-nie-ma-czasu","status":"publish","type":"post","link":"https:\/\/dobrezrodla.com\/?p=18288","title":{"rendered":"Tusk odpowiada Nawrockiemu i Glapi\u0144skiemu ws. SAFE. &#8220;Nie ma czasu&#8221;"},"content":{"rendered":"\n<p>Donald Tusk o alternatywnie dla SAFE. &#8220;Nie ma czasu na kombinacje&#8221;<\/p>\n\n\n\n<p>Prezydent Karol Nawrocki i szef NBP Adam Glapi\u0144ski zapowiedzieli w \u015brod\u0119 &#8220;polski SAFE0 proc.&#8221;, kt\u00f3ry mia\u0142by by\u0107 alternatyw\u0105 dla unijnego programu po\u017cyczek na obronno\u015b\u0107. &#8211; Jeszcze w \u015brod\u0119 wy\u015bl\u0119 do premiera i szefa MON zaproszenie na spotkanie, w razie potrzeby wyjd\u0119 z inicjatyw\u0105 ustawodawcz\u0105 &#8211; zapowiedzia\u0142 prezydent.<\/p>\n\n\n\n<ul class=\"wp-block-list\">\n<li>Panie prezydencie, panie prezesie, nie ma czasu na kombinacje &#8211; powiedzia\u0142 Donald Tusk w nagraniu opublikowanym w czwartek w mediach spo\u0142eczno\u015bciowych. &#8211; Polska, polskie firmy, pracownicy tych firm, polskie bezpiecze\u0144stwo czekaj\u0105 na pieni\u0105dze z programu SAFE, z polskiego programu SAFE na dziesi\u0105tki miliard\u00f3w z\u0142otych. Te fabryki ju\u017c pracuj\u0105 pod ten program. Ludzie ju\u017c projektuj\u0105 i produkuj\u0105 to, co b\u0119dzie finansowane z projektu SAFE. Te pieni\u0105dze s\u0105 na stole. My do maja mo\u017cemy zaprojektowa\u0107 wydanie prawie 200 miliard\u00f3w z\u0142otych w\u0142a\u015bnie z tego projektu &#8211; m\u00f3wi\u0142 Tusk.<\/li>\n<\/ul>\n\n\n\n<p>Czytaj tak\u017ce:<\/p>\n\n\n\n<p>Trzy postulaty ws. programu SAFE<\/p>\n\n\n\n<ul class=\"wp-block-list\">\n<li>Panowie, wok\u00f3\u0142 jest wojna. Ta sytuacja wymaga najwy\u017cszej powagi i odpowiedzialno\u015bci. Nie ma mowy o jakich\u015b politycznych gierkach &#8211; podkre\u015bla\u0142 premier. Przypomnia\u0142, \u017ce NBP poni\u00f3s\u0142 straty w 2024 r. i 2025 r. &#8211; No to jak to jest? Albo dla naszych rz\u0105d\u00f3w pieni\u0119dzy nigdy nie by\u0142o z NBP, bo s\u0105 gigantyczne straty i nagle po wizycie u pana prezydenta pojawiaj\u0105 si\u0119 jakie\u015b cudowne mo\u017cliwo\u015bci &#8211; doda\u0142.<\/li>\n<\/ul>\n\n\n\n<p>Premier zaapelowa\u0142 te\u017c do prezydenta Nawrockiego oraz przedstawi\u0142 zar\u00f3wno jemu, jak i prezesowi NBP trzy postulaty ws. programu SAFE. &#8211; Pierwszy, prosz\u0119 natychmiast podpisa\u0107 SAFE &#8211; tu nie mo\u017cna zmarnowa\u0107 ani godziny. Drugi postulat &#8211; precyzyjna informacja o faktycznych mo\u017cliwo\u015bciach finansowych NBP i o projekcie, jak wykorzysta\u0107 te pieni\u0105dze. I trzeci postulat &#8211; niech to polskie z\u0142oto, bo to nie jest z\u0142oto pan\u00f3w Nawrockiego, Glapi\u0144skiego czy Tuska, kt\u00f3re dzisiaj jest rozsiane po bankach w kilku miejscach na \u015bwiecie wr\u00f3ci wreszcie do kraju. Doda\u0142, \u017ce liczy na &#8220;na szybkie decyzje i szybkie odpowiedzi&#8221;.<\/p>\n\n\n\n<p>Szczeg\u00f3\u0142y unijnej po\u017cyczki dla Polski<br>Polska jest najwi\u0119kszym beneficjentem unijnego programu po\u017cyczek SAFE- mo\u017ce z niego pozyska\u0107 ok. 43,7 mld euro, czyli prawie 200 mld z\u0142. Wed\u0142ug deklaracji rz\u0105du, 89 proc. \u015brodk\u00f3w zSAFEma trafi\u0107 do polskich firm zbrojeniowych. Pieni\u0105dze maj\u0105 zosta\u0107 przeznaczone na wzmocnienie bezpiecze\u0144stwa Polski. Chodzi o realizacj\u0119 potrzeb wojska, wsparcie policji i Stra\u017cy Granicznej oraz ochron\u0119 cyberprzestrzeni. Prezydent ma czas na podj\u0119cie decyzji ws. programuSAFEdo 20 marca.<\/p>\n","protected":false},"excerpt":{"rendered":"<p>Donald Tusk o alternatywnie dla SAFE. &#8220;Nie ma czasu na kombinacje&#8221; Prezydent Karol Nawrocki i szef NBP Adam Glapi\u0144ski zapowiedzieli w \u015brod\u0119 &#8220;polski SAFE0 proc.&#8221;, kt\u00f3ry mia\u0142by by\u0107 alternatyw\u0105 dla unijnego programu po\u017cyczek na obronno\u015b\u0107. &#8211; Jeszcze w \u015brod\u0119 wy\u015bl\u0119 do premiera i szefa MON zaproszenie na spotkanie, w razie potrzeby wyjd\u0119 z inicjatyw\u0105 ustawodawcz\u0105 &#8230; <a title=\"Tusk odpowiada Nawrockiemu i Glapi\u0144skiemu ws. SAFE. &#8220;Nie ma czasu&#8221;\" class=\"read-more\" href=\"https:\/\/dobrezrodla.com\/?p=18288\" aria-label=\"Read more about Tusk odpowiada Nawrockiemu i Glapi\u0144skiemu ws. SAFE. &#8220;Nie ma czasu&#8221;\">Read more<\/a><\/p>\n","protected":false},"author":1,"featured_media":0,"comment_status":"open","ping_status":"open","sticky":false,"template":"","format":"standard","meta":{"footnotes":""},"categories":[1],"tags":[],"class_list":["post-18288","post","type-post","status-publish","format-standard","hentry","category-uncategorized"],"_links":{"self":[{"href":"https:\/\/dobrezrodla.com\/index.php?rest_route=\/wp\/v2\/posts\/18288","targetHints":{"allow":["GET"]}}],"collection":[{"href":"https:\/\/dobrezrodla.com\/index.php?rest_route=\/wp\/v2\/posts"}],"about":[{"href":"https:\/\/dobrezrodla.com\/index.php?rest_route=\/wp\/v2\/types\/post"}],"author":[{"embeddable":true,"href":"https:\/\/dobrezrodla.com\/index.php?rest_route=\/wp\/v2\/users\/1"}],"replies":[{"embeddable":true,"href":"https:\/\/dobrezrodla.com\/index.php?rest_route=%2Fwp%2Fv2%2Fcomments&post=18288"}],"version-history":[{"count":1,"href":"https:\/\/dobrezrodla.com\/index.php?rest_route=\/wp\/v2\/posts\/18288\/revisions"}],"predecessor-version":[{"id":18289,"href":"https:\/\/dobrezrodla.com\/index.php?rest_route=\/wp\/v2\/posts\/18288\/revisions\/18289"}],"wp:attachment":[{"href":"https:\/\/dobrezrodla.com\/index.php?rest_route=%2Fwp%2Fv2%2Fmedia&parent=18288"}],"wp:term":[{"taxonomy":"category","embeddable":true,"href":"https:\/\/dobrezrodla.com\/index.php?rest_route=%2Fwp%2Fv2%2Fcategories&post=18288"},{"taxonomy":"post_tag","embeddable":true,"href":"https:\/\/dobrezrodla.com\/index.php?rest_route=%2Fwp%2Fv2%2Ftags&post=18288"}],"curies":[{"name":"wp","href":"https:\/\/api.w.org\/{rel}","templated":true}]}}