{"id":1831,"date":"2025-07-21T03:57:28","date_gmt":"2025-07-21T03:57:28","guid":{"rendered":"https:\/\/dobrezrodla.com\/?p=1831"},"modified":"2025-07-21T03:57:28","modified_gmt":"2025-07-21T03:57:28","slug":"ilie-bolojan-anunta-un-nou-pachet-de-masuri-de-austeritate-premierul-prezinta-reforma-administratiei-publice","status":"publish","type":"post","link":"https:\/\/dobrezrodla.com\/?p=1831","title":{"rendered":"Ilie Bolojan anun\u021b\u0103 un nou pachet de m\u0103suri de austeritate. Premierul prezint\u0103 reforma administra\u021biei publice"},"content":{"rendered":"<p>lie Bolojan va sus\u021bine ast\u0103zi, 18 iulie, dou\u0103 conferin\u021be de pres\u0103 \u00een care va anun\u021ba reorganizarea Cancelariei premierului, precum \u0219i cel de-al doilea pachet de m\u0103suri de austeritate care vizeaz\u0103, de data aceasta, administra\u021bia public\u0103 local\u0103.<\/p>\n<p>Premierul Ilie Bolojan va sus\u021bine ast\u0103zi, la ora 18:00, o conferin\u021b\u0103 de pres\u0103 al\u0103turi de ministrul Dezvolt\u0103rii, Cseke Attila,\u00een care va anun\u021ba cum pl\u0103nuie\u0219te s\u0103 reformeze administra\u021bia public\u0103 local\u0103. Printre m\u0103surile discutate se num\u0103r\u0103 desfiin\u021barea func\u021biei de vicepremier \u0219i reforma Poli\u021biei Locale.<\/p>\n<p>Potrivit surselor Digi24, \u00een pachetul al doilea se vorbe\u0219te despre desfiin\u021barea func\u021biei de viceprimar \u00een localit\u0103\u021bile cu o popula\u021bie mai mic\u0103 de 1.500 de locuitori, \u00eencep\u00e2nd cu 1 ianuarie 2026. De asemenea, se propune revizuirea Poli\u021biei Locale \u0219i chiar reducerea efectivelor de poli\u021bi\u0219ti locali \u00een func\u021bie de num\u0103rul de locuitori.<\/p>\n<p>De asemenea, \u00een localit\u0103\u021bile mici, mai multe direc\u021bii \u0219i servicii din subordinea prim\u0103riilor ar putea fi comasate, la fel \u0219i structurile subordonate IGSU, DSU \u0219i IGAv.\u00a0<\/p>\n<p>Reforma anun\u021bat\u0103 este una dintre priorit\u0103\u021bile anun\u021bate de Ilie Bolojan \u00eenc\u0103 de la preluarea mandatului.<\/p>\n<p>\u00cenainte ca Ilie Bolojan s\u0103 anun\u021be noul pachet de m\u0103suri, la ora 15:00 va avea loc o alt\u0103 conferin\u021b\u0103 de pres\u0103. Atunci, Mihai Jurca, \u0219eful Cancelariei Prim-Ministrului, va vorbi despre reorganizarea Cancelariei. Potrivit anun\u021bului oficial al Guvernului, Jurca va prezenta noua structur\u0103 institu\u021bional\u0103 \u0219i m\u0103surile care vizeaz\u0103 reducerea birocra\u021biei, digitalizarea proceselor interne \u0219i cre\u0219terea eficien\u021bei administrative.<\/p>\n<p>De asemenea, Mihai Jurca va anun\u021ba c\u00e2\u021bi angaja\u021bi vor fi disponibiliza\u021bi \u0219i cum se va face, concert, aceast\u0103 reorganizare.<\/p>\n<p>Zilele trecute, Ilie Bolojan \u0219i al\u021bi reprezentan\u021bi ai Guvernului au avut discu\u021bii detaliate cu reprezentan\u021bii Comisiei Europene privind solu\u021biile pentru accesarea finan\u021b\u0103rii europene din Planul Na\u021bional de Redresare \u0219i Rezilien\u021b\u0103 (PNRR). Aceste fonduri sunt esen\u021biale pentru investi\u021bii \u00een \u0219coli, spitale, re\u021bele de ap\u0103-canal, proiecte de energie inovatoare, renovarea cl\u0103dirilor publice \u0219i interven\u021bii \u00een situa\u021bii de urgen\u021b\u0103.<\/p>\n<p>De asemenea, \u00een joi diminea\u021b\u0103, premierul Rom\u00e2niei a avut o \u00eent\u00e2lnire la Palatul Victoria cu Angela Ganninger, ambasadoarea Republicii Federale Germania la Bucure\u0219ti.<\/p>\n<p>\u201ePrim-ministrul Ilie Bolojan a subliniat importan\u021ba rela\u021biilor economice cu Germania, principalul partener comercial al Rom\u00e2niei \u0219i cel mai mare investitor str\u0103in, reiter\u00e2nd interesul Guvernului Rom\u00e2niei pentru atragerea de noi investi\u021bii germane \u00een sectoare strategice\u201d, se arat\u0103 \u00eentr-un comunicat al Guvernului.<\/p>\n","protected":false},"excerpt":{"rendered":"<p>lie Bolojan va sus\u021bine ast\u0103zi, 18 iulie, dou\u0103 conferin\u021be de pres\u0103 \u00een care va anun\u021ba reorganizarea Cancelariei premierului, precum \u0219i cel de-al doilea pachet de m\u0103suri de austeritate care vizeaz\u0103, de data aceasta, administra\u021bia public\u0103 local\u0103. Premierul Ilie Bolojan va sus\u021bine ast\u0103zi, la ora 18:00, o conferin\u021b\u0103 de pres\u0103 al\u0103turi de ministrul Dezvolt\u0103rii, Cseke Attila,\u00een &#8230; <a title=\"Ilie Bolojan anun\u021b\u0103 un nou pachet de m\u0103suri de austeritate. Premierul prezint\u0103 reforma administra\u021biei publice\" class=\"read-more\" href=\"https:\/\/dobrezrodla.com\/?p=1831\" aria-label=\"Read more about Ilie Bolojan anun\u021b\u0103 un nou pachet de m\u0103suri de austeritate. Premierul prezint\u0103 reforma administra\u021biei publice\">Read more<\/a><\/p>\n","protected":false},"author":1,"featured_media":1830,"comment_status":"closed","ping_status":"open","sticky":false,"template":"","format":"standard","meta":{"footnotes":""},"categories":[1],"tags":[],"class_list":["post-1831","post","type-post","status-publish","format-standard","has-post-thumbnail","hentry","category-uncategorized"],"_links":{"self":[{"href":"https:\/\/dobrezrodla.com\/index.php?rest_route=\/wp\/v2\/posts\/1831","targetHints":{"allow":["GET"]}}],"collection":[{"href":"https:\/\/dobrezrodla.com\/index.php?rest_route=\/wp\/v2\/posts"}],"about":[{"href":"https:\/\/dobrezrodla.com\/index.php?rest_route=\/wp\/v2\/types\/post"}],"author":[{"embeddable":true,"href":"https:\/\/dobrezrodla.com\/index.php?rest_route=\/wp\/v2\/users\/1"}],"replies":[{"embeddable":true,"href":"https:\/\/dobrezrodla.com\/index.php?rest_route=%2Fwp%2Fv2%2Fcomments&post=1831"}],"version-history":[{"count":1,"href":"https:\/\/dobrezrodla.com\/index.php?rest_route=\/wp\/v2\/posts\/1831\/revisions"}],"predecessor-version":[{"id":1832,"href":"https:\/\/dobrezrodla.com\/index.php?rest_route=\/wp\/v2\/posts\/1831\/revisions\/1832"}],"wp:featuredmedia":[{"embeddable":true,"href":"https:\/\/dobrezrodla.com\/index.php?rest_route=\/wp\/v2\/media\/1830"}],"wp:attachment":[{"href":"https:\/\/dobrezrodla.com\/index.php?rest_route=%2Fwp%2Fv2%2Fmedia&parent=1831"}],"wp:term":[{"taxonomy":"category","embeddable":true,"href":"https:\/\/dobrezrodla.com\/index.php?rest_route=%2Fwp%2Fv2%2Fcategories&post=1831"},{"taxonomy":"post_tag","embeddable":true,"href":"https:\/\/dobrezrodla.com\/index.php?rest_route=%2Fwp%2Fv2%2Ftags&post=1831"}],"curies":[{"name":"wp","href":"https:\/\/api.w.org\/{rel}","templated":true}]}}