{"id":1834,"date":"2025-07-21T04:40:07","date_gmt":"2025-07-21T04:40:07","guid":{"rendered":"https:\/\/dobrezrodla.com\/?p=1834"},"modified":"2025-07-21T04:40:07","modified_gmt":"2025-07-21T04:40:07","slug":"disensiuni-in-lumea-muzicii-populare-saveta-bogdan-intentioneaza-sa-actioneze-in-instanta-dupa-afirmatiile-lui-gheorghe-turda-2","status":"publish","type":"post","link":"https:\/\/dobrezrodla.com\/?p=1834","title":{"rendered":"Disensiuni \u00een lumea muzicii populare Saveta Bogdan inten\u021bioneaz\u0103 s\u0103 ac\u021bioneze \u00een instan\u021b\u0103 dup\u0103 afirma\u021biile lui Gheorghe Turda"},"content":{"rendered":"<p>\u00cen spa\u021biul public a ap\u0103rut recent o serie de declara\u021bii care au atras aten\u021bia asupra unei tensiuni mai vechi dintre doi arti\u0219ti cunoscu\u021bi ai muzicii populare: Gheorghe Turda \u0219i Saveta Bogdan. Declara\u021biile recente ale lui Turda, f\u0103cute \u00een cadrul unei emisiuni TV, au fost percepute de Saveta Bogdan ca fiind nejustificate, motiv pentru care artista a anun\u021bat c\u0103 analizeaz\u0103 posibilitatea de a apela la mijloace legale pentru a-\u0219i ap\u0103ra imaginea.<\/p>\n<p>Saveta Bogdan: \u201eC\u00e2nd revin \u00een \u021bar\u0103, voi discuta cu avoca\u021bii\u201d<\/p>\n<p>\u00centr-o interven\u021bie telefonic\u0103, Saveta Bogdan a spus c\u0103 este dezam\u0103git\u0103 de modul \u00een care i-a fost comentat\u0103 cariera, precum \u0219i de afirma\u021biile legate de via\u021ba ei personal\u0103. Artista a subliniat c\u0103 are o activitate muzical\u0103 de peste \u0219ase decenii, cu numeroase apari\u021bii scenice \u0219i premii ob\u021binute de-a lungul anilor, \u0219i consider\u0103 c\u0103 aceste aspecte nu pot fi contestate.<\/p>\n<p>\u201eEu am urcat pe scen\u0103 cu mul\u021bi soli\u0219ti, am avut colabor\u0103ri numeroase \u0219i recunoa\u0219tere profesional\u0103. Nu cred c\u0103 este \u00een regul\u0103 ca cineva s\u0103 minimalizeze o carier\u0103 at\u00e2t de lung\u0103. Am discutat cu avoca\u021bii \u0219i, c\u00e2nd m\u0103 \u00eentorc \u00een \u021bar\u0103, inten\u021bionez s\u0103 clarific aceste lucruri prin intermediul legal\u201d, a spus Saveta Bogdan.<\/p>\n<p>Contextul care a generat reac\u021bia<\/p>\n<p>Afirma\u021biile lui Gheorghe Turda, care au fost f\u0103cute \u00eentr-un context televizat, au inclus observa\u021bii despre parcursul profesional al Savetei Bogdan \u0219i unele interpret\u0103ri legate de dinamica dintre ei. Acestea nu au r\u0103mas f\u0103r\u0103 ecou, iar artista consider\u0103 c\u0103 imaginea sa public\u0103 a fost afectat\u0103.<\/p>\n<p>\u201eNu am avut niciun conflict personal \u0219i nici nu am f\u0103cut gesturi nepotrivite. E important s\u0103 ne respect\u0103m \u00eentre noi, mai ales c\u00e2nd avem \u00een spate o carier\u0103 artistic\u0103\u201d, a ad\u0103ugat interpreta.<\/p>\n<p>Reac\u021biile din public, \u00eemp\u0103r\u021bite<\/p>\n<p>Dup\u0103 difuzarea acestor declara\u021bii, reac\u021biile au fost diverse. Unii sus\u021bin versiunea Savetei Bogdan, apreciind longevitatea \u0219i activitatea sa artistic\u0103, \u00een timp ce al\u021bii s-au ar\u0103tat surprin\u0219i de declara\u021biile lui Gheorghe Turda. Cert este c\u0103 subiectul a reaprins interesul pentru dinamica din culisele lumii muzicale.<\/p>\n","protected":false},"excerpt":{"rendered":"<p>\u00cen spa\u021biul public a ap\u0103rut recent o serie de declara\u021bii care au atras aten\u021bia asupra unei tensiuni mai vechi dintre doi arti\u0219ti cunoscu\u021bi ai muzicii populare: Gheorghe Turda \u0219i Saveta Bogdan. Declara\u021biile recente ale lui Turda, f\u0103cute \u00een cadrul unei emisiuni TV, au fost percepute de Saveta Bogdan ca fiind nejustificate, motiv pentru care artista &#8230; <a title=\"Disensiuni \u00een lumea muzicii populare Saveta Bogdan inten\u021bioneaz\u0103 s\u0103 ac\u021bioneze \u00een instan\u021b\u0103 dup\u0103 afirma\u021biile lui Gheorghe Turda\" class=\"read-more\" href=\"https:\/\/dobrezrodla.com\/?p=1834\" aria-label=\"Read more about Disensiuni \u00een lumea muzicii populare Saveta Bogdan inten\u021bioneaz\u0103 s\u0103 ac\u021bioneze \u00een instan\u021b\u0103 dup\u0103 afirma\u021biile lui Gheorghe Turda\">Read more<\/a><\/p>\n","protected":false},"author":1,"featured_media":1833,"comment_status":"closed","ping_status":"open","sticky":false,"template":"","format":"standard","meta":{"footnotes":""},"categories":[1],"tags":[],"class_list":["post-1834","post","type-post","status-publish","format-standard","has-post-thumbnail","hentry","category-uncategorized"],"_links":{"self":[{"href":"https:\/\/dobrezrodla.com\/index.php?rest_route=\/wp\/v2\/posts\/1834","targetHints":{"allow":["GET"]}}],"collection":[{"href":"https:\/\/dobrezrodla.com\/index.php?rest_route=\/wp\/v2\/posts"}],"about":[{"href":"https:\/\/dobrezrodla.com\/index.php?rest_route=\/wp\/v2\/types\/post"}],"author":[{"embeddable":true,"href":"https:\/\/dobrezrodla.com\/index.php?rest_route=\/wp\/v2\/users\/1"}],"replies":[{"embeddable":true,"href":"https:\/\/dobrezrodla.com\/index.php?rest_route=%2Fwp%2Fv2%2Fcomments&post=1834"}],"version-history":[{"count":1,"href":"https:\/\/dobrezrodla.com\/index.php?rest_route=\/wp\/v2\/posts\/1834\/revisions"}],"predecessor-version":[{"id":1835,"href":"https:\/\/dobrezrodla.com\/index.php?rest_route=\/wp\/v2\/posts\/1834\/revisions\/1835"}],"wp:featuredmedia":[{"embeddable":true,"href":"https:\/\/dobrezrodla.com\/index.php?rest_route=\/wp\/v2\/media\/1833"}],"wp:attachment":[{"href":"https:\/\/dobrezrodla.com\/index.php?rest_route=%2Fwp%2Fv2%2Fmedia&parent=1834"}],"wp:term":[{"taxonomy":"category","embeddable":true,"href":"https:\/\/dobrezrodla.com\/index.php?rest_route=%2Fwp%2Fv2%2Fcategories&post=1834"},{"taxonomy":"post_tag","embeddable":true,"href":"https:\/\/dobrezrodla.com\/index.php?rest_route=%2Fwp%2Fv2%2Ftags&post=1834"}],"curies":[{"name":"wp","href":"https:\/\/api.w.org\/{rel}","templated":true}]}}