{"id":18358,"date":"2026-03-07T09:36:28","date_gmt":"2026-03-07T09:36:28","guid":{"rendered":"https:\/\/dobrezrodla.com\/?p=18358"},"modified":"2026-03-07T09:36:29","modified_gmt":"2026-03-07T09:36:29","slug":"nawrocki-zaprosil-premiera-szefa-mon-i-prezesa-nbp-na-spotkanie-ws-safe-0-proc-jest-data","status":"publish","type":"post","link":"https:\/\/dobrezrodla.com\/?p=18358","title":{"rendered":"Nawrocki zaprosi\u0142 premiera, szefa MON i prezesa NBP na spotkanie ws. SAFE 0 proc. Jest data"},"content":{"rendered":"\n<p><\/p>\n\n\n\n<p>Kancelaria Prezydenta zaprosi\u0142a przedstawicieli rz\u0105du na rozmowy dotycz\u0105ce alternatywnej propozycji finansowania obronno\u015bci zaproponowanej przez prezydenta Karola Nawrockiego.<\/p>\n\n\n\n<p>Chodzi o tzw. \u201ePolski SAFE 0 proc.\u201d \u2013 koncepcj\u0119, kt\u00f3ra wed\u0142ug Pa\u0142acu Prezydenckiego mia\u0142aby pozwoli\u0107 na znacz\u0105ce wsparcie modernizacji armii bez zaci\u0105gania wieloletnich po\u017cyczek.<\/p>\n\n\n\n<p>Sp\u00f3r wok\u00f3\u0142 tego rozwi\u0105zania wpisuje si\u0119 w szersz\u0105 dyskusj\u0119 o tym, jak Polska powinna finansowa\u0107 swoje zbrojenia. Do wiadomo\u015bci publicznej zosta\u0142a ju\u017c podana data spotkania Pa\u0142acu prezydenckiego z rz\u0105dem.<\/p>\n\n\n\n<p>Program SAFE dzieli polityk\u00f3w. O co naprawd\u0119 toczy si\u0119 sp\u00f3r?<br>\u00abPolski SAFE 0 proc.\u201d zamiast unijnego programu? Prezydent ma w\u0142asn\u0105 koncepcj\u0119<br>Rozmowy Nawrockiego z Tuskiem coraz bli\u017cej. Oto dok\u0142adna data<br>Program SAFE dzieli polityk\u00f3w. O co naprawd\u0119 toczy si\u0119 sp\u00f3r?<\/p>\n\n\n\n<p><br>Program SAFE (Security Action for Europe) to inicjatywa Unii Europejskiej maj\u0105ca na celu zwi\u0119kszenie zdolno\u015bci obronnych pa\u0144stw cz\u0142onkowskich poprzez wsp\u00f3lne finansowanie inwestycji w armi\u0119. Mechanizm zak\u0142ada mo\u017cliwo\u015b\u0107 skorzystania przez pa\u0144stwa z preferencyjnych po\u017cyczek przeznaczonych na modernizacj\u0119 si\u0142 zbrojnych oraz rozw\u00f3j przemys\u0142u obronnego. W Polsce temat ten sta\u0142 si\u0119 przedmiotem gor\u0105cej debaty politycznej, poniewa\u017c wymaga przyj\u0119cia odpowiedniej ustawy oraz decyzji prezydenta. Warto doda\u0107, \u017ce z unijnego SAFE Polska mog\u0142aby uzyska\u0107 ok. 43,7 mld. euro.<\/p>\n\n\n\n<p>Sejm przyj\u0105\u0142 ustaw\u0119 wdra\u017caj\u0105c\u0105 mechanizm SAFE, co oznacza, \u017ce ostateczna decyzja dotycz\u0105ca udzia\u0142u Polski w programie nale\u017cy do prezydenta. G\u0142owa pa\u0144stwa mo\u017ce ustaw\u0119 podpisa\u0107, zawetowa\u0107 lub skierowa\u0107 j\u0105 do Trybuna\u0142u Konstytucyjnego.<\/p>\n\n\n\n<p>Zwolennicy SAFE argumentuj\u0105, \u017ce w obliczu rosn\u0105cych napi\u0119\u0107 geopolitycznych w tym zagro\u017cenia ze strony Rosji zwi\u0119kszenie finansowania obronno\u015bci jest kluczowe dla bezpiecze\u0144stwa pa\u0144stw europejskich. Program ma pom\u00f3c w szybkim wzmacnianiu armii oraz rozwijaniu wsp\u00f3\u0142pracy w zakresie produkcji sprz\u0119tu wojskowego w Europie.<\/p>\n\n\n\n<p>Jednocze\u015bnie krytycy wskazuj\u0105, \u017ce korzystanie z unijnych instrument\u00f3w finansowych mo\u017ce oznacza\u0107 zwi\u0119kszenie zad\u0142u\u017cenia oraz ograniczenia dotycz\u0105ce sposobu wydawania \u015brodk\u00f3w, np. preferowanie zakup\u00f3w sprz\u0119tu w Europie. W\u0142a\u015bnie na tym tle pojawi\u0142a si\u0119 alternatywna propozycja przedstawiona przez prezydenta Karola Nawrockiego.<\/p>\n\n\n\n<figure class=\"wp-block-image\"><img decoding=\"async\" src=\"https:\/\/daily24.pl.ua\/wp-content\/uploads\/2026\/03\/image-16-1024x576.png\" alt=\"\" class=\"wp-image-32424\"\/><\/figure>\n\n\n\n<p>\u00abPolski SAFE 0 proc.\u201d zamiast unijnego programu? Prezydent ma w\u0142asn\u0105 koncepcj\u0119<br>Prezydent Karol Nawrocki zaproponowa\u0142 rozwi\u0105zanie okre\u015blane jako \u201epolski SAFE 0 proc.\u201d. Wed\u0142ug przedstawionej koncepcji Polska mog\u0142aby sfinansowa\u0107 znaczn\u0105 cz\u0119\u015b\u0107 wydatk\u00f3w na obronno\u015b\u0107 w oparciu o krajowe mechanizmy finansowe, bez konieczno\u015bci korzystania z po\u017cyczek w ramach unijnego programu. Pomys\u0142 powsta\u0142 po konsultacjach w Kancelarii Prezydenta oraz rozmowach z prezesem Narodowego Banku Polskiego Adamem Glapi\u0144skim.<\/p>\n\n\n\n<p>G\u0142\u00f3wnym za\u0142o\u017ceniem tej propozycji jest pozyskanie oko\u0142o 185 mld z\u0142 na modernizacj\u0119 si\u0142 zbrojnych w spos\u00f3b, kt\u00f3ry wed\u0142ug prezydenta nie wi\u0105za\u0142by si\u0119 z dodatkowymi kosztami odsetkowymi ani d\u0142ugoterminowym kredytem. Jak podkre\u015bla\u0142 Nawrocki, chodzi o rozwi\u0105zanie oparte na krajowych mo\u017cliwo\u015bciach finansowych, kt\u00f3re jednocze\u015bnie mia\u0142oby da\u0107 wi\u0119ksz\u0105 swobod\u0119 w zakupach uzbrojenia.<\/p>\n\n\n\n<p>Prezydent argumentowa\u0142, \u017ce Polska powinna rozwa\u017cy\u0107 w\u0142asne mechanizmy finansowania zanim zdecyduje si\u0119 na wieloletnie zobowi\u0105zania wynikaj\u0105ce z unijnych instrument\u00f3w.<\/p>\n\n\n\n<p>Mamy dla SAFE konkretn\u0105, polsk\u0105, bezpieczn\u0105 i suwerenn\u0105 alternatyw\u0119, kt\u00f3ra nie b\u0119dzie wi\u0105za\u0142a si\u0119 z \u017cadnymi odsetkami finansowymi<\/p>\n\n\n\n<p>&nbsp;\u2013 m\u00f3wi\u0142 Karol Nawrocki.<\/p>\n\n\n\n<p>Wed\u0142ug przedstawicieli Kancelarii Prezydenta propozycja ma by\u0107 punktem wyj\u015bcia do szerszej dyskusji z rz\u0105dem i ekspertami o sposobach finansowania bezpiecze\u0144stwa pa\u0144stwa. Rz\u0105dz\u0105cy podchodz\u0105 jednak do tego pomys\u0142u ostro\u017cnie. Wskazuj\u0105 m.in., \u017ce nie mo\u017cna zast\u0105pi\u0107 unijnego programu rozwi\u0105zaniem, kt\u00f3rego szczeg\u00f3\u0142y prawne i finansowe nie s\u0105 jeszcze w pe\u0142ni dopracowane.<\/p>\n\n\n\n<p>Debata wok\u00f3\u0142 SAFE i \u201epolskiego SAFE\u201d pokazuje szerszy sp\u00f3r o to, czy Polska powinna korzysta\u0107 przede wszystkim z instrument\u00f3w unijnych, czy raczej opiera\u0107 finansowanie obronno\u015bci na krajowych \u017ar\u00f3d\u0142ach.<\/p>\n\n\n\n<p>Rozmowy Nawrockiego z Tuskiem coraz bli\u017cej. Oto dok\u0142adna data<br>W zwi\u0105zku z przedstawion\u0105 propozycj\u0105 Kancelaria Prezydenta zaprosi\u0142a przedstawicieli rz\u0105du na konsultacje dotycz\u0105ce programu SAFE oraz koncepcji \u201epolskiego SAFE 0 proc.\u201d. Wed\u0142ug informacji przekazywanych przez przedstawicieli Pa\u0142acu Prezydenckiego spotkanie ma by\u0107 okazj\u0105 do przedstawienia argument\u00f3w za i przeciw obu rozwi\u0105zaniom oraz do pr\u00f3by wypracowania wsp\u00f3lnego stanowiska w sprawie finansowania obronno\u015bci.<\/p>\n\n\n\n<p>Jak informowa\u0142 szef Kancelarii Prezydenta Zbigniew Bogucki, rozmowy maj\u0105 dotyczy\u0107 szczeg\u00f3\u0142\u00f3w projektu oraz mo\u017cliwo\u015bci wsp\u00f3\u0142pracy pomi\u0119dzy rz\u0105dem, prezydentem i Narodowym Bankiem Polskim. Celem ma by\u0107 przeanalizowanie r\u00f3\u017cnych scenariuszy finansowania modernizacji armii oraz ocena ich konsekwencji dla bud\u017cetu pa\u0144stwa.<\/p>\n\n\n\n<p>Wed\u0142ug nieoficjalnych ustale\u0144 medi\u00f3w do spotkania ma doj\u015b\u0107 10 marca o godzinie 15:00, a jego uczestnikami maj\u0105 by\u0107 premier Donald Tusk, wicepremier i minister obrony narodowej W\u0142adys\u0142aw Kosiniak-Kamysz oraz szef NBP Adam Glapi\u0144ski. Konsultacje maj\u0105 dotyczy\u0107 zar\u00f3wno unijnego programu SAFE, jak i alternatywnej propozycji przedstawionej przez prezydenta.<\/p>\n\n\n\n<p>Termin spotkania zosta\u0142 wyznaczony jeszcze przed rozpocz\u0119ciem najbli\u017cszego posiedzenia Sejmu tak aby, je\u017celi b\u0119dzie to konieczne, przeprocedowa\u0107 zmiany ustawowe ju\u017c w przysz\u0142ym tygodniu<\/p>\n\n\n\n<p>-podkre\u015bli\u0142 Zbigniew Bogucki<\/p>\n\n\n\n<p>Rozmowy mog\u0105 okaza\u0107 si\u0119 kluczowe dla dalszych decyzji dotycz\u0105cych ustawy wdra\u017caj\u0105cej SAFE. Od stanowiska prezydenta zale\u017cy bowiem, czy Polska ostatecznie przyst\u0105pi do unijnego mechanizmu finansowania zbroje\u0144, czy te\u017c b\u0119dzie szuka\u0107 w\u0142asnych rozwi\u0105za\u0144 w tym zakresie.<\/p>\n\n\n\n<p>https:\/\/platform.twitter.com\/embed\/Tweet.html?dnt=false&#038;embedId=twitter-widget-0&#038;features=eyJ0ZndfdGltZWxpbmVfbGlzdCI6eyJidWNrZXQiOltdLCJ2ZXJzaW9uIjpudWxsfSwidGZ3X2ZvbGxvd2VyX2NvdW50X3N1bnNldCI6eyJidWNrZXQiOnRydWUsInZlcnNpb24iOm51bGx9LCJ0ZndfdHdlZXRfZWRpdF9iYWNrZW5kIjp7ImJ1Y2tldCI6Im9uIiwidmVyc2lvbiI6bnVsbH0sInRmd19yZWZzcmNfc2Vzc2lvbiI6eyJidWNrZXQiOiJvbiIsInZlcnNpb24iOm51bGx9LCJ0ZndfZm9zbnJfc29mdF9pbnRlcnZlbnRpb25zX2VuYWJsZWQiOnsiYnVja2V0Ijoib24iLCJ2ZXJzaW9uIjpudWxsfSwidGZ3X21peGVkX21lZGlhXzE1ODk3Ijp7ImJ1Y2tldCI6InRyZWF0bWVudCIsInZlcnNpb24iOm51bGx9LCJ0ZndfZXhwZXJpbWVudHNfY29va2llX2V4cGlyYXRpb24iOnsiYnVja2V0IjoxMjA5NjAwLCJ2ZXJzaW9uIjpudWxsfSwidGZ3X3Nob3dfYmlyZHdhdGNoX3Bpdm90c19lbmFibGVkIjp7ImJ1Y2tldCI6Im9uIiwidmVyc2lvbiI6bnVsbH0sInRmd19kdXBsaWNhdGVfc2NyaWJlc190b19zZXR0aW5ncyI6eyJidWNrZXQiOiJvbiIsInZlcnNpb24iOm51bGx9LCJ0ZndfdXNlX3Byb2ZpbGVfaW1hZ2Vfc2hhcGVfZW5hYmxlZCI6eyJidWNrZXQiOiJvbiIsInZlcnNpb24iOm51bGx9LCJ0ZndfdmlkZW9faGxzX2R5bmFtaWNfbWFuaWZlc3RzXzE1MDgyIjp7ImJ1Y2tldCI6InRydWVfYml0cmF0ZSIsInZlcnNpb24iOm51bGx9LCJ0ZndfbGVnYWN5X3RpbWVsaW5lX3N1bnNldCI6eyJidWNrZXQiOnRydWUsInZlcnNpb24iOm51bGx9LCJ0ZndfdHdlZXRfZWRpdF9mcm9udGVuZCI6eyJidWNrZXQiOiJvbiIsInZlcnNpb24iOm51bGx9fQ%3D%3D&#038;frame=false&#038;hideCard=false&#038;hideThread=false&#038;id=2029909665211957477&#038;lang=ru&#038;origin=https%3A%2F%2Fdaily24.pl.ua%2F%3Fp%3D32423&#038;sessionId=26b124661292fea026f91273ec2dc31f07bb2712&#038;theme=light&#038;widgetsVersion=2615f7e52b7e0%3A1702314776716&#038;width=550px<\/p>\n","protected":false},"excerpt":{"rendered":"<p>Kancelaria Prezydenta zaprosi\u0142a przedstawicieli rz\u0105du na rozmowy dotycz\u0105ce alternatywnej propozycji finansowania obronno\u015bci zaproponowanej przez prezydenta Karola Nawrockiego. Chodzi o tzw. \u201ePolski SAFE 0 proc.\u201d \u2013 koncepcj\u0119, kt\u00f3ra wed\u0142ug Pa\u0142acu Prezydenckiego mia\u0142aby pozwoli\u0107 na znacz\u0105ce wsparcie modernizacji armii bez zaci\u0105gania wieloletnich po\u017cyczek. Sp\u00f3r wok\u00f3\u0142 tego rozwi\u0105zania wpisuje si\u0119 w szersz\u0105 dyskusj\u0119 o tym, jak Polska powinna &#8230; <a title=\"Nawrocki zaprosi\u0142 premiera, szefa MON i prezesa NBP na spotkanie ws. SAFE 0 proc. Jest data\" class=\"read-more\" href=\"https:\/\/dobrezrodla.com\/?p=18358\" aria-label=\"Read more about Nawrocki zaprosi\u0142 premiera, szefa MON i prezesa NBP na spotkanie ws. SAFE 0 proc. Jest data\">Read more<\/a><\/p>\n","protected":false},"author":1,"featured_media":0,"comment_status":"open","ping_status":"open","sticky":false,"template":"","format":"standard","meta":{"footnotes":""},"categories":[1],"tags":[],"class_list":["post-18358","post","type-post","status-publish","format-standard","hentry","category-uncategorized"],"_links":{"self":[{"href":"https:\/\/dobrezrodla.com\/index.php?rest_route=\/wp\/v2\/posts\/18358","targetHints":{"allow":["GET"]}}],"collection":[{"href":"https:\/\/dobrezrodla.com\/index.php?rest_route=\/wp\/v2\/posts"}],"about":[{"href":"https:\/\/dobrezrodla.com\/index.php?rest_route=\/wp\/v2\/types\/post"}],"author":[{"embeddable":true,"href":"https:\/\/dobrezrodla.com\/index.php?rest_route=\/wp\/v2\/users\/1"}],"replies":[{"embeddable":true,"href":"https:\/\/dobrezrodla.com\/index.php?rest_route=%2Fwp%2Fv2%2Fcomments&post=18358"}],"version-history":[{"count":1,"href":"https:\/\/dobrezrodla.com\/index.php?rest_route=\/wp\/v2\/posts\/18358\/revisions"}],"predecessor-version":[{"id":18359,"href":"https:\/\/dobrezrodla.com\/index.php?rest_route=\/wp\/v2\/posts\/18358\/revisions\/18359"}],"wp:attachment":[{"href":"https:\/\/dobrezrodla.com\/index.php?rest_route=%2Fwp%2Fv2%2Fmedia&parent=18358"}],"wp:term":[{"taxonomy":"category","embeddable":true,"href":"https:\/\/dobrezrodla.com\/index.php?rest_route=%2Fwp%2Fv2%2Fcategories&post=18358"},{"taxonomy":"post_tag","embeddable":true,"href":"https:\/\/dobrezrodla.com\/index.php?rest_route=%2Fwp%2Fv2%2Ftags&post=18358"}],"curies":[{"name":"wp","href":"https:\/\/api.w.org\/{rel}","templated":true}]}}