{"id":18367,"date":"2026-03-07T09:40:39","date_gmt":"2026-03-07T09:40:39","guid":{"rendered":"https:\/\/dobrezrodla.com\/?p=18367"},"modified":"2026-03-07T09:40:40","modified_gmt":"2026-03-07T09:40:40","slug":"tusk-wprost-o-ewakuacji-polakow-z-bliskiego-wschodu-mowi-o-alercie","status":"publish","type":"post","link":"https:\/\/dobrezrodla.com\/?p=18367","title":{"rendered":"Tusk wprost o ewakuacji Polak\u00f3w z Bliskiego Wschodu. M\u00f3wi o &#8220;alercie&#8221;"},"content":{"rendered":"\n<p>Premier o ewakuacjach z Bliskiego Wschodu<\/p>\n\n\n\n<ul class=\"wp-block-list\">\n<li>Niech nie licz\u0105 na pob\u0142a\u017cliwo\u015b\u0107 ci, co do kt\u00f3rych b\u0119dziemy mieli pewno\u015b\u0107, \u017ce nie zdali egzaminu z jakiego\u015b niewyja\u015bnionego powodu. To jest alert. Wszyscy musz\u0105 by\u0107 w najwy\u017cszej gotowo\u015bci, skoncentrowani &#8211; m\u00f3wi\u0142 szef rz\u0105du w czasie spotkania zespo\u0142u koordynacyjnego ds. Bliskiego Wschodu.<\/li>\n<\/ul>\n\n\n\n<p>Co istotne, ewakuacja Polak\u00f3w z Jordanii, Izraela i Libanu zosta\u0142a praktycznie zako\u0144czona, o czym poinformowa\u0142 szef MSZ Rados\u0142aw Sikorski. Doda\u0142 przy tym, \u017ce wycieczki na Bliski Wsch\u00f3d s\u0105 &#8220;nareszcie odwo\u0142ywane&#8221; po konsultacjach premiera z bran\u017c\u0105 turystyczn\u0105 i licznych apelach rz\u0105du.<\/p>\n\n\n\n<p>Sytuacja w Dubaju &#8220;szczeg\u00f3lnie napi\u0119ta&#8221;<br>Premier Donald Tusk podkre\u015bli\u0142, \u017ce &#8220;maksymalnie istotn\u0105 potrzeb\u0105&#8221; jest w chwili obecnej rzetelne informowanie Polak\u00f3w przebywaj\u0105cych na Bliskim Wschodzie na temat mo\u017cliwo\u015bci powrotu. &#8211; Wed\u0142ug moich informacji szczeg\u00f3lnie du\u017co napi\u0119cia i niepokoju jest w Dubaju &#8211; wskaza\u0142.<\/p>\n\n\n\n<ul class=\"wp-block-list\">\n<li>Wiem, \u017ce jest infolinia &#8211; ju\u017c sam sprawdza\u0142em, czy ona dzia\u0142a i nie mam tutaj wi\u0119kszych zastrze\u017ce\u0144 &#8211; ale to nie wystarczy. Musimy by\u0107 nie reaktywni, ale aktywni i stara\u0107 si\u0119 dociera\u0107 z informacj\u0105 &#8211; t\u0142umaczy\u0142.<\/li>\n<\/ul>\n\n\n\n<p>Zdaniem szefa rz\u0105du znacznie lepsza jest informacja o braku dost\u0119pnego lotu danego dnia, ni\u017c brak jakiejkolwiek informacji. &#8211; Bardzo prosz\u0119 o maksymaln\u0105 koncentracj\u0119 i docieranie do wszystkich zainteresowanych wyprzedzaj\u0105co z informacj\u0105 &#8211; apelowa\u0142.<\/p>\n","protected":false},"excerpt":{"rendered":"<p>Premier o ewakuacjach z Bliskiego Wschodu Co istotne, ewakuacja Polak\u00f3w z Jordanii, Izraela i Libanu zosta\u0142a praktycznie zako\u0144czona, o czym poinformowa\u0142 szef MSZ Rados\u0142aw Sikorski. Doda\u0142 przy tym, \u017ce wycieczki na Bliski Wsch\u00f3d s\u0105 &#8220;nareszcie odwo\u0142ywane&#8221; po konsultacjach premiera z bran\u017c\u0105 turystyczn\u0105 i licznych apelach rz\u0105du. Sytuacja w Dubaju &#8220;szczeg\u00f3lnie napi\u0119ta&#8221;Premier Donald Tusk podkre\u015bli\u0142, \u017ce &#8230; <a title=\"Tusk wprost o ewakuacji Polak\u00f3w z Bliskiego Wschodu. M\u00f3wi o &#8220;alercie&#8221;\" class=\"read-more\" href=\"https:\/\/dobrezrodla.com\/?p=18367\" aria-label=\"Read more about Tusk wprost o ewakuacji Polak\u00f3w z Bliskiego Wschodu. M\u00f3wi o &#8220;alercie&#8221;\">Read more<\/a><\/p>\n","protected":false},"author":1,"featured_media":0,"comment_status":"open","ping_status":"open","sticky":false,"template":"","format":"standard","meta":{"footnotes":""},"categories":[1],"tags":[],"class_list":["post-18367","post","type-post","status-publish","format-standard","hentry","category-uncategorized"],"_links":{"self":[{"href":"https:\/\/dobrezrodla.com\/index.php?rest_route=\/wp\/v2\/posts\/18367","targetHints":{"allow":["GET"]}}],"collection":[{"href":"https:\/\/dobrezrodla.com\/index.php?rest_route=\/wp\/v2\/posts"}],"about":[{"href":"https:\/\/dobrezrodla.com\/index.php?rest_route=\/wp\/v2\/types\/post"}],"author":[{"embeddable":true,"href":"https:\/\/dobrezrodla.com\/index.php?rest_route=\/wp\/v2\/users\/1"}],"replies":[{"embeddable":true,"href":"https:\/\/dobrezrodla.com\/index.php?rest_route=%2Fwp%2Fv2%2Fcomments&post=18367"}],"version-history":[{"count":1,"href":"https:\/\/dobrezrodla.com\/index.php?rest_route=\/wp\/v2\/posts\/18367\/revisions"}],"predecessor-version":[{"id":18368,"href":"https:\/\/dobrezrodla.com\/index.php?rest_route=\/wp\/v2\/posts\/18367\/revisions\/18368"}],"wp:attachment":[{"href":"https:\/\/dobrezrodla.com\/index.php?rest_route=%2Fwp%2Fv2%2Fmedia&parent=18367"}],"wp:term":[{"taxonomy":"category","embeddable":true,"href":"https:\/\/dobrezrodla.com\/index.php?rest_route=%2Fwp%2Fv2%2Fcategories&post=18367"},{"taxonomy":"post_tag","embeddable":true,"href":"https:\/\/dobrezrodla.com\/index.php?rest_route=%2Fwp%2Fv2%2Ftags&post=18367"}],"curies":[{"name":"wp","href":"https:\/\/api.w.org\/{rel}","templated":true}]}}