{"id":18369,"date":"2026-03-07T09:41:16","date_gmt":"2026-03-07T09:41:16","guid":{"rendered":"https:\/\/dobrezrodla.com\/?p=18369"},"modified":"2026-03-07T09:41:16","modified_gmt":"2026-03-07T09:41:16","slug":"jest-wniosek-o-ukaranie-suskiego-nie-ma-zgody-na-opluwanie-munduru","status":"publish","type":"post","link":"https:\/\/dobrezrodla.com\/?p=18369","title":{"rendered":"Jest wniosek o ukaranie Suskiego. &#8220;Nie ma zgody na opluwanie munduru&#8221;"},"content":{"rendered":"\n<p>Kosiniak-Kamysz reaguje na s\u0142owa Suskiego<br>Minister obrony narodowej W\u0142adys\u0142aw Kosiniak-Kamysz skierowa\u0142 do Komisji Etyki Poselskiej wniosek o ukaranie pos\u0142a PiS Marka Suskiego. Wed\u0142ug szefa MON powodem jest publiczne zniewa\u017cenie oficera Wojska Polskiego podczas uroczysto\u015bci pa\u0144stwowej w Radomiu.<\/p>\n\n\n\n<p>&#8220;Nie ma zgody na opluwanie polskiego munduru. Stoj\u0119 murem za \u017co\u0142nierzami Wojska Polskiego. Ka\u017cdy, kto pr\u00f3buje upokarza\u0107 \u017co\u0142nierzy dla politycznego spektaklu, musi liczy\u0107 si\u0119 z konsekwencjami! Zawsze!&#8221; &#8211; napisa\u0142 minister w mediach spo\u0142eczno\u015bciowych.<\/p>\n\n\n\n<p>Suski wtargn\u0105\u0142 na m\u00f3wnic\u0119. Co powiedzia\u0142?<br>Do incydentu dosz\u0142o podczas radomskich obchod\u00f3w Dnia Pami\u0119ci \u017bo\u0142nierzy Wykl\u0119tych. Pose\u0142 PiS, kt\u00f3ry nie by\u0142 przewidziany w programie wyst\u0105pie\u0144, sam wszed\u0142 na m\u00f3wnic\u0119. W swoim przem\u00f3wieniu ostro krytykowa\u0142 rz\u0105d oraz marsza\u0142ka Sejmu.<\/p>\n\n\n\n<p>W trakcie wyst\u0105pienia Marek Suski skierowa\u0142 r\u00f3wnie\u017c zarzuty pod adresem szefa Garnizonu Radom, majora Andrzeja Kalisiaka, sugeruj\u0105c jego powi\u0105zania z koalicj\u0105 rz\u0105dz\u0105c\u0105. W \u015brodowisku wojskowym s\u0142owa te zosta\u0142y odebrane jako podwa\u017canie autorytetu oficera i jego stopnia wojskowego.<\/p>\n\n\n\n<p>Sprawa ma teraz trafi\u0107 do Komisji Etyki Poselskiej, kt\u00f3ra zdecyduje, czy wobec pos\u0142a zostan\u0105 wyci\u0105gni\u0119te konsekwencje. Konflikt wywo\u0142a\u0142 ju\u017c szerok\u0105 debat\u0119 o szacunku dla munduru Wojska Polskiego.<\/p>\n","protected":false},"excerpt":{"rendered":"<p>Kosiniak-Kamysz reaguje na s\u0142owa SuskiegoMinister obrony narodowej W\u0142adys\u0142aw Kosiniak-Kamysz skierowa\u0142 do Komisji Etyki Poselskiej wniosek o ukaranie pos\u0142a PiS Marka Suskiego. Wed\u0142ug szefa MON powodem jest publiczne zniewa\u017cenie oficera Wojska Polskiego podczas uroczysto\u015bci pa\u0144stwowej w Radomiu. &#8220;Nie ma zgody na opluwanie polskiego munduru. Stoj\u0119 murem za \u017co\u0142nierzami Wojska Polskiego. Ka\u017cdy, kto pr\u00f3buje upokarza\u0107 \u017co\u0142nierzy dla &#8230; <a title=\"Jest wniosek o ukaranie Suskiego. &#8220;Nie ma zgody na opluwanie munduru&#8221;\" class=\"read-more\" href=\"https:\/\/dobrezrodla.com\/?p=18369\" aria-label=\"Read more about Jest wniosek o ukaranie Suskiego. &#8220;Nie ma zgody na opluwanie munduru&#8221;\">Read more<\/a><\/p>\n","protected":false},"author":1,"featured_media":0,"comment_status":"open","ping_status":"open","sticky":false,"template":"","format":"standard","meta":{"footnotes":""},"categories":[1],"tags":[],"class_list":["post-18369","post","type-post","status-publish","format-standard","hentry","category-uncategorized"],"_links":{"self":[{"href":"https:\/\/dobrezrodla.com\/index.php?rest_route=\/wp\/v2\/posts\/18369","targetHints":{"allow":["GET"]}}],"collection":[{"href":"https:\/\/dobrezrodla.com\/index.php?rest_route=\/wp\/v2\/posts"}],"about":[{"href":"https:\/\/dobrezrodla.com\/index.php?rest_route=\/wp\/v2\/types\/post"}],"author":[{"embeddable":true,"href":"https:\/\/dobrezrodla.com\/index.php?rest_route=\/wp\/v2\/users\/1"}],"replies":[{"embeddable":true,"href":"https:\/\/dobrezrodla.com\/index.php?rest_route=%2Fwp%2Fv2%2Fcomments&post=18369"}],"version-history":[{"count":1,"href":"https:\/\/dobrezrodla.com\/index.php?rest_route=\/wp\/v2\/posts\/18369\/revisions"}],"predecessor-version":[{"id":18371,"href":"https:\/\/dobrezrodla.com\/index.php?rest_route=\/wp\/v2\/posts\/18369\/revisions\/18371"}],"wp:attachment":[{"href":"https:\/\/dobrezrodla.com\/index.php?rest_route=%2Fwp%2Fv2%2Fmedia&parent=18369"}],"wp:term":[{"taxonomy":"category","embeddable":true,"href":"https:\/\/dobrezrodla.com\/index.php?rest_route=%2Fwp%2Fv2%2Fcategories&post=18369"},{"taxonomy":"post_tag","embeddable":true,"href":"https:\/\/dobrezrodla.com\/index.php?rest_route=%2Fwp%2Fv2%2Ftags&post=18369"}],"curies":[{"name":"wp","href":"https:\/\/api.w.org\/{rel}","templated":true}]}}