{"id":18384,"date":"2026-03-07T09:46:33","date_gmt":"2026-03-07T09:46:33","guid":{"rendered":"https:\/\/dobrezrodla.com\/?p=18384"},"modified":"2026-03-07T09:46:34","modified_gmt":"2026-03-07T09:46:34","slug":"nowacka-musi-przeprosic-roszkowskiego-jest-decyzja-sadu","status":"publish","type":"post","link":"https:\/\/dobrezrodla.com\/?p=18384","title":{"rendered":"Nowacka musi przeprosi\u0107 Roszkowskiego. Jest decyzja s\u0105du"},"content":{"rendered":"\n<p>Ministra ma przeprosi\u0107 za s\u0142owa nt. podr\u0119cznika HiT<br>Proces wytoczony przez autora podr\u0119cznika do przedmiotu historia i tera\u017aniejszo\u015b\u0107 prof. Wojciecha Roszkowskiego przeciw ministrze edukacji Barbarze Nowackiej ruszy\u0142 w lutym. Pozew dotyczy\u0142 naruszenia d\u00f3br osobistychw wypowiedzi Nowackiej z konwencji Koalicji Obywatelskiej 12 pa\u017adziernika 2024 r.<\/p>\n\n\n\n<ul class=\"wp-block-list\">\n<li>Oni uczyli k\u0142amstwa. Przypomnijcie sobie, taki przedmiot wprowadzili do szk\u00f3\u0142, nowy przedmiot historia i tera\u017aniejszo\u015b\u0107. Tam k\u0142amstwo by\u0142o na ka\u017cdej stronie podr\u0119cznika. Oni tam uczyli jak k\u0142ama\u0107 i manipulowa\u0107. A co my robimy? My zapewniaj\u0105c to bezpiecze\u0144stwo, wprowadzamy edukacj\u0119 obywatelsk\u0105, \u017ceby m\u0142odzi (\u2026) nauczyli si\u0119 ze sob\u0105 spiera\u0107, debatowa\u0107, r\u00f3\u017cni\u0107 mi\u0119dzy sob\u0105, bo my si\u0119 czasami mi\u0119dzy sob\u0105 r\u00f3\u017cnimy, to jest s\u00f3l demokracji &#8211; m\u00f3wi\u0142a ministra.<\/li>\n<\/ul>\n\n\n\n<p>Og\u0142aszaj\u0105c wyrok, s\u0119dzia Magdalena Kubczak argumentowa\u0142a, \u017ce ministra przekroczy\u0142a granice wolno\u015bci s\u0142owa. &#8211; W ocenie s\u0105du taki zarzut (\u2026) pod adresem autora podr\u0119cznika narusza dobra osobiste, poniewa\u017c zarzucenie naukowcowi, autorowi podr\u0119cznika, \u017ce podr\u0119cznik zawiera k\u0142amstwa, z pewno\u015bci\u0105 narusza (\u2026) autorytet naukowy i rzetelno\u015b\u0107 (prof. Roszkowskiego) &#8211; m\u00f3wi\u0142a.<\/p>\n\n\n\n<p>S\u0119dzia kilkakrotnie wskazywa\u0142a, \u017ce wypowied\u017a Barbary Nowackiej mia\u0142a miejsce podczas konwencji KO, a jej przebieg by\u0142 emitowany w mediach. Oceni\u0142a, \u017ce nale\u017cy wzi\u0105\u0107 pod uwag\u0119, \u017ce im osoba pe\u0142ni wy\u017csz\u0105 funkcj\u0119, tym jej s\u0142owa s\u0105 &#8220;no\u015bniejsze&#8221; oraz \u017ce ta wypowied\u017a przedosta\u0142a si\u0119 do \u015bwiadomo\u015bci spo\u0142ecznej. &#8211; Czym innym jest krytyka pewnych zjawisk spo\u0142ecznych (\u2026), a czym innym jest odniesienie si\u0119 do konkretnej osoby &#8211; powiedzia\u0142a. Doda\u0142a, \u017ce kontekst tej wypowiedzi nie uzasadnia\u0142 tak mocnych s\u0142\u00f3w.<\/p>\n\n\n\n<p>Barbara Nowacka ma przeprosi\u0107 profesora Roszkowskiego na kanale internetowym Koalicji Obywatelskiej, bo tam by\u0142a transmitowana konwencja.<\/p>\n\n\n\n<p>Roszkowski domaga\u0142 si\u0119 ponad p\u00f3\u0142 miliona z\u0142otych<br>Roszkowski za\u017c\u0105da\u0142 tak\u017ce roszczenia w wysoko\u015bci 1 tys. z\u0142 za ka\u017cd\u0105 stron\u0119 &#8211; \u0142\u0105cznie 512 tys. z\u0142. Zado\u015b\u0107uczynienia nie przyznano. S\u0119dzia wyja\u015bni\u0142a, \u017ce s\u0105d uzna\u0142, \u017ce \u017c\u0105danie go jest nie adekwatne. S\u0119dzia Kubczyk wskaza\u0142a, \u017ce podstawnym sposobem usuni\u0119cia skutk\u00f3w naruszenia dobra osobistego s\u0105 przeprosiny osoby, kt\u00f3rej dobra zosta\u0142y naruszone. &#8211; Zado\u015b\u0107uczynienie mo\u017ce by\u0107 zas\u0105dzone tylko wtedy, kiedy s\u0105d by uzna\u0142, \u017ce same przeprosiny s\u0105 niewystarczaj\u0105ce &#8211; podkre\u015bli\u0142a s\u0119dzia.<\/p>\n\n\n\n<p>Zar\u00f3wno przedmiot &#8211; historia i tera\u017aniejszo\u015b\u0107, jak i podr\u0119cznik by\u0142y szeroko krytykowane, r\u00f3wnie\u017c przez \u015brodowiska historyczne. Ostatecznie, decyzj\u0105 Barbary Nowackiej HiT wycofano ze szk\u00f3\u0142.<\/p>\n","protected":false},"excerpt":{"rendered":"<p>Ministra ma przeprosi\u0107 za s\u0142owa nt. podr\u0119cznika HiTProces wytoczony przez autora podr\u0119cznika do przedmiotu historia i tera\u017aniejszo\u015b\u0107 prof. Wojciecha Roszkowskiego przeciw ministrze edukacji Barbarze Nowackiej ruszy\u0142 w lutym. Pozew dotyczy\u0142 naruszenia d\u00f3br osobistychw wypowiedzi Nowackiej z konwencji Koalicji Obywatelskiej 12 pa\u017adziernika 2024 r. Og\u0142aszaj\u0105c wyrok, s\u0119dzia Magdalena Kubczak argumentowa\u0142a, \u017ce ministra przekroczy\u0142a granice wolno\u015bci s\u0142owa. &#8230; <a title=\"Nowacka musi przeprosi\u0107 Roszkowskiego. Jest decyzja s\u0105du\" class=\"read-more\" href=\"https:\/\/dobrezrodla.com\/?p=18384\" aria-label=\"Read more about Nowacka musi przeprosi\u0107 Roszkowskiego. Jest decyzja s\u0105du\">Read more<\/a><\/p>\n","protected":false},"author":1,"featured_media":0,"comment_status":"open","ping_status":"open","sticky":false,"template":"","format":"standard","meta":{"footnotes":""},"categories":[1],"tags":[],"class_list":["post-18384","post","type-post","status-publish","format-standard","hentry","category-uncategorized"],"_links":{"self":[{"href":"https:\/\/dobrezrodla.com\/index.php?rest_route=\/wp\/v2\/posts\/18384","targetHints":{"allow":["GET"]}}],"collection":[{"href":"https:\/\/dobrezrodla.com\/index.php?rest_route=\/wp\/v2\/posts"}],"about":[{"href":"https:\/\/dobrezrodla.com\/index.php?rest_route=\/wp\/v2\/types\/post"}],"author":[{"embeddable":true,"href":"https:\/\/dobrezrodla.com\/index.php?rest_route=\/wp\/v2\/users\/1"}],"replies":[{"embeddable":true,"href":"https:\/\/dobrezrodla.com\/index.php?rest_route=%2Fwp%2Fv2%2Fcomments&post=18384"}],"version-history":[{"count":1,"href":"https:\/\/dobrezrodla.com\/index.php?rest_route=\/wp\/v2\/posts\/18384\/revisions"}],"predecessor-version":[{"id":18387,"href":"https:\/\/dobrezrodla.com\/index.php?rest_route=\/wp\/v2\/posts\/18384\/revisions\/18387"}],"wp:attachment":[{"href":"https:\/\/dobrezrodla.com\/index.php?rest_route=%2Fwp%2Fv2%2Fmedia&parent=18384"}],"wp:term":[{"taxonomy":"category","embeddable":true,"href":"https:\/\/dobrezrodla.com\/index.php?rest_route=%2Fwp%2Fv2%2Fcategories&post=18384"},{"taxonomy":"post_tag","embeddable":true,"href":"https:\/\/dobrezrodla.com\/index.php?rest_route=%2Fwp%2Fv2%2Ftags&post=18384"}],"curies":[{"name":"wp","href":"https:\/\/api.w.org\/{rel}","templated":true}]}}