{"id":18388,"date":"2026-03-07T09:47:17","date_gmt":"2026-03-07T09:47:17","guid":{"rendered":"https:\/\/dobrezrodla.com\/?p=18388"},"modified":"2026-03-07T09:47:18","modified_gmt":"2026-03-07T09:47:18","slug":"trump-kuba-tez-padnie","status":"publish","type":"post","link":"https:\/\/dobrezrodla.com\/?p=18388","title":{"rendered":"Trump: Kuba te\u017c padnie"},"content":{"rendered":"\n<p>Prezydent USA Donald Trump zasugerowa\u0142, \u017ce po zako\u0144czeniu operacji wojskowej w Iranie Stany Zjednoczone skieruj\u0105 uwag\u0119 w stron\u0119 Kuby. <\/p>\n\n\n\n<p>Pochwali\u0142 sekretarza stanu Marco Rubio za dzia\u0142ania wobec wyspiarskiego pa\u0144stwa.<br>Marek Wa\u0142kuski<\/p>\n\n\n\n<p>2026-03-06, 19:20<\/p>\n\n\n\n<p>Donald Trump: Kuba b\u0119dzie nast\u0119pna. Foto: REUTERS<br>Ameryka\u0144ski przyw\u00f3dca m\u00f3wi\u0142 o przej\u0119ciu Kuby podczas spotkania w Bia\u0142ym Domu z pi\u0142karzami Interu Miami &#8211; mistrzami ligi MLS. <\/p>\n\n\n\n<p>By\u0142o w\u015br\u00f3d nich wielu Amerykan\u00f3w kuba\u0144skiego pochodzenia. &#8211; To tylko kwestia czasu, kiedy b\u0119dziecie mogli wr\u00f3ci\u0107 na Kub\u0119. Mam nadziej\u0119, \u017ce nie na sta\u0142e, bo nie chcemy was straci\u0107 &#8211; powiedzia\u0142.<\/p>\n\n\n\n<p>Donald Trump pochwali\u0142 sekretarza stanu Marco Rubio za rozmowy, kt\u00f3re prowadzi z Hawan\u0105. &#8211; To, co dzieje si\u0119 z Kub\u0105, jest niezwyk\u0142e. Ale teraz prowadzimy inn\u0105 akcj\u0119 i musimy j\u0105 doko\u0144czy\u0107 &#8211; m\u00f3wi\u0142 prezydent USA odnosz\u0105c si\u0119 do Iranu.<\/p>\n\n\n\n<p>Po tym, jak w styczniu armia USA zaatakowa\u0142a Wenezuel\u0119 &#8211; g\u0142\u00f3wnego eksportera ropy na Kub\u0119, Waszyngton odci\u0105\u0142 wysp\u0119 od dostaw. W wywiadzie dla Politico Donald Trump przypisa\u0142 sobie zas\u0142ug\u0119 &#8220;uduszenia kuba\u0144skiej gospodarki&#8221;. &#8211; Odci\u0119li\u015bmy wszystko &#8211; i teraz chc\u0105 rozmawia\u0107 &#8211; powiedzia\u0142. Doda\u0142, \u017ce po obaleniu ira\u0144skiego re\u017cimu &#8220;Kuba te\u017c upadnie&#8221;.<\/p>\n","protected":false},"excerpt":{"rendered":"<p>Prezydent USA Donald Trump zasugerowa\u0142, \u017ce po zako\u0144czeniu operacji wojskowej w Iranie Stany Zjednoczone skieruj\u0105 uwag\u0119 w stron\u0119 Kuby. Pochwali\u0142 sekretarza stanu Marco Rubio za dzia\u0142ania wobec wyspiarskiego pa\u0144stwa.Marek Wa\u0142kuski 2026-03-06, 19:20 Donald Trump: Kuba b\u0119dzie nast\u0119pna. Foto: REUTERSAmeryka\u0144ski przyw\u00f3dca m\u00f3wi\u0142 o przej\u0119ciu Kuby podczas spotkania w Bia\u0142ym Domu z pi\u0142karzami Interu Miami &#8211; mistrzami &#8230; <a title=\"Trump: Kuba te\u017c padnie\" class=\"read-more\" href=\"https:\/\/dobrezrodla.com\/?p=18388\" aria-label=\"Read more about Trump: Kuba te\u017c padnie\">Read more<\/a><\/p>\n","protected":false},"author":1,"featured_media":0,"comment_status":"open","ping_status":"open","sticky":false,"template":"","format":"standard","meta":{"footnotes":""},"categories":[1],"tags":[],"class_list":["post-18388","post","type-post","status-publish","format-standard","hentry","category-uncategorized"],"_links":{"self":[{"href":"https:\/\/dobrezrodla.com\/index.php?rest_route=\/wp\/v2\/posts\/18388","targetHints":{"allow":["GET"]}}],"collection":[{"href":"https:\/\/dobrezrodla.com\/index.php?rest_route=\/wp\/v2\/posts"}],"about":[{"href":"https:\/\/dobrezrodla.com\/index.php?rest_route=\/wp\/v2\/types\/post"}],"author":[{"embeddable":true,"href":"https:\/\/dobrezrodla.com\/index.php?rest_route=\/wp\/v2\/users\/1"}],"replies":[{"embeddable":true,"href":"https:\/\/dobrezrodla.com\/index.php?rest_route=%2Fwp%2Fv2%2Fcomments&post=18388"}],"version-history":[{"count":1,"href":"https:\/\/dobrezrodla.com\/index.php?rest_route=\/wp\/v2\/posts\/18388\/revisions"}],"predecessor-version":[{"id":18389,"href":"https:\/\/dobrezrodla.com\/index.php?rest_route=\/wp\/v2\/posts\/18388\/revisions\/18389"}],"wp:attachment":[{"href":"https:\/\/dobrezrodla.com\/index.php?rest_route=%2Fwp%2Fv2%2Fmedia&parent=18388"}],"wp:term":[{"taxonomy":"category","embeddable":true,"href":"https:\/\/dobrezrodla.com\/index.php?rest_route=%2Fwp%2Fv2%2Fcategories&post=18388"},{"taxonomy":"post_tag","embeddable":true,"href":"https:\/\/dobrezrodla.com\/index.php?rest_route=%2Fwp%2Fv2%2Ftags&post=18388"}],"curies":[{"name":"wp","href":"https:\/\/api.w.org\/{rel}","templated":true}]}}