{"id":1886,"date":"2025-07-21T12:01:27","date_gmt":"2025-07-21T12:01:27","guid":{"rendered":"https:\/\/dobrezrodla.com\/?p=1886"},"modified":"2025-07-21T12:01:27","modified_gmt":"2025-07-21T12:01:27","slug":"nicusor-dan-a-fost-invitat-oficial-la-washington-de-catre-donald-trump-seful-cancelariei-trebuie-sa-o-concretizam-cat-mai-curand-posibil","status":"publish","type":"post","link":"https:\/\/dobrezrodla.com\/?p=1886","title":{"rendered":"Nicu\u0219or Dan a fost invitat oficial la Washington de c\u0103tre Donald Trump. \u0218eful Cancelariei Trebuie s\u0103 o concretiz\u0103m c\u00e2t mai cur\u00e2nd posibil"},"content":{"rendered":"<p>Cristian Diaconescu, consilier preziden\u021bial pe probleme de securitate na\u021bional\u0103 \u0219i totodat\u0103 \u0219eful Cancelariei Preziden\u021biale, a dezv\u0103luit \u00eentr-un interviu televizat difuzat duminic\u0103 faptul c\u0103 pre\u0219edintele american Donald Trump i-a adresat lui Nicu\u0219or Dan o invita\u021bie oficial\u0103 de a vizita Statele Unite. Anun\u021bul vine la o zi dup\u0103 ce ministra de Externe, Oana \u021aoiu, a declarat, \u00een exclusivitate la Antena 3 CNN, c\u0103 \u00een septembrie va merge la New York \u0219i Washington, iar pe agenda sa se afl\u0103 \u0219i preg\u0103tirea unei \u00eentrevederi \u00eentre pre\u0219edintele Rom\u00e2niei \u0219i cel american.<\/p>\n<p>Momentan, data vizitei lui Nicu\u0219or Dan \u00een SUA nu este stabilit\u0103<\/p>\n<p>Potrivit lui Cristian Diaconescu, nu s-a fixat \u00eenc\u0103 o dat\u0103 precis\u0103 pentru deplasarea oficial\u0103 a pre\u0219edintelui Nicu\u0219or Dan \u00een Statele Unite.<\/p>\n<p>\u201cExist\u0103 o invita\u021bie oficial\u0103 din partea pre\u0219edintelui Donald Trump. Cei doi au avut un dialog foarte bun \u00een urm\u0103 cu o lun\u0103 (n.r.: la summitul NATO de la Haga.). Invita\u021bia a fost transmis\u0103 formal\u201d, a anun\u021bat consilierul preziden\u021bial pe securitate na\u021bional\u0103 \u00een cadrul interviului oferit duminic\u0103 seara la o emisiune TV.<\/p>\n<p>Acesta a l\u0103udat ini\u021biativa Ministerului Afacerilor Externe \u00een organizarea acestei vizite, subliniind c\u0103 nu exist\u0103, deocamdat\u0103, o dat\u0103 cert\u0103 pentru \u00eent\u00e2lnirea liderilor celor dou\u0103 state.<\/p>\n<p>\u201cDepinde de rapiditatea cu care se stabile\u0219te agenda vizitei \u0219i nivelul de acces, \u021bin\u00e2nd cont c\u0103 discut\u0103m de o putere global\u0103 (\u2026) Dac\u0103 se poate stabili rapid agenda, pre\u0219edintele Trump va fi foarte interesat de un asemenea dialog\u201d, a mai spus Cristian Diaconescu, care a amintit c\u0103 Rom\u00e2nia este un juc\u0103tor semnificativ pe flancul estic al NATO.<\/p>\n<p>\u00centrebat despre criticile privind componen\u021ba delega\u021biei care l-a \u00eenso\u021bit recent pe pre\u0219edintele Rom\u00e2niei \u00een vizita din Germania \u2014 unde majoritatea membrilor au fost mini\u0219tri din USR, al\u0103turi de primarul Timi\u0219oarei, Dominic Fritz \u2014 Cristian Diaconescu a afirmat c\u0103 echipa a fost alc\u0103tuit\u0103 \u00een func\u021bie de priorit\u0103\u021bile diplomatice \u0219i de responsabilit\u0103\u021bile specifice fiec\u0103rui minister.<\/p>\n<p>Pe l\u00e2ng\u0103 ministra Oana \u021aoiu, Diaconescu a explicat c\u0103 Germania este cel mai important partener comercial al Rom\u00e2niei, iar interesul pentru colabor\u0103rile \u00een domeniul ap\u0103r\u0103rii, sus\u021binute la nivelul UE, justific\u0103 prezen\u021ba mini\u0219trilor Radu Miru\u021b\u0103 \u0219i Ionu\u021b Mo\u0219teanu.<\/p>\n<p>Referitor la participarea lui Dominic Fritz, Diaconescu a spus c\u0103 \u00een Germania, comunitatea german\u0103 din Rom\u00e2nia este considerat\u0103 \u201eparte din familie\u201d.<\/p>\n<p>Oana \u021aoiu va pune bazele \u00eentrevederii dintre Nicu\u0219or Dan \u0219i Donald Trump<\/p>\n<p>Oana \u021aoiu, \u0219efa diploma\u021biei rom\u00e2ne, a anun\u021bat s\u00e2mb\u0103t\u0103 seara, \u00eentr-un interviu acordat \u00een exclusivitate postului Antena 3 CNN, c\u0103 va pleca \u00een SUA \u00een septembrie, av\u00e2nd ca obiectiv principal preg\u0103tirea unei eventuale \u00eent\u00e2lniri \u00eentre pre\u0219edintele Nicu\u0219or Dan \u0219i Donald Trump.<\/p>\n<p>\u201cEu ajung \u00een Statele Unite \u00een septembrie \u2013 \u00een New York \u015fi Washington, inclusiv cu miza de a preg\u0103ti \u00eent\u00e2lnirea bilateral\u0103 dintre Donald Trump \u015fi Nicu\u015for Dan. (\u2026). Sunt \u00eenc\u0103 \u00een lucru aceste discu\u0163ii\u201d, a declarat ministrul Afacerilor Externe<\/p>\n<p>Cei doi lideri, pre\u0219edintele Rom\u00e2niei \u0219i cel al SUA, au avut o scurt\u0103 interac\u021biune direct\u0103 pe 25 iunie, \u00een cadrul summitului NATO desf\u0103\u0219urat la Haga, unde au schimbat c\u00e2teva cuvinte.<\/p>\n","protected":false},"excerpt":{"rendered":"<p>Cristian Diaconescu, consilier preziden\u021bial pe probleme de securitate na\u021bional\u0103 \u0219i totodat\u0103 \u0219eful Cancelariei Preziden\u021biale, a dezv\u0103luit \u00eentr-un interviu televizat difuzat duminic\u0103 faptul c\u0103 pre\u0219edintele american Donald Trump i-a adresat lui Nicu\u0219or Dan o invita\u021bie oficial\u0103 de a vizita Statele Unite. Anun\u021bul vine la o zi dup\u0103 ce ministra de Externe, Oana \u021aoiu, a declarat, \u00een &#8230; <a title=\"Nicu\u0219or Dan a fost invitat oficial la Washington de c\u0103tre Donald Trump. \u0218eful Cancelariei Trebuie s\u0103 o concretiz\u0103m c\u00e2t mai cur\u00e2nd posibil\" class=\"read-more\" href=\"https:\/\/dobrezrodla.com\/?p=1886\" aria-label=\"Read more about Nicu\u0219or Dan a fost invitat oficial la Washington de c\u0103tre Donald Trump. \u0218eful Cancelariei Trebuie s\u0103 o concretiz\u0103m c\u00e2t mai cur\u00e2nd posibil\">Read more<\/a><\/p>\n","protected":false},"author":1,"featured_media":1885,"comment_status":"closed","ping_status":"open","sticky":false,"template":"","format":"standard","meta":{"footnotes":""},"categories":[1],"tags":[],"class_list":["post-1886","post","type-post","status-publish","format-standard","has-post-thumbnail","hentry","category-uncategorized"],"_links":{"self":[{"href":"https:\/\/dobrezrodla.com\/index.php?rest_route=\/wp\/v2\/posts\/1886","targetHints":{"allow":["GET"]}}],"collection":[{"href":"https:\/\/dobrezrodla.com\/index.php?rest_route=\/wp\/v2\/posts"}],"about":[{"href":"https:\/\/dobrezrodla.com\/index.php?rest_route=\/wp\/v2\/types\/post"}],"author":[{"embeddable":true,"href":"https:\/\/dobrezrodla.com\/index.php?rest_route=\/wp\/v2\/users\/1"}],"replies":[{"embeddable":true,"href":"https:\/\/dobrezrodla.com\/index.php?rest_route=%2Fwp%2Fv2%2Fcomments&post=1886"}],"version-history":[{"count":1,"href":"https:\/\/dobrezrodla.com\/index.php?rest_route=\/wp\/v2\/posts\/1886\/revisions"}],"predecessor-version":[{"id":1887,"href":"https:\/\/dobrezrodla.com\/index.php?rest_route=\/wp\/v2\/posts\/1886\/revisions\/1887"}],"wp:featuredmedia":[{"embeddable":true,"href":"https:\/\/dobrezrodla.com\/index.php?rest_route=\/wp\/v2\/media\/1885"}],"wp:attachment":[{"href":"https:\/\/dobrezrodla.com\/index.php?rest_route=%2Fwp%2Fv2%2Fmedia&parent=1886"}],"wp:term":[{"taxonomy":"category","embeddable":true,"href":"https:\/\/dobrezrodla.com\/index.php?rest_route=%2Fwp%2Fv2%2Fcategories&post=1886"},{"taxonomy":"post_tag","embeddable":true,"href":"https:\/\/dobrezrodla.com\/index.php?rest_route=%2Fwp%2Fv2%2Ftags&post=1886"}],"curies":[{"name":"wp","href":"https:\/\/api.w.org\/{rel}","templated":true}]}}