{"id":1895,"date":"2025-07-21T15:01:29","date_gmt":"2025-07-21T15:01:29","guid":{"rendered":"https:\/\/dobrezrodla.com\/?p=1895"},"modified":"2025-07-21T15:01:29","modified_gmt":"2025-07-21T15:01:29","slug":"reactia-danei-budeanu-dupa-eliberarea-elenei-udrea-din-inchisoare-mama-cum","status":"publish","type":"post","link":"https:\/\/dobrezrodla.com\/?p=1895","title":{"rendered":"Reac\u021bia Danei Budeanu dup\u0103 eliberarea Elenei Udrea din \u00eenchisoare Mam\u0103 cum"},"content":{"rendered":"<p>Elena Udrea a p\u0103r\u0103sit penitenciarul \u00een cursul zilei de 17 iulie 2025, iar reac\u021biile publice nu s-au l\u0103sat a\u0219teptate. Una dintre cele mai comentate apar\u021bine Danei Budeanu, care nu doar c\u0103 i-a transmis un mesaj controversat pe platformele de socializare, dar a readus \u00een discu\u021bie o leg\u0103tur\u0103 mai pu\u021bin cunoscut\u0103 dintre ele.<\/p>\n<p>Dup\u0103 ce Elena Udrea a fost eliberat\u0103, Dana Budeanu a postat un mesaj care a creat imediat agita\u021bie \u00een mediul online. De\u0219i scurt, textul a fost intens analizat de urm\u0103ritorii ei. Mul\u021bi nu \u0219tiu \u00eens\u0103 c\u0103 cele dou\u0103 sunt apropiate dincolo de aparen\u021be.<\/p>\n<p>Prima reac\u021bie public\u0103 a Danei Budeanu privind eliberarea Elenei Udrea a ap\u0103rut pe conturile ei sociale. Acolo, vedeta a publicat un mesaj concis, dar puternic, care a atras imediat aten\u021bia.<\/p>\n<p>Comentariile nu au \u00eent\u00e2rziat s\u0103 apar\u0103, iar stilul franc \u0219i lipsit de ocoli\u0219uri al Danei Budeanu a fost, ca de obicei, evident. Postarea ei a devenit rapid viral\u0103, str\u00e2ng\u00e2nd mii de reac\u021bii \u0219i distribuiri pe internet.<\/p>\n<p>Mam\u0103, cum arat\u0103 Elena\u2026 s\u0103 moar\u0103. #Rezist dac\u0103 nu s-a terminat\u2019, a scris vedeta la postarea pe care a f\u0103cut-o pe pagina sa personal\u0103<\/p>\n<p>Leg\u0103tur\u0103 mai pu\u021bin \u0219tiut\u0103 dintre cele dou\u0103<\/p>\n<p>Pu\u021bini sunt cei care cunosc faptul c\u0103 Dana Budeanu \u0219i Elena Udrea au o rela\u021bie personal\u0103 apropiat\u0103. Creatoarea de mod\u0103 este, de fapt, na\u0219a de botez a fiicei Elenei Udrea, Eva.<\/p>\n<p>De-a lungul anilor, cele dou\u0103 au \u00eentre\u021binut o rela\u021bie bazat\u0103 pe respect \u0219i sus\u021binere reciproc\u0103. \u00cen multe dintre apari\u021biile publice ale fostului ministru, aceasta a purtat crea\u021bii vestimentare semnate de Dana Budeanu.<\/p>\n<p>Elena Udrea a ie\u0219it din \u00eenchisoare<\/p>\n<p>Elena Udrea a fost eliberat\u0103 \u00een diminea\u021ba zilei de 17 iulie 2025. Fostul ministru al Turismului a p\u0103r\u0103sit Penitenciarul T\u00e2rg\u0219or dup\u0103 ce a executat o pedeaps\u0103 de 3 ani \u0219i o lun\u0103.<\/p>\n<p>\u201eAvea convingerea c\u0103 vom ob\u021bine o decizie favorabil\u0103. \u00cen scurt timp urma s\u0103 fie pus\u0103 \u00een libertate. Se \u00eencheie astfel acest episod dureros pentru doamna Udrea \u0219i pentru fiica sa\u201d, a declarat avocatul Veronel R\u0103dulescu, \u00eentr-o interven\u021bie la Antena 3 CNN.<\/p>\n<p>La ie\u0219irea din penitenciar, Elena Udrea a fost \u00eent\u00e2mpinat\u0103 cu un buchet de flori de c\u0103tre partenerul ei, Adrian Alexandrov, care s-a ar\u0103tat extrem de emo\u021bionat. De asemenea, avocata sa a fost prezent\u0103 la eliberare.<\/p>\n","protected":false},"excerpt":{"rendered":"<p>Elena Udrea a p\u0103r\u0103sit penitenciarul \u00een cursul zilei de 17 iulie 2025, iar reac\u021biile publice nu s-au l\u0103sat a\u0219teptate. Una dintre cele mai comentate apar\u021bine Danei Budeanu, care nu doar c\u0103 i-a transmis un mesaj controversat pe platformele de socializare, dar a readus \u00een discu\u021bie o leg\u0103tur\u0103 mai pu\u021bin cunoscut\u0103 dintre ele. Dup\u0103 ce Elena &#8230; <a title=\"Reac\u021bia Danei Budeanu dup\u0103 eliberarea Elenei Udrea din \u00eenchisoare Mam\u0103 cum\" class=\"read-more\" href=\"https:\/\/dobrezrodla.com\/?p=1895\" aria-label=\"Read more about Reac\u021bia Danei Budeanu dup\u0103 eliberarea Elenei Udrea din \u00eenchisoare Mam\u0103 cum\">Read more<\/a><\/p>\n","protected":false},"author":1,"featured_media":1894,"comment_status":"closed","ping_status":"open","sticky":false,"template":"","format":"standard","meta":{"footnotes":""},"categories":[1],"tags":[],"class_list":["post-1895","post","type-post","status-publish","format-standard","has-post-thumbnail","hentry","category-uncategorized"],"_links":{"self":[{"href":"https:\/\/dobrezrodla.com\/index.php?rest_route=\/wp\/v2\/posts\/1895","targetHints":{"allow":["GET"]}}],"collection":[{"href":"https:\/\/dobrezrodla.com\/index.php?rest_route=\/wp\/v2\/posts"}],"about":[{"href":"https:\/\/dobrezrodla.com\/index.php?rest_route=\/wp\/v2\/types\/post"}],"author":[{"embeddable":true,"href":"https:\/\/dobrezrodla.com\/index.php?rest_route=\/wp\/v2\/users\/1"}],"replies":[{"embeddable":true,"href":"https:\/\/dobrezrodla.com\/index.php?rest_route=%2Fwp%2Fv2%2Fcomments&post=1895"}],"version-history":[{"count":1,"href":"https:\/\/dobrezrodla.com\/index.php?rest_route=\/wp\/v2\/posts\/1895\/revisions"}],"predecessor-version":[{"id":1896,"href":"https:\/\/dobrezrodla.com\/index.php?rest_route=\/wp\/v2\/posts\/1895\/revisions\/1896"}],"wp:featuredmedia":[{"embeddable":true,"href":"https:\/\/dobrezrodla.com\/index.php?rest_route=\/wp\/v2\/media\/1894"}],"wp:attachment":[{"href":"https:\/\/dobrezrodla.com\/index.php?rest_route=%2Fwp%2Fv2%2Fmedia&parent=1895"}],"wp:term":[{"taxonomy":"category","embeddable":true,"href":"https:\/\/dobrezrodla.com\/index.php?rest_route=%2Fwp%2Fv2%2Fcategories&post=1895"},{"taxonomy":"post_tag","embeddable":true,"href":"https:\/\/dobrezrodla.com\/index.php?rest_route=%2Fwp%2Fv2%2Ftags&post=1895"}],"curies":[{"name":"wp","href":"https:\/\/api.w.org\/{rel}","templated":true}]}}