{"id":22797,"date":"2026-04-19T17:18:32","date_gmt":"2026-04-19T17:18:32","guid":{"rendered":"https:\/\/dobrezrodla.com\/?p=22797"},"modified":"2026-04-19T17:18:32","modified_gmt":"2026-04-19T17:18:32","slug":"nagla-smierc-gwiazdy-tzg-wstrzasnela-polska-mam-nadzieje-ze-tanczysz-tam-w-niebie-wspomnienie-ktore-lamie-serce","status":"publish","type":"post","link":"https:\/\/dobrezrodla.com\/?p=22797","title":{"rendered":"Nag\u0142a \u015bmier\u0107 gwiazdy \u201eTzG\u201d wstrz\u0105sn\u0119\u0142a Polsk\u0105. \u201eMam nadziej\u0119, \u017ce ta\u0144czysz tam w niebie\u201d. Wspomnienie, kt\u00f3re \u0142amie serce"},"content":{"rendered":"\n<p>Wzruszaj\u0105ce wspomnienia o tancerzu znanym z programu \u201eTaniec z Gwiazdami\u201d, kt\u00f3ry odszed\u0142 przedwcze\u015bnie, podzieli\u0142a si\u0119 jedna z jego uczestniczek. Jej wpis w mediach spo\u0142eczno\u015bciowych wywo\u0142a\u0142 fal\u0119 emocji, poruszaj\u0105c serca fan\u00f3w show i wszystkich widz\u00f3w.<\/p>\n\n\n\n<h2 class=\"wp-block-heading\">\u201eTaniec z Gwiazdami\u201d \u2013 ikona polskiej telewizji rozrywkowej<\/h2>\n\n\n\n<p>Od ponad dw\u00f3ch dekad \u201eTaniec z Gwiazdami\u201d cieszy si\u0119 ogromn\u0105 popularno\u015bci\u0105 w Polsce. Program zadebiutowa\u0142 w 2005 roku i co sezon gromadzi przed ekranami miliony widz\u00f3w. Jego magi\u0105 jest po\u0142\u0105czenie znanych osobisto\u015bci z profesjonalnymi tancerzami, kt\u00f3rzy wprowadzaj\u0105 uczestnik\u00f3w w fascynuj\u0105cy \u015bwiat ta\u0144ca.<\/p>\n\n\n\n<p>Presti\u017c i rozpoznawalno\u015b\u0107 \u201eTzG\u201d zawdzi\u0119czaj\u0105 tak\u017ce sta\u0142ej, uwielbianej obsadzie: Paulinie Sykut-Je\u017cynie oraz Krzysztofowi Ibiszowi jako prowadz\u0105cym, a tak\u017ce jury w sk\u0142adzie Iwony Pavlovi\u0107, Ewy Kasprzyk, Rafa\u0142a Maseraka i Tomasza Wygody. Dzi\u0119ki nim program staje si\u0119 cotygodniowym, bliskim spotkaniem z przyjaci\u00f3\u0142mi telewidz\u00f3w.<\/p>\n\n\n\n<figure class=\"wp-block-image\"><img decoding=\"async\" src=\"https:\/\/zdrowienapoziomie.pl\/wp-content\/uploads\/2026\/04\/836.jpg\" alt=\"obrazek\"\/><\/figure>\n\n\n\n<p>Show dostarcza nie tylko zapieraj\u0105cych dech wyst\u0119p\u00f3w, ale tak\u017ce zaskakuj\u0105cych zwrot\u00f3w akcji. Dlatego \u015bmier\u0107 osoby bliskiej sercom publiczno\u015bci, budz\u0105cej wy\u0142\u0105cznie pozytywne emocje, jest szczeg\u00f3lnie trudna do przyj\u0119cia.<\/p>\n\n\n\n<h2 class=\"wp-block-heading\">Tragiczna i nag\u0142a \u015bmier\u0107 \u017bory Korolyova<\/h2>\n\n\n\n<p>\u017bora Korolyov, urodzony w ukrai\u0144skiej Odessie, od ponad osiemnastu lat mieszka\u0142 na sta\u0142e w Warszawie, kt\u00f3r\u0105 uwa\u017ca\u0142 za sw\u00f3j dom. Jego taneczne talenty zyska\u0142y ogromn\u0105 popularno\u015b\u0107 dzi\u0119ki wyst\u0119pom w \u201eTa\u0144cu z Gwiazdami\u201d \u2013 najpierw na antenie TVN, a p\u00f3\u017aniej Polsatu. By\u0142 charyzmatyczn\u0105 postaci\u0105 pe\u0142n\u0105 ciep\u0142a i pasji do ta\u0144ca.<\/p>\n\n\n\n<p>21 grudnia 2021 roku Polska wstrz\u0105\u015bni\u0119ta zosta\u0142a wiadomo\u015bci\u0105 o jego nag\u0142ej \u015bmierci. \u017bora zas\u0142ab\u0142 w domu, a jego partnerka, Ewelina Bator, znalaz\u0142a go i wezwa\u0142a pomoc. Mimo natychmiastowej interwencji lekarzy tancerz zmar\u0142 w wieku zaledwie 34 lat.<\/p>\n\n\n\n<p>W chwili tragedii przygotowywa\u0142 choreografi\u0119 do sylwestrowego koncertu. Opisywano go jako osob\u0119 pe\u0142n\u0105 \u017cycia i energii. Wst\u0119pne, nieoficjalne informacje wskazywa\u0142y na zapalenie mi\u0119\u015bnia sercowego jako przyczyn\u0119 zgonu.<\/p>\n\n\n\n<h2 class=\"wp-block-heading\">Pami\u0119\u0107 o \u017borze Korolyovie w sercach fan\u00f3w i uczestnik\u00f3w<\/h2>\n\n\n\n<p>Z sezonu na sezon \u201eTaniec z Gwiazdami\u201d staje si\u0119 dla by\u0142ych uczestnik\u00f3w okazj\u0105 do wspominania wsp\u00f3lnych chwil na parkiecie. Jedn\u0105 z os\u00f3b, kt\u00f3ra podzieli\u0142a si\u0119 swoimi wspomnieniami, jest aktorka Dominika Gwit.<\/p>\n\n\n\n<p>Na Instagramie opublikowa\u0142a archiwalne nagranie z pr\u00f3by tanga argenty\u0144skiego, kt\u00f3re zata\u0144czy\u0142a w 2017 roku podczas si\u00f3dmej edycji programu z \u017bor\u0105 Korolyovem. W wpisie odda\u0142a ho\u0142d tamtym niezapomnianym chwilom.<\/p>\n\n\n\n<blockquote class=\"wp-block-quote is-layout-flow wp-block-quote-is-layout-flow\">\n<p>Wiosna. Rok 2017. Si\u00f3dma edycja w Polsacie. Wstawiam tu m\u00f3j ukochany taniec. Tango argenty\u0144skie. Nagranie z pr\u00f3by. Uwielbia\u0142am ten taniec. Zaj\u0119\u0142am 4. miejsce. Wysokie. By\u0142o pi\u0119knie, cho\u0107 zm\u0119czenie dawa\u0142o si\u0119 we znaki. Przygoda, kt\u00f3rej nie zapomn\u0119. Wiele si\u0119 wtedy nauczy\u0142am. To by\u0142 zreszt\u0105 prze\u0142omowy czas w moim \u017cyciu \u2013 pisa\u0142a aktorka.<\/p>\n<\/blockquote>\n\n\n\n<p>Wzruszaj\u0105ce s\u0142owa skierowa\u0142a te\u017c bezpo\u015brednio do zmar\u0142ego partnera:<\/p>\n\n\n\n<blockquote class=\"wp-block-quote is-layout-flow wp-block-quote-is-layout-flow\">\n<p>Ciebie, \u017bora, te\u017c nigdy nie zapomn\u0119. Mam nadziej\u0119, \u017ce ta\u0144czysz tam w niebie i czasem grasz w pi\u0142k\u0119, jak lubi\u0142e\u015b \u2013 doda\u0142a Dominika Gwit.<\/p>\n<\/blockquote>\n\n\n\n<h2 class=\"wp-block-heading\">\u017bora Korolyov \u2013 taneczny talent, kt\u00f3rego pami\u0119\u0107 trwa<\/h2>\n\n\n\n<p>Za ka\u017cdym razem, gdy kolejna edycja \u201eTa\u0144ca z Gwiazdami\u201d pojawia si\u0119 na antenie, wspomnienia o \u017borze powracaj\u0105 do serc fan\u00f3w i ca\u0142ej spo\u0142eczno\u015bci programu. Jego charyzma oraz bezgraniczna pasja do ta\u0144ca pozostaj\u0105 inspiracj\u0105 dla wielu, a pami\u0119\u0107 o nim \u017cyje wiecznie.<\/p>\n","protected":false},"excerpt":{"rendered":"<p>Wzruszaj\u0105ce wspomnienia o tancerzu znanym z programu \u201eTaniec z Gwiazdami\u201d, kt\u00f3ry odszed\u0142 przedwcze\u015bnie, podzieli\u0142a si\u0119 jedna z jego uczestniczek. Jej wpis w mediach spo\u0142eczno\u015bciowych wywo\u0142a\u0142 fal\u0119 emocji, poruszaj\u0105c serca fan\u00f3w show i wszystkich widz\u00f3w. \u201eTaniec z Gwiazdami\u201d \u2013 ikona polskiej telewizji rozrywkowej Od ponad dw\u00f3ch dekad \u201eTaniec z Gwiazdami\u201d cieszy si\u0119 ogromn\u0105 popularno\u015bci\u0105 w Polsce. &#8230; <a title=\"Nag\u0142a \u015bmier\u0107 gwiazdy \u201eTzG\u201d wstrz\u0105sn\u0119\u0142a Polsk\u0105. \u201eMam nadziej\u0119, \u017ce ta\u0144czysz tam w niebie\u201d. Wspomnienie, kt\u00f3re \u0142amie serce\" class=\"read-more\" href=\"https:\/\/dobrezrodla.com\/?p=22797\" aria-label=\"Read more about Nag\u0142a \u015bmier\u0107 gwiazdy \u201eTzG\u201d wstrz\u0105sn\u0119\u0142a Polsk\u0105. \u201eMam nadziej\u0119, \u017ce ta\u0144czysz tam w niebie\u201d. Wspomnienie, kt\u00f3re \u0142amie serce\">Read more<\/a><\/p>\n","protected":false},"author":1,"featured_media":0,"comment_status":"open","ping_status":"open","sticky":false,"template":"","format":"standard","meta":{"footnotes":""},"categories":[1],"tags":[],"class_list":["post-22797","post","type-post","status-publish","format-standard","hentry","category-uncategorized"],"_links":{"self":[{"href":"https:\/\/dobrezrodla.com\/index.php?rest_route=\/wp\/v2\/posts\/22797","targetHints":{"allow":["GET"]}}],"collection":[{"href":"https:\/\/dobrezrodla.com\/index.php?rest_route=\/wp\/v2\/posts"}],"about":[{"href":"https:\/\/dobrezrodla.com\/index.php?rest_route=\/wp\/v2\/types\/post"}],"author":[{"embeddable":true,"href":"https:\/\/dobrezrodla.com\/index.php?rest_route=\/wp\/v2\/users\/1"}],"replies":[{"embeddable":true,"href":"https:\/\/dobrezrodla.com\/index.php?rest_route=%2Fwp%2Fv2%2Fcomments&post=22797"}],"version-history":[{"count":1,"href":"https:\/\/dobrezrodla.com\/index.php?rest_route=\/wp\/v2\/posts\/22797\/revisions"}],"predecessor-version":[{"id":22798,"href":"https:\/\/dobrezrodla.com\/index.php?rest_route=\/wp\/v2\/posts\/22797\/revisions\/22798"}],"wp:attachment":[{"href":"https:\/\/dobrezrodla.com\/index.php?rest_route=%2Fwp%2Fv2%2Fmedia&parent=22797"}],"wp:term":[{"taxonomy":"category","embeddable":true,"href":"https:\/\/dobrezrodla.com\/index.php?rest_route=%2Fwp%2Fv2%2Fcategories&post=22797"},{"taxonomy":"post_tag","embeddable":true,"href":"https:\/\/dobrezrodla.com\/index.php?rest_route=%2Fwp%2Fv2%2Ftags&post=22797"}],"curies":[{"name":"wp","href":"https:\/\/api.w.org\/{rel}","templated":true}]}}