{"id":23374,"date":"2026-04-25T21:53:12","date_gmt":"2026-04-25T21:53:12","guid":{"rendered":"https:\/\/dobrezrodla.com\/?p=23374"},"modified":"2026-04-25T21:53:12","modified_gmt":"2026-04-25T21:53:12","slug":"tak-polacy-oceniaja-wlodzimierza-czarzastego-mamy-nowy-sondaz","status":"publish","type":"post","link":"https:\/\/dobrezrodla.com\/?p=23374","title":{"rendered":"Tak Polacy oceniaj\u0105 W\u0142odzimierza Czarzastego. Mamy nowy sonda\u017c"},"content":{"rendered":"\n<p>Nie min\u0119\u0142o jeszcze p\u00f3\u0142 roku od obj\u0119cia przez W\u0142odzimierza Czarzastego funkcji marsza\u0142ka Sejmu, a jego dzia\u0142alno\u015b\u0107 ju\u017c budzi liczne emocje i komentarze. Lider Lewicy cz\u0119sto go\u015bci w mediach, nie unikaj\u0105c spor\u00f3w \u2013 mi\u0119dzy innymi z prezydentem IPN Karolem Nawrockim. Polityczne napi\u0119cia nie omijaj\u0105 go tak\u017ce na arenie mi\u0119dzynarodowej: krytyczne s\u0142owa pod jego adresem skierowa\u0142 ambasador USA w Polsce Thomas Rose, kt\u00f3ry w lutym og\u0142osi\u0142 zerwanie kontakt\u00f3w z marsza\u0142kiem Sejmu.<\/p>\n\n\n\n<p>Warto przypomnie\u0107, \u017ce wcze\u015bniej Czarzasty stanowczo zapowiedzia\u0142, i\u017c nie poprze wniosku o przyznanie Nagrody Nobla prezydentowi USA Donaldowi Trumpowi, co dodatkowo zaostrzy\u0142o atmosfer\u0119 wok\u00f3\u0142 jego osoby.<\/p>\n\n\n\n<p>obrazek<\/p>\n\n\n\n<p>Opinie Polak\u00f3w o W\u0142odzimierzu Czarzastym jako marsza\u0142ku Sejmu<br>W najnowszym sonda\u017cu SW Research dla Onetu ankietowani odpowiedzieli na pytanie: \u201eJak w Twojej ocenie W\u0142odzimierz Czarzasty radzi sobie na stanowisku marsza\u0142ka Sejmu?\u201d<\/p>\n\n\n\n<p>Wyniki pokazuj\u0105 zr\u00f3\u017cnicowane opinie. Blisko dwie pi\u0105te respondent\u00f3w (39,2 proc.) oceni\u0142o jego prac\u0119 pozytywnie: 18,1 proc. wskaza\u0142o \u201ezdecydowanie dobrze\u201d, a 21,1 proc. \u201eraczej dobrze\u201d.<\/p>\n\n\n\n<p>Negatywn\u0105 ocen\u0119 wyrazi\u0142o 30,3 proc. badanych: 18,7 proc. \u201ezdecydowanie \u017ale\u201d, a 11,6 proc. \u201eraczej \u017ale\u201d.<\/p>\n\n\n\n<p>Co istotne, a\u017c 30,4 proc. respondent\u00f3w wybra\u0142o opcj\u0119 \u201etrudno powiedzie\u0107\u201d, nie potrafi\u0105c wyda\u0107 jednoznacznej opinii.<\/p>\n\n\n\n<p>Sonda\u017c \u2013 szczeg\u00f3\u0142y i metodologia<br>Badanie przeprowadzono 23 kwietnia 2026 roku metod\u0105 wywiad\u00f3w internetowych (CAWI) na panelu SW Panel. W ankiecie wzi\u0119\u0142o udzia\u0142 830 doros\u0142ych Polak\u00f3w, co zapewnia reprezentatywno\u015b\u0107 na poziomie og\u00f3lnopolskim.<\/p>\n\n\n\n<p>\u201eBlisko dwie pi\u0105te Polak\u00f3w ocenia dzia\u0142alno\u015b\u0107 W\u0142odzimierza Czarzastego jako marsza\u0142ka Sejmu pozytywnie \u2014 wynika z najnowszego sonda\u017cu SW Research na zlecenie Onetu. Lider Lewicy ma jednak tak\u017ce spore grono przeciwnik\u00f3w.\u201d<\/p>\n\n\n\n<p>Co wynika z podzia\u0142u opinii?<br>Podzia\u0142 ocen podkre\u015bla wyra\u017ane polaryzacje w postrzeganiu W\u0142odzimierza Czarzastego przez Polak\u00f3w. Cho\u0107 lider Lewicy zyskuje znacz\u0105ce poparcie, r\u00f3wnie du\u017ca grupa krytykuje jego prac\u0119. Du\u017cy odsetek niezdecydowanych mo\u017ce wskazywa\u0107 na ostro\u017cno\u015b\u0107 lub potrzeb\u0119 dalszej obserwacji jego dzia\u0142a\u0144.<\/p>\n\n\n\n<p>Polityczne konflikty i medialne kontrowersje wp\u0142ywaj\u0105 na wizerunek marsza\u0142ka, podkre\u015blaj\u0105c, \u017ce jego rola w Sejmie pozostaje \u017ar\u00f3d\u0142em napi\u0119\u0107 zar\u00f3wno w kraju, jak i za granic\u0105.<\/p>\n\n\n\n<p>Co dalej z ocen\u0105 marsza\u0142ka?<br>Opinia publiczna na temat W\u0142odzimierza Czarzastego jest mocno podzielona. Czas i kolejne decyzje polityka poka\u017c\u0105, czy zyska szersze zaufanie, czy krytycy zdominuj\u0105 narracj\u0119.<\/p>\n\n\n\n<p>Na tym etapie sonda\u017c ilustruje dynamik\u0119 polskiej sceny politycznej, w kt\u00f3rej wa\u017c\u0105 si\u0119 osi\u0105gni\u0119cia i kontrowersje zwi\u0105zane z kluczow\u0105 funkcj\u0105 marsza\u0142ka Sejmu.<\/p>\n\n\n\n<p>Last updated kwi 24, 2026<br>8,047<\/p>\n","protected":false},"excerpt":{"rendered":"<p>Nie min\u0119\u0142o jeszcze p\u00f3\u0142 roku od obj\u0119cia przez W\u0142odzimierza Czarzastego funkcji marsza\u0142ka Sejmu, a jego dzia\u0142alno\u015b\u0107 ju\u017c budzi liczne emocje i komentarze. Lider Lewicy cz\u0119sto go\u015bci w mediach, nie unikaj\u0105c spor\u00f3w \u2013 mi\u0119dzy innymi z prezydentem IPN Karolem Nawrockim. Polityczne napi\u0119cia nie omijaj\u0105 go tak\u017ce na arenie mi\u0119dzynarodowej: krytyczne s\u0142owa pod jego adresem skierowa\u0142 ambasador &#8230; <a title=\"Tak Polacy oceniaj\u0105 W\u0142odzimierza Czarzastego. Mamy nowy sonda\u017c\" class=\"read-more\" href=\"https:\/\/dobrezrodla.com\/?p=23374\" aria-label=\"Read more about Tak Polacy oceniaj\u0105 W\u0142odzimierza Czarzastego. Mamy nowy sonda\u017c\">Read more<\/a><\/p>\n","protected":false},"author":1,"featured_media":0,"comment_status":"open","ping_status":"open","sticky":false,"template":"","format":"standard","meta":{"footnotes":""},"categories":[1],"tags":[],"class_list":["post-23374","post","type-post","status-publish","format-standard","hentry","category-uncategorized"],"_links":{"self":[{"href":"https:\/\/dobrezrodla.com\/index.php?rest_route=\/wp\/v2\/posts\/23374","targetHints":{"allow":["GET"]}}],"collection":[{"href":"https:\/\/dobrezrodla.com\/index.php?rest_route=\/wp\/v2\/posts"}],"about":[{"href":"https:\/\/dobrezrodla.com\/index.php?rest_route=\/wp\/v2\/types\/post"}],"author":[{"embeddable":true,"href":"https:\/\/dobrezrodla.com\/index.php?rest_route=\/wp\/v2\/users\/1"}],"replies":[{"embeddable":true,"href":"https:\/\/dobrezrodla.com\/index.php?rest_route=%2Fwp%2Fv2%2Fcomments&post=23374"}],"version-history":[{"count":1,"href":"https:\/\/dobrezrodla.com\/index.php?rest_route=\/wp\/v2\/posts\/23374\/revisions"}],"predecessor-version":[{"id":23375,"href":"https:\/\/dobrezrodla.com\/index.php?rest_route=\/wp\/v2\/posts\/23374\/revisions\/23375"}],"wp:attachment":[{"href":"https:\/\/dobrezrodla.com\/index.php?rest_route=%2Fwp%2Fv2%2Fmedia&parent=23374"}],"wp:term":[{"taxonomy":"category","embeddable":true,"href":"https:\/\/dobrezrodla.com\/index.php?rest_route=%2Fwp%2Fv2%2Fcategories&post=23374"},{"taxonomy":"post_tag","embeddable":true,"href":"https:\/\/dobrezrodla.com\/index.php?rest_route=%2Fwp%2Fv2%2Ftags&post=23374"}],"curies":[{"name":"wp","href":"https:\/\/api.w.org\/{rel}","templated":true}]}}