{"id":23471,"date":"2026-04-26T19:14:29","date_gmt":"2026-04-26T19:14:29","guid":{"rendered":"https:\/\/dobrezrodla.com\/?p=23471"},"modified":"2026-04-26T19:14:29","modified_gmt":"2026-04-26T19:14:29","slug":"klamka-zapadla-nawrocki-podpisal-seniorzy-az-podskocza-z-radosci-10","status":"publish","type":"post","link":"https:\/\/dobrezrodla.com\/?p=23471","title":{"rendered":"Klamka zapad\u0142a, Nawrocki podpisa\u0142. Seniorzy a\u017c podskocz\u0105 z rado\u015bci"},"content":{"rendered":"\n<p>W Sochaczewie pad\u0142y wa\u017cne s\u0142owa, kt\u00f3re mog\u0105 na d\u0142ugo zapisa\u0107 si\u0119 w historii polskiej polityki spo\u0142ecznej. W poniedzia\u0142ek prezydent Karol Nawrocki podpisa\u0142 projekt ustawy o nazwie \u201egodna emerytura\u201d, maj\u0105cy na celu wprowadzenie d\u0142ugo oczekiwanych zmian w mechanizmie waloryzacji \u015bwiadcze\u0144 emerytalnych.<\/p>\n\n\n\n<p>Co oznacza \u201esprawiedliwa waloryzacja\u201d?<\/p>\n\n\n\n<p>Podczas kampanii wyborczej Karol Nawrocki podkre\u015bla\u0142, jak kluczowe jest wprowadzenie sprawiedliwej waloryzacji emerytur. Jak zaznacza\u0142, \u201enajni\u017csze \u015bwiadczenia powinny wzrasta\u0107 o co najmniej 150 z\u0142, niezale\u017cnie od inflacji i wzrostu p\u0142ac\u201d. Teraz jego deklaracje sta\u0142y si\u0119 realnym krokiem dzi\u0119ki podpisaniu projektu ustawy.<\/p>\n\n\n\n<p>Projekt \u201egodna emerytura\u201d zak\u0142ada, \u017ce coroczna waloryzacja nie b\u0119dzie jedynie odzwierciedla\u0107 zmian gospodarczych, ale r\u00f3wnie\u017c b\u0119dzie pr\u00f3b\u0105 wyr\u00f3wnania r\u00f3\u017cnic pomi\u0119dzy najni\u017cszymi a najwy\u017cszymi \u015bwiadczeniami. Taki ruch to wa\u017cny krok w stron\u0119 wi\u0119kszej solidarno\u015bci mi\u0119dzypokoleniowej \u2013 t\u0142umaczy Pa\u0142ac Prezydencki.<\/p>\n\n\n\n<p>Jak dzia\u0142a obecny system waloryzacji emerytur?<br>Obecnie emerytury i renty wyp\u0142acane przez ZUS podlegaj\u0105 corocznej waloryzacji, kt\u00f3ra jest oparta na ustawie o emeryturach i rentach z Funduszu Ubezpiecze\u0144 Spo\u0142ecznych. Wzrost \u015bwiadcze\u0144 zale\u017cy od wska\u017anika cen towar\u00f3w i us\u0142ug konsumpcyjnych dla gospodarstw domowych emeryt\u00f3w oraz realnego wzrostu przeci\u0119tnego wynagrodzenia.<\/p>\n\n\n\n<p>Dla przyk\u0142adu, w 2024 roku wska\u017anik inflacji osi\u0105gn\u0105\u0142 poziom 103,6%, a wzrost p\u0142ac wyni\u00f3s\u0142 a\u017c 9,5%. Pomimo tego, wzrost emerytur nie zawsze odpowiada rzeczywistym kosztom \u017cycia, co powoduje, \u017ce seniorzy nie zachowuj\u0105 realnej si\u0142y nabywczej. Minimalna emerytura w Polsce wynosi obecnie 1878,91 z\u0142 brutto \u2013 zdaniem Nawrockiego kwota ta jest niewystarczaj\u0105ca, zw\u0142aszcza w du\u017cych miastach.<\/p>\n\n\n\n<p>Projekt \u201eGodna Emerytura\u201d \u2013 co si\u0119 zmieni?<br>Ustawa, kt\u00f3r\u0105 niedawno podpisa\u0142 prezydent Nawrocki, niebawem trafi do Sejmu. Cho\u0107 szczeg\u00f3\u0142owe rozwi\u0105zania nie zosta\u0142y jeszcze ujawnione, g\u0142\u00f3wnym celem projektu jest \u201ezwi\u0119kszenie poczucia bezpiecze\u0144stwa finansowego os\u00f3b starszych\u201d oraz \u201ezagwarantowanie im realnego udzia\u0142u w rozwoju gospodarczym kraju\u201d.<\/p>\n\n\n\n<p>W przypadku pomy\u015blnego przej\u015bcia procesu legislacyjnego bez istotnych poprawek, zmiany w mechanizmie waloryzacji mog\u0142yby obowi\u0105zywa\u0107 ju\u017c od przysz\u0142ego roku.<\/p>\n\n\n\n<p>Nie mo\u017cemy m\u00f3wi\u0107 o silnym pa\u0144stwie, je\u015bli jego seniorzy nie mog\u0105 \u017cy\u0107 z godno\u015bci\u0105.<\/p>\n\n\n\n<p>Dlaczego zmiany s\u0105 tak wa\u017cne dla senior\u00f3w?<br>Aktualny poziom emerytur, szczeg\u00f3lnie tych najni\u017cszych, nie zawsze pozwala na zabezpieczenie podstawowych potrzeb w warunkach rosn\u0105cych koszt\u00f3w \u017cycia. Proponowana reforma ma nie tylko poprawi\u0107 sytuacj\u0119 finansow\u0105 os\u00f3b starszych, ale r\u00f3wnie\u017c wzmocni\u0107 ich poczucie bezpiecze\u0144stwa i przynale\u017cno\u015bci do wsp\u00f3lnoty spo\u0142ecznej.<\/p>\n\n\n\n<p>Prezydent Nawrocki nawi\u0105zuje do konieczno\u015bci godnego \u017cycia senior\u00f3w jako fundamentu silnego pa\u0144stwa.<\/p>\n\n\n\n<p>Podsumowanie<br>Podpisanie przez prezydenta Karola Nawrockiego ustawy \u201egodna emerytura\u201d to milowy krok w polskiej polityce spo\u0142ecznej. Eksperci i seniorzy z nadziej\u0105 patrz\u0105 na proponowane zmiany, kt\u00f3re mog\u0105 znacznie poprawi\u0107 realn\u0105 si\u0142\u0119 nabywcz\u0105 emerytur oraz zniwelowa\u0107 r\u00f3\u017cnice w wysoko\u015bci \u015bwiadcze\u0144. Realizacja tego projektu mo\u017ce ju\u017c w najbli\u017cszym czasie prze\u0142o\u017cy\u0107 si\u0119 na lepsze \u017cycie starszych pokole\u0144.<\/p>\n\n\n\n<p>Wi\u0119cej informacji oraz aktualno\u015bci zwi\u0105zane z reform\u0105 systemu emerytalnego znajdziesz na naszej stronie.<\/p>\n","protected":false},"excerpt":{"rendered":"<p>W Sochaczewie pad\u0142y wa\u017cne s\u0142owa, kt\u00f3re mog\u0105 na d\u0142ugo zapisa\u0107 si\u0119 w historii polskiej polityki spo\u0142ecznej. W poniedzia\u0142ek prezydent Karol Nawrocki podpisa\u0142 projekt ustawy o nazwie \u201egodna emerytura\u201d, maj\u0105cy na celu wprowadzenie d\u0142ugo oczekiwanych zmian w mechanizmie waloryzacji \u015bwiadcze\u0144 emerytalnych. Co oznacza \u201esprawiedliwa waloryzacja\u201d? Podczas kampanii wyborczej Karol Nawrocki podkre\u015bla\u0142, jak kluczowe jest wprowadzenie sprawiedliwej &#8230; <a title=\"Klamka zapad\u0142a, Nawrocki podpisa\u0142. Seniorzy a\u017c podskocz\u0105 z rado\u015bci\" class=\"read-more\" href=\"https:\/\/dobrezrodla.com\/?p=23471\" aria-label=\"Read more about Klamka zapad\u0142a, Nawrocki podpisa\u0142. Seniorzy a\u017c podskocz\u0105 z rado\u015bci\">Read more<\/a><\/p>\n","protected":false},"author":1,"featured_media":0,"comment_status":"open","ping_status":"open","sticky":false,"template":"","format":"standard","meta":{"footnotes":""},"categories":[1],"tags":[],"class_list":["post-23471","post","type-post","status-publish","format-standard","hentry","category-uncategorized"],"_links":{"self":[{"href":"https:\/\/dobrezrodla.com\/index.php?rest_route=\/wp\/v2\/posts\/23471","targetHints":{"allow":["GET"]}}],"collection":[{"href":"https:\/\/dobrezrodla.com\/index.php?rest_route=\/wp\/v2\/posts"}],"about":[{"href":"https:\/\/dobrezrodla.com\/index.php?rest_route=\/wp\/v2\/types\/post"}],"author":[{"embeddable":true,"href":"https:\/\/dobrezrodla.com\/index.php?rest_route=\/wp\/v2\/users\/1"}],"replies":[{"embeddable":true,"href":"https:\/\/dobrezrodla.com\/index.php?rest_route=%2Fwp%2Fv2%2Fcomments&post=23471"}],"version-history":[{"count":1,"href":"https:\/\/dobrezrodla.com\/index.php?rest_route=\/wp\/v2\/posts\/23471\/revisions"}],"predecessor-version":[{"id":23472,"href":"https:\/\/dobrezrodla.com\/index.php?rest_route=\/wp\/v2\/posts\/23471\/revisions\/23472"}],"wp:attachment":[{"href":"https:\/\/dobrezrodla.com\/index.php?rest_route=%2Fwp%2Fv2%2Fmedia&parent=23471"}],"wp:term":[{"taxonomy":"category","embeddable":true,"href":"https:\/\/dobrezrodla.com\/index.php?rest_route=%2Fwp%2Fv2%2Fcategories&post=23471"},{"taxonomy":"post_tag","embeddable":true,"href":"https:\/\/dobrezrodla.com\/index.php?rest_route=%2Fwp%2Fv2%2Ftags&post=23471"}],"curies":[{"name":"wp","href":"https:\/\/api.w.org\/{rel}","templated":true}]}}