{"id":23487,"date":"2026-04-26T19:21:01","date_gmt":"2026-04-26T19:21:01","guid":{"rendered":"https:\/\/dobrezrodla.com\/?p=23487"},"modified":"2026-04-26T19:21:02","modified_gmt":"2026-04-26T19:21:02","slug":"nowy-ranking-zaufania-nawrocki-zwieksza-przewage-2","status":"publish","type":"post","link":"https:\/\/dobrezrodla.com\/?p=23487","title":{"rendered":"Nowy ranking zaufania. Nawrocki zwi\u0119ksza przewag\u0119"},"content":{"rendered":"\n<p>Prezydent Karol Nawrocki utrzyma\u0142 pierwsze miejsce w najnowszym rankingu zaufania polityk\u00f3w. Cho\u0107 zwi\u0119kszy\u0142 swoj\u0105 przewag\u0119 nad ministrem spraw zagranicznych Rados\u0142awem Sikorskim, to jego wynik pokazuje te\u017c, \u017ce coraz wi\u0119cej Polak\u00f3w ocenia go negatywnie.<img loading=\"lazy\" decoding=\"async\" src=\"https:\/\/v.wpimg.pl\/YTg0NjRhdjUGUjhZfRN7IEUKbAM7SnV2EhJ0SH1Za2RXSHhdZ0c_PQtVPA8iB3czFUU-CyUYdyQLHy8aO0cvZUhUJxkiBDgtSFUjCDcMdjZeBixSYw08eVVTew5_XG0yAx12WmMOdDYGBC9SZl5tNQEHLUgv\" width=\"1200\" height=\"675\" alt=\"Karol Nawrocki i Rados\u0142aw Sikorski\"><\/p>\n\n\n\n<p><strong>Najwa\u017cniejsze informacje:<\/strong><\/p>\n\n\n\n<ul class=\"wp-block-list\">\n<li>Prezydent Karol Nawrocki utrzyma\u0142 si\u0119 na pierwszym miejscu, uzyskuj\u0105c wynik 46,3 proc. zaufania. Obecnie wyprzedza Rados\u0142awa Sikorskiego o\u00a03,7 pkt proc.<\/li>\n\n\n\n<li>Obaj liderzy zestawienia stracili wobec lutego i\u00a0nie maj\u0105 ju\u017c przewagi ocen pozytywnych nad negatywnymi.<\/li>\n\n\n\n<li>Zar\u00f3wno prezes PiS Jaros\u0142aw Kaczy\u0144ski, jak i\u00a0jego kandydat na premiera Przemys\u0142aw Czarnek otrzymali do\u015b\u0107 niski wynik 27\u00a0proc. zaufania.<\/li>\n\n\n\n<li><\/li>\n<\/ul>\n\n\n\n<p>Pierwsz\u0105 pozycj\u0119 w&nbsp;najnowszym rankingu zaufania przygotowanym przez IBRiS dla Onetu utrzyma\u0142 prezydent&nbsp;<strong>Karol Nawrocki<\/strong>, kt\u00f3remu wci\u0105\u017c ufa 46,3 proc. badanych Polak\u00f3w. Na drugim miejscu znajduje si\u0119 minister spraw zagranicznych&nbsp;<strong>Rados\u0142aw Sikorski&nbsp;<\/strong>(KO) z&nbsp;nieznacznie ni\u017cszym wynikiem 42,6 proc. R\u00f3\u017cnica mi\u0119dzy nimi wzros\u0142a do&nbsp;<strong>3,7 pkt proc.,<\/strong>&nbsp;cho\u0107 przed miesi\u0105cem by\u0142 to zaledwie 1&nbsp;proc.<\/p>\n\n\n\n<p>Nawrockiego negatywnie oceni\u0142o&nbsp;<strong>46,7 proc.<\/strong>&nbsp;badanych, a&nbsp;Sikorskiego&nbsp;<strong>46,2 proc.<\/strong>&nbsp;Oznacza to, \u017ce wi\u0119cej Polak\u00f3w jednoznacznie nie ufa liderom rankingu ni\u017c im ufa. W&nbsp;badaniu z&nbsp;poprzedniego miesi\u0105ca obydwaj utrzymywali si\u0119 na plusie.<\/p>\n\n\n\n<p>Na kolejnych miejscach znale\u017ali si\u0119 premier&nbsp;<strong>Donald Tusk<\/strong>&nbsp;(KO) z&nbsp;wynikiem&nbsp;<strong>41&nbsp;proc.<\/strong>, marsza\u0142ek Sejmu<strong>&nbsp;W\u0142odzimierz Czarzasty<\/strong>&nbsp;(Nowa Lewica) z&nbsp;<strong>37&nbsp;proc.<\/strong>&nbsp;i&nbsp;minister obrony&nbsp;<strong>W\u0142adys\u0142aw Kosiniak-Kamysz&nbsp;<\/strong>(PSL) z&nbsp;<strong>35,5 proc.<\/strong>&nbsp;Dwaj ostatni stracili po ok. 4&nbsp;pkt proc. wzgl\u0119dem poprzedniego pomiaru, a&nbsp;premier zanotowa\u0142 niewielki spadek o&nbsp;<strong>0,2 pkt proc.<\/strong><\/p>\n\n\n\n<h2 class=\"wp-block-heading\" id=\"title-612901858331863304\">Morawiecki nad Czarnkiem<\/h2>\n\n\n\n<p>W\u015br\u00f3d polityk\u00f3w opozycji ponownie najwy\u017cej oceniono by\u0142ego premiera z&nbsp;rz\u0105du PiS&nbsp;<strong>Mateusza Morawieckiego<\/strong>, kt\u00f3remu ufa&nbsp;<strong>34,1 proc.<\/strong>&nbsp;badanych. Za nim znale\u017ali si\u0119&nbsp;<strong>Krzysztof Bosak<\/strong>&nbsp;(Konfederacja) z&nbsp;wynikiem&nbsp;<strong>31,8 proc.<\/strong>&nbsp;i&nbsp;<strong>Piotr Zgorzelski<\/strong>&nbsp;(PSL) z&nbsp;<strong>29&nbsp;proc.<\/strong>.<\/p>\n\n\n\n<p>Zar\u00f3wno lider Konfederacji&nbsp;<strong>S\u0142awomir Mentzen<\/strong>, jak i&nbsp;prezes PiS&nbsp;<strong>Jaros\u0142aw Kaczy\u0144ski&nbsp;<\/strong>otrzymali ten sam wynik \u2013 27,7 proc. zaufania. Podobnie zreszt\u0105&nbsp;<strong>Przemys\u0142aw Czarnek<\/strong>, kandydat PiS na premiera w&nbsp;nadchodz\u0105cych wyborach. Nast\u0119pni byli Krzysztof Gawkowski z&nbsp;Nowej Lewicy (27 proc.), Grzegorz Braun z&nbsp;KKP (26 proc.) i&nbsp;Katarzyna Pe\u0142czy\u0144ska-Na\u0142\u0119cz z&nbsp;Polski 2025&nbsp;(21 proc.).<\/p>\n\n\n\n<p>Rok na granicy. Rz\u0105d kontynuuje polityk\u0119 poprzednik\u00f3w<\/p>\n\n\n\n<p>Najwi\u0119ksz\u0105 strat\u0119 zaufania zaliczy\u0142 lider partii Razem&nbsp;<strong>Adrian Zandberg<\/strong>. Ufa mu 19,2 proc. badanych, czyli o&nbsp;7,1 pkt proc. mniej ni\u017c w&nbsp;poprzednim sonda\u017cu. Jeszcze gorszy wynik zaliczy\u0142 jednak&nbsp;<strong>Szymon Ho\u0142ownia<\/strong>&nbsp;z&nbsp;Polski 2050&nbsp;(15,6 proc.).<\/p>\n\n\n\n<p><em>Sonda\u017c Instytutu Bada\u0144 Rynkowych i&nbsp;Spo\u0142ecznych (IBRiS) dla Onetu zosta\u0142 zrealizowany w&nbsp;dniach 20-21 marca 2026&nbsp;r. metod\u0105 (CATI) na pr\u00f3bie badawczej 1,1 tys. doros\u0142ych Polak\u00f3w.<\/em><\/p>\n","protected":false},"excerpt":{"rendered":"<p>Prezydent Karol Nawrocki utrzyma\u0142 pierwsze miejsce w najnowszym rankingu zaufania polityk\u00f3w. Cho\u0107 zwi\u0119kszy\u0142 swoj\u0105 przewag\u0119 nad ministrem spraw zagranicznych Rados\u0142awem Sikorskim, to jego wynik pokazuje te\u017c, \u017ce coraz wi\u0119cej Polak\u00f3w ocenia go negatywnie. Najwa\u017cniejsze informacje: Pierwsz\u0105 pozycj\u0119 w&nbsp;najnowszym rankingu zaufania przygotowanym przez IBRiS dla Onetu utrzyma\u0142 prezydent&nbsp;Karol Nawrocki, kt\u00f3remu wci\u0105\u017c ufa 46,3 proc. badanych Polak\u00f3w. &#8230; <a title=\"Nowy ranking zaufania. Nawrocki zwi\u0119ksza przewag\u0119\" class=\"read-more\" href=\"https:\/\/dobrezrodla.com\/?p=23487\" aria-label=\"Read more about Nowy ranking zaufania. Nawrocki zwi\u0119ksza przewag\u0119\">Read more<\/a><\/p>\n","protected":false},"author":1,"featured_media":0,"comment_status":"open","ping_status":"open","sticky":false,"template":"","format":"standard","meta":{"footnotes":""},"categories":[1],"tags":[],"class_list":["post-23487","post","type-post","status-publish","format-standard","hentry","category-uncategorized"],"_links":{"self":[{"href":"https:\/\/dobrezrodla.com\/index.php?rest_route=\/wp\/v2\/posts\/23487","targetHints":{"allow":["GET"]}}],"collection":[{"href":"https:\/\/dobrezrodla.com\/index.php?rest_route=\/wp\/v2\/posts"}],"about":[{"href":"https:\/\/dobrezrodla.com\/index.php?rest_route=\/wp\/v2\/types\/post"}],"author":[{"embeddable":true,"href":"https:\/\/dobrezrodla.com\/index.php?rest_route=\/wp\/v2\/users\/1"}],"replies":[{"embeddable":true,"href":"https:\/\/dobrezrodla.com\/index.php?rest_route=%2Fwp%2Fv2%2Fcomments&post=23487"}],"version-history":[{"count":1,"href":"https:\/\/dobrezrodla.com\/index.php?rest_route=\/wp\/v2\/posts\/23487\/revisions"}],"predecessor-version":[{"id":23488,"href":"https:\/\/dobrezrodla.com\/index.php?rest_route=\/wp\/v2\/posts\/23487\/revisions\/23488"}],"wp:attachment":[{"href":"https:\/\/dobrezrodla.com\/index.php?rest_route=%2Fwp%2Fv2%2Fmedia&parent=23487"}],"wp:term":[{"taxonomy":"category","embeddable":true,"href":"https:\/\/dobrezrodla.com\/index.php?rest_route=%2Fwp%2Fv2%2Fcategories&post=23487"},{"taxonomy":"post_tag","embeddable":true,"href":"https:\/\/dobrezrodla.com\/index.php?rest_route=%2Fwp%2Fv2%2Ftags&post=23487"}],"curies":[{"name":"wp","href":"https:\/\/api.w.org\/{rel}","templated":true}]}}