{"id":23499,"date":"2026-04-26T19:24:03","date_gmt":"2026-04-26T19:24:03","guid":{"rendered":"https:\/\/dobrezrodla.com\/?p=23499"},"modified":"2026-04-26T19:24:04","modified_gmt":"2026-04-26T19:24:04","slug":"podwyzka-wieku-emerytalnego-oto-co-rzad-szykuje-dla-seniorow","status":"publish","type":"post","link":"https:\/\/dobrezrodla.com\/?p=23499","title":{"rendered":"Podwy\u017cka wieku emerytalnego? Oto, co rz\u0105d szykuje dla senior\u00f3w"},"content":{"rendered":"\n<p>Rz\u0105d nie przewiduje podnoszenia wieku emerytalnego, co potwierdza najnowszy przegl\u0105d emerytalny. W dokumencie podkre\u015bla si\u0119, \u017ce celem jest utrzymanie poczucia bezpiecze\u0144stwa u senior\u00f3w. Jednocze\u015bnie zapowiedziano szereg innych zmian w systemie emerytalnym, spo\u015br\u00f3d kt\u00f3rych cz\u0119\u015b\u0107 dzia\u0142a\u0144 ju\u017c zaczyna przynosi\u0107 efekty.<\/p>\n\n\n\n<h2 class=\"wp-block-heading\">Co zawiera przegl\u0105d emerytalny?<\/h2>\n\n\n\n<p>Przegl\u0105d dotyczy ustawy z 16 listopada 2016 roku, kt\u00f3ra zmieni\u0142a prawo emerytalne i przywr\u00f3ci\u0142a ni\u017cszy wiek emerytalny, wprowadzony wcze\u015bniej przez rz\u0105d Zjednoczonej Prawicy. Dokument obowi\u0105zuje w okresie 2022\u20132024 i jego celem jest ocena skutk\u00f3w zmian. Najnowsza wersja zosta\u0142a skierowana do Sejmu i jasno stwierdza, \u017ce podwy\u017cszenie wieku emerytalnego nie jest rozwa\u017cane.<\/p>\n\n\n\n<blockquote class=\"wp-block-quote is-layout-flow wp-block-quote-is-layout-flow\">\n<p>Propozycje podniesienia wieku emerytalnego nie s\u0105 odpowiedzi\u0105 na problem starzenia si\u0119 spo\u0142ecze\u0144stwa. Obecny wiek emerytalny gwarantuje osobom starszym poczucie bezpiecze\u0144stwa.<\/p>\n<\/blockquote>\n\n\n\n<p>Rz\u0105d akcentuje, \u017ce decyzja o kontynuacji aktywno\u015bci zawodowej powinna by\u0107 indywidualnym wyborem, jednak zach\u0119ca do dalszej pracy. Liczby wskazuj\u0105 na rosn\u0105c\u0105 tendencj\u0119 os\u00f3b op\u00f3\u017aniaj\u0105cych przej\u015bcie na emerytur\u0119. W 2022 roku oko\u0142o 295 tysi\u0119cy os\u00f3b przesz\u0142o na emerytur\u0119, z czego 206 tysi\u0119cy osi\u0105gn\u0119\u0142o ustawowy wiek emerytalny. W 2023 roku liczba nowych emeryt\u00f3w wynios\u0142a 316 tysi\u0119cy, a 219 tysi\u0119cy zdecydowa\u0142o si\u0119 na przej\u015bcie w ustawowym wieku.<\/p>\n\n\n\n<h2 class=\"wp-block-heading\">Wymierne korzy\u015bci d\u0142u\u017cszej pracy zawodowej<\/h2>\n\n\n\n<p>ZUS wskazuje na konkretne korzy\u015bci finansowe wynikaj\u0105ce z op\u00f3\u017anienia decyzji o odej\u015bciu na emerytur\u0119. Dla przeci\u0119tnej kobiety ka\u017cdy rok d\u0142u\u017cszej pracy zwi\u0119ksza \u015bwiadczenie o oko\u0142o 4 procent, za\u015b po pi\u0119ciu latach suma podwy\u017cek przekracza 20 procent. M\u0119\u017cczy\u017ani mog\u0105 liczy\u0107 na jeszcze wi\u0119ksze korzy\u015bci \u2013 pracuj\u0105c d\u0142u\u017cej o rok, emerytura ro\u015bnie o ponad 4 procent, a po pi\u0119ciu latach nawet o ponad 23 procent. Te zach\u0119ty finansowe stanowi\u0105 alternatyw\u0119 do podwy\u017cszania ustawowego wieku emerytalnego.<\/p>\n\n\n\n<h2 class=\"wp-block-heading\">Emerytury sta\u017cowe jako alternatywa systemowa<\/h2>\n\n\n\n<p>W debacie publicznej coraz g\u0142o\u015bniej m\u00f3wi si\u0119 o emeryturach sta\u017cowych. W\u015br\u00f3d wyborczych obietnic koalicji rz\u0105dowej znalaz\u0142y si\u0119 dwa projekty ustaw \u2013 jeden przygotowany przez Lewic\u0119, drugi przez Zwi\u0105zek Zawodowy \u201eSolidarno\u015b\u0107\u201d. Propozycje zak\u0142adaj\u0105, \u017ce prawo do emerytury wynika\u0142oby nie z wieku, lecz z przepracowanego sta\u017cu. Kobiety mog\u0142yby przej\u015b\u0107 na emerytur\u0119 po 35 latach pracy, a m\u0119\u017cczy\u017ani po 40 latach, pod warunkiem \u017ce zgromadzone sk\u0142adki zapewni\u0105 co najmniej minimalne \u015bwiadczenie. Takie rozwi\u0105zanie umo\u017cliwi\u0142oby wcze\u015bniejsze przej\u015bcie na emerytur\u0119 ni\u017c przewiduje wiek ustawowy.<\/p>\n\n\n\n<p>Prace nad tymi projektami tocz\u0105 si\u0119 od pewnego czasu, jednak utkn\u0119\u0142y w impasie z powodu braku oficjalnego stanowiska rz\u0105du. Od oko\u0142o roku znajduj\u0105 si\u0119 w sejmowej \u201ezamra\u017carce\u201d. Minister rodziny, pracy i polityki spo\u0142ecznej, Agnieszka Dziemianowicz-B\u0105k, od pocz\u0105tku opowiada si\u0119 za ich wprowadzeniem. Ministerstwo Finans\u00f3w wykazuje jednak sceptycyzm, zwracaj\u0105c uwag\u0119 na potencjalne obci\u0105\u017cenie bud\u017cetu pa\u0144stwa.<\/p>\n\n\n\n<figure class=\"wp-block-image\"><img decoding=\"async\" src=\"https:\/\/bystryjanusz.pl\/wp-content\/uploads\/2025\/11\/2204.jpg\" alt=\"obrazek\"\/><\/figure>\n\n\n\n<p>Wiceminister rodziny Sebastian Gajewski poinformowa\u0142, \u017ce rz\u0105dowy projekt zosta\u0142 przekazany do Sta\u0142ego Komitetu Rady Ministr\u00f3w, kt\u00f3ry zobowi\u0105za\u0142 resort rodziny do przeprowadzenia uzgodnie\u0144 mi\u0119dzyresortowych dotycz\u0105cych stanowiska. Zwi\u0105zkowcy z \u201eSolidarno\u015bci\u201d wykazuj\u0105 gotowo\u015b\u0107 do znacz\u0105cych ust\u0119pstw, aby doprowadzi\u0107 do przyj\u0119cia reformy. Proponuj\u0105 podwy\u017cszenie wymaganego sta\u017cu do 38 lat dla kobiet i 43 lat dla m\u0119\u017cczyzn, pod warunkiem \u017ce zgromadzony kapita\u0142 pozwoli na wyp\u0142at\u0119 co najmniej 120\u2013150 procent minimalnej emerytury.<\/p>\n\n\n\n<h2 class=\"wp-block-heading\">Przysz\u0142o\u015b\u0107 systemu emerytalnego<\/h2>\n\n\n\n<p>Statystyki pokazuj\u0105, \u017ce coraz wi\u0119cej os\u00f3b decyduje si\u0119 na p\u00f3\u017aniejsze przej\u015bcie na emerytur\u0119, co jest korzystne zar\u00f3wno dla bud\u017cetu pa\u0144stwa, jak i dla samych zainteresowanych, kt\u00f3rzy otrzymuj\u0105 wy\u017csze \u015bwiadczenia. Rz\u0105d chce zach\u0119ca\u0107 senior\u00f3w do podejmowania indywidualnych decyzji o kontynuowaniu aktywno\u015bci zawodowej, jednocze\u015bnie otwieraj\u0105c drog\u0119 do ewentualnych zmian systemowych dotycz\u0105cych emerytur sta\u017cowych. Dalsze losy tych propozycji pozostaj\u0105 przedmiotem negocjacji i analiz, a spo\u0142ecze\u0144stwo uwa\u017cnie \u015bledzi rozw\u00f3j sytuacji, oczekuj\u0105c trwa\u0142ych i korzystnych rozwi\u0105za\u0144.<\/p>\n","protected":false},"excerpt":{"rendered":"<p>Rz\u0105d nie przewiduje podnoszenia wieku emerytalnego, co potwierdza najnowszy przegl\u0105d emerytalny. W dokumencie podkre\u015bla si\u0119, \u017ce celem jest utrzymanie poczucia bezpiecze\u0144stwa u senior\u00f3w. Jednocze\u015bnie zapowiedziano szereg innych zmian w systemie emerytalnym, spo\u015br\u00f3d kt\u00f3rych cz\u0119\u015b\u0107 dzia\u0142a\u0144 ju\u017c zaczyna przynosi\u0107 efekty. Co zawiera przegl\u0105d emerytalny? Przegl\u0105d dotyczy ustawy z 16 listopada 2016 roku, kt\u00f3ra zmieni\u0142a prawo emerytalne &#8230; <a title=\"Podwy\u017cka wieku emerytalnego? Oto, co rz\u0105d szykuje dla senior\u00f3w\" class=\"read-more\" href=\"https:\/\/dobrezrodla.com\/?p=23499\" aria-label=\"Read more about Podwy\u017cka wieku emerytalnego? Oto, co rz\u0105d szykuje dla senior\u00f3w\">Read more<\/a><\/p>\n","protected":false},"author":1,"featured_media":0,"comment_status":"open","ping_status":"open","sticky":false,"template":"","format":"standard","meta":{"footnotes":""},"categories":[1],"tags":[],"class_list":["post-23499","post","type-post","status-publish","format-standard","hentry","category-uncategorized"],"_links":{"self":[{"href":"https:\/\/dobrezrodla.com\/index.php?rest_route=\/wp\/v2\/posts\/23499","targetHints":{"allow":["GET"]}}],"collection":[{"href":"https:\/\/dobrezrodla.com\/index.php?rest_route=\/wp\/v2\/posts"}],"about":[{"href":"https:\/\/dobrezrodla.com\/index.php?rest_route=\/wp\/v2\/types\/post"}],"author":[{"embeddable":true,"href":"https:\/\/dobrezrodla.com\/index.php?rest_route=\/wp\/v2\/users\/1"}],"replies":[{"embeddable":true,"href":"https:\/\/dobrezrodla.com\/index.php?rest_route=%2Fwp%2Fv2%2Fcomments&post=23499"}],"version-history":[{"count":1,"href":"https:\/\/dobrezrodla.com\/index.php?rest_route=\/wp\/v2\/posts\/23499\/revisions"}],"predecessor-version":[{"id":23500,"href":"https:\/\/dobrezrodla.com\/index.php?rest_route=\/wp\/v2\/posts\/23499\/revisions\/23500"}],"wp:attachment":[{"href":"https:\/\/dobrezrodla.com\/index.php?rest_route=%2Fwp%2Fv2%2Fmedia&parent=23499"}],"wp:term":[{"taxonomy":"category","embeddable":true,"href":"https:\/\/dobrezrodla.com\/index.php?rest_route=%2Fwp%2Fv2%2Fcategories&post=23499"},{"taxonomy":"post_tag","embeddable":true,"href":"https:\/\/dobrezrodla.com\/index.php?rest_route=%2Fwp%2Fv2%2Ftags&post=23499"}],"curies":[{"name":"wp","href":"https:\/\/api.w.org\/{rel}","templated":true}]}}