{"id":23501,"date":"2026-04-26T19:24:56","date_gmt":"2026-04-26T19:24:56","guid":{"rendered":"https:\/\/dobrezrodla.com\/?p=23501"},"modified":"2026-04-26T19:24:57","modified_gmt":"2026-04-26T19:24:57","slug":"tragiczny-wypadek-w-wielowsi-nie-zyje-dwoch-chlopcow-trzech-walczy-o-zycie","status":"publish","type":"post","link":"https:\/\/dobrezrodla.com\/?p=23501","title":{"rendered":"Tragiczny wypadek w Wielowsi: Nie \u017cyje dw\u00f3ch ch\u0142opc\u00f3w, trzech walczy o \u017cycie"},"content":{"rendered":"\n<p>W powiecie gliwickim, w miejscowo\u015bci Wielowie\u015b, dosz\u0142o do dramatycznego zdarzenia drogowego, kt\u00f3re poruszy\u0142o ca\u0142\u0105 lokaln\u0105 spo\u0142eczno\u015b\u0107. Samoch\u00f3d osobowy, w kt\u00f3rym jecha\u0142o pi\u0119ciu uczni\u00f3w Technikum Le\u015bnego w Brynku, zderzy\u0142 si\u0119 z ci\u0105gnikiem siod\u0142owym z naczep\u0105.<\/p>\n\n\n\n<h2 class=\"wp-block-heading\">Szczeg\u00f3\u0142y wypadku \u2013 co si\u0119 wydarzy\u0142o?<\/h2>\n\n\n\n<p>Do tragedii dosz\u0142o w czwartek 18 wrze\u015bnia oko\u0142o godziny 16:00, na skrzy\u017cowaniu dr\u00f3g wojew\u00f3dzkich nr 901 i 907. Kierowca Opla Corsy nie zatrzyma\u0142 si\u0119 na znaku STOP, wskutek czego pojazd wbi\u0142 si\u0119 w Mercedesa z naczep\u0105. W samochodzie podr\u00f3\u017cowa\u0142o pi\u0119ciu m\u0142odych ch\u0142opc\u00f3w \u2013 uczni\u00f3w technikum.<\/p>\n\n\n\n<h2 class=\"wp-block-heading\">Ofiary i poszkodowani<\/h2>\n\n\n\n<p>W wyniku zderzenia \u015bmier\u0107 na miejscu ponios\u0142o dw\u00f3ch ch\u0142opc\u00f3w. Trzech pozosta\u0142ych pasa\u017cer\u00f3w zosta\u0142o przetransportowanych do szpitala \u2013 dw\u00f3ch \u015bmig\u0142owcem Lotniczego Pogotowia Ratunkowego, jeden karetk\u0105. W ci\u0105gniku podr\u00f3\u017cowa\u0142y dwie osoby, kt\u00f3re nie odnios\u0142y powa\u017cnych obra\u017ce\u0144.<\/p>\n\n\n\n<p>S\u0142u\u017cby zako\u0144czy\u0142y czynno\u015bci na miejscu zdarzenia o godzinie 00:55. Jak ustalono, kieruj\u0105cy Oplem 19-latek posiada\u0142 prawo jazdy od 14. roku \u017cycia na kategori\u0119 AM (motorowery i lekkie quady) oraz od 16. roku \u017cycia uprawnienia do jazdy pojazdami kategorii A1.<\/p>\n\n\n\n<figure class=\"wp-block-image\"><img decoding=\"async\" src=\"https:\/\/www.bystryjanusz.pl\/wp-content\/uploads\/2025\/10\/1769.jpg\" alt=\"\" class=\"wp-image-18476\"\/><\/figure>\n\n\n\n<h2 class=\"wp-block-heading\">Szko\u0142a w \u017ca\u0142obie \u2013 wspomnienia o ofiarach<\/h2>\n\n\n\n<p>Spo\u0142eczno\u015b\u0107 Technikum Le\u015bnego w Brynku nadal dochodzi do siebie po tej wielkiej tragedii. Media spo\u0142eczno\u015bciowe pe\u0142ne s\u0105 wpis\u00f3w ludzi przej\u0119tych losem uczni\u00f3w oraz prze\u015bwiadczeniem o skali straty. W\u015br\u00f3d nich jest emocjonalny artyku\u0142 p. Gra\u017cyny Klimaczk, kt\u00f3ra zna\u0142a osobi\u015bcie cz\u0119\u015b\u0107 poszkodowanych.<\/p>\n\n\n\n<blockquote class=\"wp-block-quote is-layout-flow wp-block-quote-is-layout-flow\">\n<p>Dzi\u015b p\u0119k\u0142o mi serce, bo tym osobowym samochodem jecha\u0142o 5 uczni\u00f3w naszego Technikum Le\u015bnego w Brynku, z kt\u00f3rym jestem emocjonalnie zwi\u0105zana. Czterech uczni\u00f3w z klas czwartych i jeden z pierwszej. Stracili\u015bmy wspania\u0142ych m\u0142odych m\u0119\u017cczyzn (\u2026) Zna\u0142am osobi\u015bcie tr\u00f3jk\u0119 \u2013 to wspania\u0142a m\u0142odzie\u017c \u2013 to by\u0142 zwyk\u0142y dzie\u0144, sprawny samoch\u00f3d, tylko kierowca mia\u0142 uko\u0144czone 18 lat. Mieszkali w internacie, bo technik\u00f3w le\u015bnych jest tylko 11 w Polsce, a to wyj\u0105tkowa m\u0142odzie\u017c z pasjami: samodzielna, pracowita, odpowiedzialna. To nie mia\u0142o prawa si\u0119 zdarzy\u0107 \u2013 i nie spos\u00f3b si\u0119 z tym pogodzi\u0107.<\/p>\n\n\n\n<p>\u2013 p. Gra\u017cyna Klimaczk<\/p>\n<\/blockquote>\n\n\n\n<h2 class=\"wp-block-heading\">Apel o bezpiecze\u0144stwo na drodze<\/h2>\n\n\n\n<p>Ten tragiczny wypadek przypomina o konieczno\u015bci bezwzgl\u0119dnego przestrzegania przepis\u00f3w ruchu drogowego, zw\u0142aszcza znak\u00f3w STOP. Strata m\u0142odych ludzi to ogromny cios dla rodzin i ca\u0142ej spo\u0142eczno\u015bci szkolnej. Policja kontynuuje \u015bledztwo w celu ustalenia wszystkich okoliczno\u015bci zdarzenia.<\/p>\n\n\n\n<h2 class=\"wp-block-heading\">Podsumowanie<\/h2>\n\n\n\n<p>Wielowska tragedia pozostawi\u0142a pi\u0119\u0107 rodzin pogr\u0105\u017conych w b\u00f3lu i \u017ca\u0142obie. \u017bycie dw\u00f3ch m\u0142odych ch\u0142opc\u00f3w zosta\u0142o brutalnie przerwane, a los trzech kolejnych wci\u0105\u017c pozostaje niepewny. To dramatyczne zdarzenie jest przestrog\u0105 dla wszystkich kierowc\u00f3w o konieczno\u015bci zachowania ostro\u017cno\u015bci na drodze.<\/p>\n\n\n\n<p>Wszystkim poszkodowanym oraz ich rodzinom redakcja sk\u0142ada najszczersze kondolencje i \u017cyczy szybkiego powrotu do zdrowia.<\/p>\n","protected":false},"excerpt":{"rendered":"<p>W powiecie gliwickim, w miejscowo\u015bci Wielowie\u015b, dosz\u0142o do dramatycznego zdarzenia drogowego, kt\u00f3re poruszy\u0142o ca\u0142\u0105 lokaln\u0105 spo\u0142eczno\u015b\u0107. Samoch\u00f3d osobowy, w kt\u00f3rym jecha\u0142o pi\u0119ciu uczni\u00f3w Technikum Le\u015bnego w Brynku, zderzy\u0142 si\u0119 z ci\u0105gnikiem siod\u0142owym z naczep\u0105. Szczeg\u00f3\u0142y wypadku \u2013 co si\u0119 wydarzy\u0142o? Do tragedii dosz\u0142o w czwartek 18 wrze\u015bnia oko\u0142o godziny 16:00, na skrzy\u017cowaniu dr\u00f3g wojew\u00f3dzkich nr &#8230; <a title=\"Tragiczny wypadek w Wielowsi: Nie \u017cyje dw\u00f3ch ch\u0142opc\u00f3w, trzech walczy o \u017cycie\" class=\"read-more\" href=\"https:\/\/dobrezrodla.com\/?p=23501\" aria-label=\"Read more about Tragiczny wypadek w Wielowsi: Nie \u017cyje dw\u00f3ch ch\u0142opc\u00f3w, trzech walczy o \u017cycie\">Read more<\/a><\/p>\n","protected":false},"author":1,"featured_media":0,"comment_status":"open","ping_status":"open","sticky":false,"template":"","format":"standard","meta":{"footnotes":""},"categories":[1],"tags":[],"class_list":["post-23501","post","type-post","status-publish","format-standard","hentry","category-uncategorized"],"_links":{"self":[{"href":"https:\/\/dobrezrodla.com\/index.php?rest_route=\/wp\/v2\/posts\/23501","targetHints":{"allow":["GET"]}}],"collection":[{"href":"https:\/\/dobrezrodla.com\/index.php?rest_route=\/wp\/v2\/posts"}],"about":[{"href":"https:\/\/dobrezrodla.com\/index.php?rest_route=\/wp\/v2\/types\/post"}],"author":[{"embeddable":true,"href":"https:\/\/dobrezrodla.com\/index.php?rest_route=\/wp\/v2\/users\/1"}],"replies":[{"embeddable":true,"href":"https:\/\/dobrezrodla.com\/index.php?rest_route=%2Fwp%2Fv2%2Fcomments&post=23501"}],"version-history":[{"count":1,"href":"https:\/\/dobrezrodla.com\/index.php?rest_route=\/wp\/v2\/posts\/23501\/revisions"}],"predecessor-version":[{"id":23502,"href":"https:\/\/dobrezrodla.com\/index.php?rest_route=\/wp\/v2\/posts\/23501\/revisions\/23502"}],"wp:attachment":[{"href":"https:\/\/dobrezrodla.com\/index.php?rest_route=%2Fwp%2Fv2%2Fmedia&parent=23501"}],"wp:term":[{"taxonomy":"category","embeddable":true,"href":"https:\/\/dobrezrodla.com\/index.php?rest_route=%2Fwp%2Fv2%2Fcategories&post=23501"},{"taxonomy":"post_tag","embeddable":true,"href":"https:\/\/dobrezrodla.com\/index.php?rest_route=%2Fwp%2Fv2%2Ftags&post=23501"}],"curies":[{"name":"wp","href":"https:\/\/api.w.org\/{rel}","templated":true}]}}