{"id":23515,"date":"2026-04-26T19:36:00","date_gmt":"2026-04-26T19:36:00","guid":{"rendered":"https:\/\/dobrezrodla.com\/?p=23515"},"modified":"2026-04-26T19:36:00","modified_gmt":"2026-04-26T19:36:00","slug":"miller-skrytykowal-tuska-glosny-wywiad-premiera-pelen-kontrowersji","status":"publish","type":"post","link":"https:\/\/dobrezrodla.com\/?p=23515","title":{"rendered":"Miller skrytykowa\u0142 Tuska. G\u0142o\u015bny wywiad premiera pe\u0142en kontrowersji"},"content":{"rendered":"\n<p>Wypowiedzi premiera Donalda Tuska na temat mo\u017cliwego zagro\u017cenia ze strony Rosji wywo\u0142a\u0142y fal\u0119 komentarzy i podgrza\u0142o polityczn\u0105 dyskusj\u0119. W programie \u201ePrezydenci i premierzy\u201d w Polsat News by\u0142y premier Leszek Miller odni\u00f3s\u0142 si\u0119 do wywiadu szefa rz\u0105du dla \u201eFinancial Times\u201d, oceniaj\u0105c jego przekaz jako niepomagaj\u0105cy obecnej sytuacji.<\/p>\n\n\n\n<p>G\u0142o\u015bny wywiad Tuska dla \u201eFinancial Times\u201d. Miller komentuje s\u0142owa premiera<br>W wywiadzie dla \u201eFinancial Times\u201d premier Donald Tusk stwierdzi\u0142, \u017ce ma \u201epewne problemy\u201d z pe\u0142nym zaufaniem do tego, \u017ce artyku\u0142 5 Traktatu P\u00f3\u0142nocnoatlantyckiego o wzajemnej obronie sojusznik\u00f3w wci\u0105\u017c w praktyce gwarantuje automatyczn\u0105 reakcj\u0119 NATO. Podkre\u015bli\u0142 jednocze\u015bnie, \u017ce w tej sytuacji Unia Europejska powinna rozwija\u0107 w\u0142asne zdolno\u015bci obronne i wzmacnia\u0107 niezale\u017cny system bezpiecze\u0144stwa.<\/p>\n\n\n\n<p>S\u0142owa te wywo\u0142a\u0142y szeroki komentarz polityczny, m.in. ze strony by\u0142ego premiera Leszka Millera, kt\u00f3ry odni\u00f3s\u0142 si\u0119 do sprawy w programie \u201ePrezydenci i premierzy\u201d na antenie Polsat News.<\/p>\n\n\n\n<ul class=\"wp-block-list\">\n<li>Mo\u017cna co\u015b powiedzie\u0107 w cztery oczy i nie mo\u017cna czego\u015b powiedzie\u0107 w mediach (\u2026). Te s\u0142owa pana premiera zosta\u0142y skomentowane i przez Bia\u0142y Dom i przez ambasadora. To oznacza, \u017ce przywi\u0105zano do nich odpowiedni\u0105 wag\u0119. Stawiam tez\u0119, \u017ce one nie u\u0142atwi\u0142y nam sytuacji &#8211; stwierdzi\u0142 Miller.<\/li>\n<\/ul>\n\n\n\n<p>By\u0142y premier odni\u00f3s\u0142 si\u0119 tak\u017ce do pomys\u0142\u00f3w budowy europejskich si\u0142 zbrojnych, zaznaczaj\u0105c zale\u017cno\u015b\u0107 Sojuszu od Stan\u00f3w Zjednoczonych.<\/p>\n\n\n\n<ul class=\"wp-block-list\">\n<li>Mo\u017cna oczywi\u015bcie rozwa\u017ca\u0107 o budowie jakich\u015b alternatywnych europejskich si\u0142 i tak dalej. Tyle, \u017ce NATO bez Stan\u00f3w Zjednoczonych to faktycznie jest papierowy tygrys &#8211; powiedzia\u0142.<\/li>\n\n\n\n<li>62 proc. bud\u017cetu NATO to s\u0105 Stany Zjednoczone. Je\u017celi odejmiemy te 62 proc. z bud\u017cetu NATO, to co zostanie? Jakie\u015b drobiazgi zostan\u0105 &#8211; wylicza\u0142 by\u0142y premier.<\/li>\n<\/ul>\n\n\n\n<p>Miller stanowczo. \u201ePo co straszy\u0107 obywateli?\u201d<br>W tym samym wywiadzie premier Donald Tusk odni\u00f3s\u0142 si\u0119 r\u00f3wnie\u017c do kwestii bezpiecze\u0144stwa, ostrzegaj\u0105c, \u017ce Rosja mo\u017ce zaatakowa\u0107 pa\u0144stwo NATO w perspektywie \u201eraczej miesi\u0119cy ni\u017c lat\u201d. Podkre\u015bli\u0142 przy tym, \u017ce chodzi o realne zagro\u017cenie w kr\u00f3tkim horyzoncie czasowym.<\/p>\n\n\n\n<ul class=\"wp-block-list\">\n<li>To naprawd\u0119 powa\u017cna sprawa. Mam na my\u015bli perspektyw\u0119 kr\u00f3tkoterminow\u0105 &#8211; raczej miesi\u0105ce ni\u017c lata &#8211; powiedzia\u0142 Tusk w kontek\u015bcie ewentualnego ataku si\u0142 Kremla na NATO.<\/li>\n<\/ul>\n\n\n\n<p>Te s\u0142owa spotka\u0142y si\u0119 z krytyk\u0105 ze strony by\u0142ego premiera Leszek Miller, kt\u00f3ry wprost zakwestionowa\u0142 zasadno\u015b\u0107 takich ostrze\u017ce\u0144 w przestrzeni publicznej.<\/p>\n\n\n\n<ul class=\"wp-block-list\">\n<li>Po co straszy\u0107 obywateli skoro wiadomo, \u017ce \u017cadnej agresji w ci\u0105gu miesi\u0119cy nie b\u0119dzie? &#8211; powiedzia\u0142 by\u0142y premier.<\/li>\n<\/ul>\n\n\n\n<p>Czy b\u0119d\u0105 nadzwyczajne posiedzenia? Miller oczekuje reakcji w\u0142adz<br>W dalszej cz\u0119\u015bci wypowiedzi Leszek Miller rozwin\u0105\u0142 swoj\u0105 krytyk\u0119, wskazuj\u0105c, jakie w jego opinii powinny by\u0107 konsekwencje tak powa\u017cnych ostrze\u017ce\u0144 formu\u0142owanych przez premiera. By\u0142y szef rz\u0105du podkre\u015bli\u0142, \u017ce je\u015bli s\u0142owa Donalda Tuska rzeczywi\u015bcie odzwierciedlaj\u0105 ocen\u0119 sytuacji bezpiecze\u0144stwa, to powinny p\u00f3j\u015b\u0107 za nimi konkretne dzia\u0142ania na najwy\u017cszym szczeblu pa\u0144stwowym i sojuszniczym.<\/p>\n\n\n\n<ul class=\"wp-block-list\">\n<li>Je\u017celi Tusk wierzy w to, co m\u00f3wi, to ja oczekuj\u0119, \u017ce w przysz\u0142ym tygodniu odb\u0119dzie si\u0119 nadzwyczajne posiedzenie Sejmu, w kt\u00f3rym premier zdradzi informacje, co si\u0119 mo\u017ce zdarzy\u0107 i jak Polska jest na to przygotowana. Prezydent odb\u0119dzie Rad\u0119 Bezpiecze\u0144stwa Narodowego w tym samym celu, a Polska z\u0142o\u017cy wniosek do rady P\u00f3\u0142nocnoatlantyckiej o specjalne posiedzenia NATO &#8211; stwierdzi\u0142.<\/li>\n<\/ul>\n","protected":false},"excerpt":{"rendered":"<p>Wypowiedzi premiera Donalda Tuska na temat mo\u017cliwego zagro\u017cenia ze strony Rosji wywo\u0142a\u0142y fal\u0119 komentarzy i podgrza\u0142o polityczn\u0105 dyskusj\u0119. W programie \u201ePrezydenci i premierzy\u201d w Polsat News by\u0142y premier Leszek Miller odni\u00f3s\u0142 si\u0119 do wywiadu szefa rz\u0105du dla \u201eFinancial Times\u201d, oceniaj\u0105c jego przekaz jako niepomagaj\u0105cy obecnej sytuacji. G\u0142o\u015bny wywiad Tuska dla \u201eFinancial Times\u201d. Miller komentuje s\u0142owa &#8230; <a title=\"Miller skrytykowa\u0142 Tuska. G\u0142o\u015bny wywiad premiera pe\u0142en kontrowersji\" class=\"read-more\" href=\"https:\/\/dobrezrodla.com\/?p=23515\" aria-label=\"Read more about Miller skrytykowa\u0142 Tuska. G\u0142o\u015bny wywiad premiera pe\u0142en kontrowersji\">Read more<\/a><\/p>\n","protected":false},"author":1,"featured_media":0,"comment_status":"open","ping_status":"open","sticky":false,"template":"","format":"standard","meta":{"footnotes":""},"categories":[1],"tags":[],"class_list":["post-23515","post","type-post","status-publish","format-standard","hentry","category-uncategorized"],"_links":{"self":[{"href":"https:\/\/dobrezrodla.com\/index.php?rest_route=\/wp\/v2\/posts\/23515","targetHints":{"allow":["GET"]}}],"collection":[{"href":"https:\/\/dobrezrodla.com\/index.php?rest_route=\/wp\/v2\/posts"}],"about":[{"href":"https:\/\/dobrezrodla.com\/index.php?rest_route=\/wp\/v2\/types\/post"}],"author":[{"embeddable":true,"href":"https:\/\/dobrezrodla.com\/index.php?rest_route=\/wp\/v2\/users\/1"}],"replies":[{"embeddable":true,"href":"https:\/\/dobrezrodla.com\/index.php?rest_route=%2Fwp%2Fv2%2Fcomments&post=23515"}],"version-history":[{"count":1,"href":"https:\/\/dobrezrodla.com\/index.php?rest_route=\/wp\/v2\/posts\/23515\/revisions"}],"predecessor-version":[{"id":23516,"href":"https:\/\/dobrezrodla.com\/index.php?rest_route=\/wp\/v2\/posts\/23515\/revisions\/23516"}],"wp:attachment":[{"href":"https:\/\/dobrezrodla.com\/index.php?rest_route=%2Fwp%2Fv2%2Fmedia&parent=23515"}],"wp:term":[{"taxonomy":"category","embeddable":true,"href":"https:\/\/dobrezrodla.com\/index.php?rest_route=%2Fwp%2Fv2%2Fcategories&post=23515"},{"taxonomy":"post_tag","embeddable":true,"href":"https:\/\/dobrezrodla.com\/index.php?rest_route=%2Fwp%2Fv2%2Ftags&post=23515"}],"curies":[{"name":"wp","href":"https:\/\/api.w.org\/{rel}","templated":true}]}}