{"id":23519,"date":"2026-04-26T19:38:18","date_gmt":"2026-04-26T19:38:18","guid":{"rendered":"https:\/\/dobrezrodla.com\/?p=23519"},"modified":"2026-04-26T19:38:19","modified_gmt":"2026-04-26T19:38:19","slug":"nieoczekiwana-wizyta-nawrockiego-tu-zjawil-sie-w-sobotni-wieczor-nigdzie-tego-nie-oglaszano","status":"publish","type":"post","link":"https:\/\/dobrezrodla.com\/?p=23519","title":{"rendered":"Nieoczekiwana wizyta Nawrockiego. Tu zjawi\u0142 si\u0119 w sobotni wiecz\u00f3r, nigdzie tego nie og\u0142aszano"},"content":{"rendered":"\n<p>Nieoczekiwany ruch g\u0142owy pa\u0144stwa. W sobotni wiecz\u00f3r Karol Nawrocki pojawi\u0142 si\u0119 tam, gdzie ma\u0142o kto si\u0119 go spodziewa\u0142. Bez zapowiedzi, bez oficjalnego komunikatu \u2013 jego obecno\u015b\u0107 wywo\u0142a\u0142a natychmiastowe poruszenie w\u015br\u00f3d uczestnik\u00f3w wydarzenia.<\/p>\n\n\n\n<p>Gdzie pojawi\u0142 si\u0119 prezydent?<br>Nieoczekiwana wizyta Karola Nawrockiego<br>Co zrobi\u0142 Karol Nawrocki?<br>Gdzie pojawi\u0142 si\u0119 prezydent?<br>Do zaskakuj\u0105cej wizyty dosz\u0142o podczas gali boksu zawodowego Estimet Rocky Boxing Night w hali Sokolnia w Ko\u015bcierzynie. To w\u0142a\u015bnie tam, w\u015br\u00f3d kibic\u00f3w i zawodnik\u00f3w, pojawi\u0142 si\u0119 prezydent Karol Nawrocki, zajmuj\u0105c miejsce na trybunach i obserwuj\u0105c przebieg walk.<\/p>\n\n\n\n<p>Wed\u0142ug informacji organizator\u00f3w oraz s\u0142u\u017cb prasowych, g\u0142owa pa\u0144stwa przyby\u0142a do Ko\u015bcierzyny 24 kwietnia 2026 roku. Zanim jednak pojawi\u0142 si\u0119 na gali, uczestniczy\u0142 w lokalnych wydarzeniach \u2013 wzi\u0105\u0142 udzia\u0142 we mszy \u015bwi\u0119tej w ko\u015bciele \u015awi\u0119tej Tr\u00f3jcy, a nast\u0119pnie spotka\u0142 si\u0119 na plebanii. Dopiero p\u00f3\u017aniej uda\u0142 si\u0119 do hali, gdzie trwa\u0142o sportowe widowisko.<\/p>\n\n\n\n<p>Obecno\u015b\u0107 prezydenta szybko zosta\u0142a zauwa\u017cona przez uczestnik\u00f3w wydarzenia. Towarzyszyli mu m.in. syn oraz przedstawiciele jego kancelarii. Cho\u0107 nie by\u0142 to element oficjalnego programu gali, jego pojawienie si\u0119 wyra\u017anie przyci\u0105gn\u0119\u0142o uwag\u0119 zar\u00f3wno kibic\u00f3w, jak i zawodnik\u00f3w. Warto podkre\u015bli\u0107, \u017ce g\u0142\u00f3wnym wydarzeniem wieczoru by\u0142a walka w wadze ci\u0119\u017ckiej, w kt\u00f3rej Kacper Meyna znokautowa\u0142 rywala ju\u017c w pierwszej rundzie, zdobywaj\u0105c pas mistrza Polski.<\/p>\n\n\n\n<p>Nieoczekiwana wizyta Karola Nawrockiego<br>Najwi\u0119ksze zaskoczenie wzbudzi\u0142 jednak nie sam fakt obecno\u015bci prezydenta na gali, lecz spos\u00f3b, w jaki do niej dosz\u0142o. Wizyta nie by\u0142a wcze\u015bniej zapowiadana ani szeroko komunikowana opinii publicznej. Brak oficjalnych informacji sprawi\u0142, \u017ce dla wielu uczestnik\u00f3w wydarzenia pojawienie si\u0119 Karola Nawrockiego by\u0142o ca\u0142kowitym zaskoczeniem.<\/p>\n\n\n\n<p>Wizyta mia\u0142a mie\u0107 charakter prywatny. Oznacza to, \u017ce nie by\u0142a elementem oficjalnego harmonogramu g\u0142owy pa\u0144stwa ani wydarzeniem o charakterze pa\u0144stwowym. Takie nieformalne pojawienie si\u0119 prezydenta w przestrzeni publicznej \u2013 zw\u0142aszcza podczas imprezy sportowej \u2013 rzadko zdarza si\u0119 bez wcze\u015bniejszych zapowiedzi, co dodatkowo pot\u0119gowa\u0142o efekt zaskoczenia.<\/p>\n\n\n\n<p>Co zrobi\u0142 Karol Nawrocki?<br>Najbardziej symboliczny moment wieczoru nast\u0105pi\u0142 ju\u017c po zako\u0144czeniu walki wieczoru. Gdy Kacper Meyna b\u0142yskawicznie znokautowa\u0142 Anthony\u2019ego Wrighta i zdoby\u0142 pas, na ringu pojawi\u0142 si\u0119 niespodziewany go\u015b\u0107 \u2013 sam prezydent Karol Nawrocki. Jego wej\u015bcie nie by\u0142o wcze\u015bniej zapowiadane, co tylko spot\u0119gowa\u0142o efekt zaskoczenia w\u015br\u00f3d kibic\u00f3w i uczestnik\u00f3w gali.<\/p>\n\n\n\n<p>Prezydent nie ograniczy\u0142 si\u0119 do biernej obserwacji wydarzenia z trybun. Po zako\u0144czeniu pojedynku wszed\u0142 mi\u0119dzy liny i osobi\u015bcie pogratulowa\u0142 zwyci\u0119zcy. Jak relacjonowano, zwr\u00f3ci\u0142 si\u0119 do Meyny s\u0142owami:<\/p>\n\n\n\n<p>Niesamowity jeste\u015b. Gratulacje.<\/p>\n\n\n\n<p>Ten gest mia\u0142 wyra\u017anie osobisty charakter i podkre\u015bla\u0142 jego zwi\u0105zki ze \u015brodowiskiem sport\u00f3w walki, z kt\u00f3rym od lat jest kojarzony. Wej\u015bcie g\u0142owy pa\u0144stwa do ringu by\u0142o momentem, kt\u00f3ry natychmiast przyci\u0105gn\u0105\u0142 uwag\u0119 publiczno\u015bci i medi\u00f3w.<\/p>\n\n\n\n<p>To rzadki widok, by urz\u0119duj\u0105cy prezydent pojawia\u0142 si\u0119 w tak bezpo\u015bredniej roli podczas gali sportowej. Tym bardziej \u017ce \u2013 jak ju\u017c wiadomo \u2013 jego obecno\u015b\u0107 nie by\u0142a wcze\u015bniej og\u0142aszana. Nawrocki nie wyg\u0142asza\u0142 przem\u00f3wie\u0144 ani nie nadawa\u0142 wydarzeniu oficjalnego charakteru, ale sam fakt wej\u015bcia na ring i osobistego kontaktu z zawodnikiem sprawi\u0142, \u017ce ta wizyta przesz\u0142a do jednych z najbardziej nietypowych epizod\u00f3w jego prezydentury.<\/p>\n","protected":false},"excerpt":{"rendered":"<p>Nieoczekiwany ruch g\u0142owy pa\u0144stwa. W sobotni wiecz\u00f3r Karol Nawrocki pojawi\u0142 si\u0119 tam, gdzie ma\u0142o kto si\u0119 go spodziewa\u0142. Bez zapowiedzi, bez oficjalnego komunikatu \u2013 jego obecno\u015b\u0107 wywo\u0142a\u0142a natychmiastowe poruszenie w\u015br\u00f3d uczestnik\u00f3w wydarzenia. Gdzie pojawi\u0142 si\u0119 prezydent?Nieoczekiwana wizyta Karola NawrockiegoCo zrobi\u0142 Karol Nawrocki?Gdzie pojawi\u0142 si\u0119 prezydent?Do zaskakuj\u0105cej wizyty dosz\u0142o podczas gali boksu zawodowego Estimet Rocky Boxing &#8230; <a title=\"Nieoczekiwana wizyta Nawrockiego. Tu zjawi\u0142 si\u0119 w sobotni wiecz\u00f3r, nigdzie tego nie og\u0142aszano\" class=\"read-more\" href=\"https:\/\/dobrezrodla.com\/?p=23519\" aria-label=\"Read more about Nieoczekiwana wizyta Nawrockiego. Tu zjawi\u0142 si\u0119 w sobotni wiecz\u00f3r, nigdzie tego nie og\u0142aszano\">Read more<\/a><\/p>\n","protected":false},"author":1,"featured_media":0,"comment_status":"open","ping_status":"open","sticky":false,"template":"","format":"standard","meta":{"footnotes":""},"categories":[1],"tags":[],"class_list":["post-23519","post","type-post","status-publish","format-standard","hentry","category-uncategorized"],"_links":{"self":[{"href":"https:\/\/dobrezrodla.com\/index.php?rest_route=\/wp\/v2\/posts\/23519","targetHints":{"allow":["GET"]}}],"collection":[{"href":"https:\/\/dobrezrodla.com\/index.php?rest_route=\/wp\/v2\/posts"}],"about":[{"href":"https:\/\/dobrezrodla.com\/index.php?rest_route=\/wp\/v2\/types\/post"}],"author":[{"embeddable":true,"href":"https:\/\/dobrezrodla.com\/index.php?rest_route=\/wp\/v2\/users\/1"}],"replies":[{"embeddable":true,"href":"https:\/\/dobrezrodla.com\/index.php?rest_route=%2Fwp%2Fv2%2Fcomments&post=23519"}],"version-history":[{"count":1,"href":"https:\/\/dobrezrodla.com\/index.php?rest_route=\/wp\/v2\/posts\/23519\/revisions"}],"predecessor-version":[{"id":23520,"href":"https:\/\/dobrezrodla.com\/index.php?rest_route=\/wp\/v2\/posts\/23519\/revisions\/23520"}],"wp:attachment":[{"href":"https:\/\/dobrezrodla.com\/index.php?rest_route=%2Fwp%2Fv2%2Fmedia&parent=23519"}],"wp:term":[{"taxonomy":"category","embeddable":true,"href":"https:\/\/dobrezrodla.com\/index.php?rest_route=%2Fwp%2Fv2%2Fcategories&post=23519"},{"taxonomy":"post_tag","embeddable":true,"href":"https:\/\/dobrezrodla.com\/index.php?rest_route=%2Fwp%2Fv2%2Ftags&post=23519"}],"curies":[{"name":"wp","href":"https:\/\/api.w.org\/{rel}","templated":true}]}}