{"id":23521,"date":"2026-04-26T19:41:12","date_gmt":"2026-04-26T19:41:12","guid":{"rendered":"https:\/\/dobrezrodla.com\/?p=23521"},"modified":"2026-04-26T19:41:12","modified_gmt":"2026-04-26T19:41:12","slug":"jest-reakcja-palacu-prezydenckiego-na-wywiad-tuska-mocne-slowa-na-antenie-polsat-news","status":"publish","type":"post","link":"https:\/\/dobrezrodla.com\/?p=23521","title":{"rendered":"Jest reakcja Pa\u0142acu Prezydenckiego na wywiad Tuska. Mocne s\u0142owa na antenie Polsat News"},"content":{"rendered":"\n<p>S\u0142owa premiera Donalda Tuska na temat NATO wywo\u0142a\u0142y kolejne polityczne komentarze. Do g\u0142o\u015bnego wywiadu szefa rz\u0105du odni\u00f3s\u0142 si\u0119 w programie \u201e\u015aniadanie Rymanowskiego\u201d szef Kancelarii Prezydenta Zbigniew Bogucki, wskazuj\u0105c na ich potencjalne konsekwencje w kontek\u015bcie bezpiecze\u0144stwa i sp\u00f3jno\u015bci sojuszu.<\/p>\n\n\n\n<p>G\u0142o\u015bny wywiad Donalda Tuska<br>W wywiadzie udzielonym \u201eFinancial Times\u201d Donald Tusk odni\u00f3s\u0142 si\u0119 do funkcjonowania art. 5 Traktatu Waszyngto\u0144skiego, wskazuj\u0105c, \u017ce w praktyce pojawiaj\u0105 si\u0119 w\u0105tpliwo\u015bci dotycz\u0105ce jego realnej skuteczno\u015bci. Podkre\u015bli\u0142 przy tym, \u017ce Stany Zjednoczone pozostaj\u0105 jednym z najbli\u017cszych sojusznik\u00f3w Polski w Europie, jednak kluczowe znaczenie ma to, jak mechanizm wsp\u00f3lnej obrony zadzia\u0142a\u0142by w sytuacji kryzysowej.<\/p>\n\n\n\n<ul class=\"wp-block-list\">\n<li>Chcia\u0142bym wierzy\u0107, \u017ce art. 5 nadal obowi\u0105zuje, ale czasami, oczywi\u015bcie, mam z tym pewne problemy &#8211; powiedzia\u0142 Tusk.<\/li>\n<\/ul>\n\n\n\n<p>Premier zaznaczy\u0142 jednocze\u015bnie, \u017ce nie nale\u017cy interpretowa\u0107 jego wypowiedzi jako wyrazu sceptycyzmu wobec samej zasady sojuszniczej, lecz raczej jako apel o jej realne, praktyczne wzmocnienie. Jak podkre\u015bli\u0142, potrzebne jest prze\u0142o\u017cenie gwarancji zapisanych w traktatach na konkretne dzia\u0142ania.<\/p>\n\n\n\n<ul class=\"wp-block-list\">\n<li>To naprawd\u0119 powa\u017cna sprawa. Mam na my\u015bli perspektyw\u0119 kr\u00f3tkoterminow\u0105 &#8211; raczej miesi\u0105ce ni\u017c lata &#8211; m\u00f3wi\u0142 szef rz\u0105du w kontek\u015bcie ewentualnego zagro\u017cenia ze strony Rosji.<\/li>\n<\/ul>\n\n\n\n<p>Na zako\u0144czenie doda\u0142, \u017ce kluczowe jest zapewnienie, i\u017c wszystkie pa\u0144stwa NATO b\u0119d\u0105 traktowa\u0107 swoje zobowi\u0105zania z r\u00f3wn\u0105 powag\u0105.<\/p>\n\n\n\n<ul class=\"wp-block-list\">\n<li>Dla nas niezwykle wa\u017cne jest, aby mie\u0107 pewno\u015b\u0107, \u017ce wszyscy b\u0119d\u0105 traktowa\u0107 zobowi\u0105zania wobec NATO r\u00f3wnie powa\u017cnie jak Polska &#8211; doda\u0142.<\/li>\n<\/ul>\n\n\n\n<p>Polityczna burza wok\u00f3\u0142 s\u0142\u00f3w premiera<br>Wypowiedzi Tuska wywo\u0142a\u0142y szerok\u0105 dyskusj\u0119 polityczn\u0105, w kt\u00f3rej g\u0142os zabrali przedstawiciele r\u00f3\u017cnych ugrupowa\u0144. W programie \u201e\u015aniadanie Rymanowskiego\u201d na antenie Polsat News europose\u0142 PiS Patryk Jaki oceni\u0142, \u017ce s\u0142owa premiera mog\u0105 mie\u0107 negatywne skutki w kontek\u015bcie relacji mi\u0119dzynarodowych i bezpiecze\u0144stwa Polski.<\/p>\n\n\n\n<ul class=\"wp-block-list\">\n<li>Komunikat Tuska jest bardzo dobry dla Putina i bardzo z\u0142y dla Polski i pa\u0144stw w NATO &#8211; oceni\u0142 Patryk Jaki odnosz\u0105c si\u0119 do wywiadu szefa rz\u0105du dla \u201eFinancial Times\u201d, w kt\u00f3rym premier m\u00f3wi\u0142 o swoich w\u0105tpliwo\u015bciach dotycz\u0105cych funkcjonowania art. 5 Traktatu Waszyngto\u0144skiego.<\/li>\n<\/ul>\n\n\n\n<p>Europose\u0142 PiS podkre\u015bla\u0142 r\u00f3wnie\u017c, \u017ce w polityce zagranicznej kluczowa jest odpowiedzialno\u015b\u0107 i unikanie dzia\u0142a\u0144, kt\u00f3re mog\u0105 os\u0142abia\u0107 sojusze.<\/p>\n\n\n\n<ul class=\"wp-block-list\">\n<li>Te wszystkie prowokacje, jakie Tusk robi wobec Ameryki, czy to jest co\u015b co s\u0142u\u017cy Polsce? &#8211; zapyta\u0142.<\/li>\n\n\n\n<li>Je\u015bli krytykuje si\u0119 USA, to jaka jest alternatywa? &#8211; podkre\u015bli\u0142 polityk, wskazuj\u0105c jednocze\u015bnie na znaczenie wsp\u00f3\u0142pracy ze Stanami Zjednoczonymi jako kluczowym partnerem bezpiecze\u0144stwa.<\/li>\n<\/ul>\n\n\n\n<p>Odmienne stanowisko przedstawi\u0142 europose\u0142 Micha\u0142 Szczerba z KO, kt\u00f3ry zwr\u00f3ci\u0142 uwag\u0119 na r\u00f3\u017cne interpretacje wywiadu premiera.<\/p>\n\n\n\n<ul class=\"wp-block-list\">\n<li>Ka\u017cdy czyta ten wywiad i wyci\u0105ga inne wnioski. (\u2026) Ja dostrzeg\u0142em tam trosk\u0119 o Polsk\u0119. W takiej sytuacji, gdy Trump nie jest bez winy, to my musimy wzi\u0105\u0107 wi\u0119ksz\u0105 odpowiedzialno\u015b\u0107 za bezpiecze\u0144stwo.<\/li>\n<\/ul>\n\n\n\n<p>Szef Kancelarii Prezydenta reaguje na s\u0142owa Tuska. \u201eTo jest skrajna nieodpowiedzialno\u015b\u0107\u201d<br>Do krytycznych g\u0142os\u00f3w wobec wypowiedzi premiera odni\u00f3s\u0142 si\u0119 r\u00f3wnie\u017c szef Kancelarii Prezydenta Zbigniew Bogucki, kt\u00f3ry oceni\u0142 j\u0105 jako \u201edalece nieprawid\u0142ow\u0105\u201d. W jego ocenie s\u0142owa szefa rz\u0105du mog\u0105 podwa\u017ca\u0107 jedno\u015b\u0107 Sojuszu i os\u0142abia\u0107 zaufanie mi\u0119dzy pa\u0144stwami NATO.<\/p>\n\n\n\n<ul class=\"wp-block-list\">\n<li>To jest skrajna nieodpowiedzialno\u015b\u0107. Podwa\u017canie jedno\u015bci sojuszu jest niew\u0142a\u015bciwe &#8211; zaznaczy\u0142.<\/li>\n<\/ul>\n\n\n\n<p>Bogucki poszed\u0142 dalej, sugeruj\u0105c, \u017ce tego typu narracje mog\u0105 wpisywa\u0107 si\u0119 w przekazy wykorzystywane przez Rosj\u0119 do os\u0142abiania relacji transatlantyckich.<\/p>\n\n\n\n<ul class=\"wp-block-list\">\n<li>Takie dzia\u0142anie wpisuje si\u0119 w podprogow\u0105 rusk\u0105 narracj\u0119, \u017ce sojusz mo\u017cna dzieli\u0107, \u017ce mo\u017cna zrywa\u0107 stosunki transatlantyckie mi\u0119dzy Europ\u0105 i Stanami Zjednoczonymi. Rosjanie tylko na to czekaj\u0105. (\u2026) Jak kto\u015b si\u0119 tak wypowiada, to znaczy, \u017ce albo nie rozumie tej polityki albo jest jeszcze gorzej &#8211; powiedzia\u0142.<\/li>\n<\/ul>\n\n\n\n<p>Szef Kancelarii Prezydenta odni\u00f3s\u0142 si\u0119 tak\u017ce do wcze\u015bniejszych dyskusji w Unii Europejskiej dotycz\u0105cych polityki obronnej i relacji z USA, wskazuj\u0105c na jego zdaniem niew\u0142a\u015bciwe priorytety cz\u0119\u015bci europejskich pa\u0144stw.<\/p>\n\n\n\n<ul class=\"wp-block-list\">\n<li>Dlaczego najwa\u017cniejsze pa\u0144stwa Unii Europejskiej wtedy, kiedy USA, m.in. Donald Trump, nawo\u0142ywa\u0142y do tego, \u017ceby wywi\u0105zywa\u0107 si\u0119 z zobowi\u0105za\u0144 sojuszniczych w ramach NATO, zamiast k\u0142a\u015b\u0107 odpowiednie pieni\u0105dze na obron\u0119 narodow\u0105, na rozw\u00f3j armii, na rozw\u00f3j bezpiecze\u0144stwa, zajmowali si\u0119 zakr\u0119tkami, krzywizn\u0105 banana, wpuszczaniem nielegalnych migrant\u00f3w? &#8211; pyta\u0142 szef Kancelarii Prezydenta.<\/li>\n<\/ul>\n","protected":false},"excerpt":{"rendered":"<p>S\u0142owa premiera Donalda Tuska na temat NATO wywo\u0142a\u0142y kolejne polityczne komentarze. Do g\u0142o\u015bnego wywiadu szefa rz\u0105du odni\u00f3s\u0142 si\u0119 w programie \u201e\u015aniadanie Rymanowskiego\u201d szef Kancelarii Prezydenta Zbigniew Bogucki, wskazuj\u0105c na ich potencjalne konsekwencje w kontek\u015bcie bezpiecze\u0144stwa i sp\u00f3jno\u015bci sojuszu. G\u0142o\u015bny wywiad Donalda TuskaW wywiadzie udzielonym \u201eFinancial Times\u201d Donald Tusk odni\u00f3s\u0142 si\u0119 do funkcjonowania art. 5 Traktatu &#8230; <a title=\"Jest reakcja Pa\u0142acu Prezydenckiego na wywiad Tuska. Mocne s\u0142owa na antenie Polsat News\" class=\"read-more\" href=\"https:\/\/dobrezrodla.com\/?p=23521\" aria-label=\"Read more about Jest reakcja Pa\u0142acu Prezydenckiego na wywiad Tuska. Mocne s\u0142owa na antenie Polsat News\">Read more<\/a><\/p>\n","protected":false},"author":1,"featured_media":0,"comment_status":"open","ping_status":"open","sticky":false,"template":"","format":"standard","meta":{"footnotes":""},"categories":[1],"tags":[],"class_list":["post-23521","post","type-post","status-publish","format-standard","hentry","category-uncategorized"],"_links":{"self":[{"href":"https:\/\/dobrezrodla.com\/index.php?rest_route=\/wp\/v2\/posts\/23521","targetHints":{"allow":["GET"]}}],"collection":[{"href":"https:\/\/dobrezrodla.com\/index.php?rest_route=\/wp\/v2\/posts"}],"about":[{"href":"https:\/\/dobrezrodla.com\/index.php?rest_route=\/wp\/v2\/types\/post"}],"author":[{"embeddable":true,"href":"https:\/\/dobrezrodla.com\/index.php?rest_route=\/wp\/v2\/users\/1"}],"replies":[{"embeddable":true,"href":"https:\/\/dobrezrodla.com\/index.php?rest_route=%2Fwp%2Fv2%2Fcomments&post=23521"}],"version-history":[{"count":1,"href":"https:\/\/dobrezrodla.com\/index.php?rest_route=\/wp\/v2\/posts\/23521\/revisions"}],"predecessor-version":[{"id":23522,"href":"https:\/\/dobrezrodla.com\/index.php?rest_route=\/wp\/v2\/posts\/23521\/revisions\/23522"}],"wp:attachment":[{"href":"https:\/\/dobrezrodla.com\/index.php?rest_route=%2Fwp%2Fv2%2Fmedia&parent=23521"}],"wp:term":[{"taxonomy":"category","embeddable":true,"href":"https:\/\/dobrezrodla.com\/index.php?rest_route=%2Fwp%2Fv2%2Fcategories&post=23521"},{"taxonomy":"post_tag","embeddable":true,"href":"https:\/\/dobrezrodla.com\/index.php?rest_route=%2Fwp%2Fv2%2Ftags&post=23521"}],"curies":[{"name":"wp","href":"https:\/\/api.w.org\/{rel}","templated":true}]}}