{"id":23567,"date":"2026-04-27T19:21:44","date_gmt":"2026-04-27T19:21:44","guid":{"rendered":"https:\/\/dobrezrodla.com\/?p=23567"},"modified":"2026-04-27T19:21:45","modified_gmt":"2026-04-27T19:21:45","slug":"przez-dwadziescia-lat-pod-ich-dachem-mieszkal-jego-89-letni-tesc-2","status":"publish","type":"post","link":"https:\/\/dobrezrodla.com\/?p=23567","title":{"rendered":"Przez dwadzie\u015bcia lat pod ich dachem mieszka\u0142 jego 89-letni te\u015b\u0107"},"content":{"rendered":"\n<p>Mihai poczu\u0142 ucisk w \u017co\u0142\u0105dku. Trudno by\u0142o uwierzy\u0107, \u017ce m\u0119\u017cczyzna, kt\u00f3ry nigdy nie wyjmowa\u0142 portfela na zakupy, ten sam, kt\u00f3ry zdawa\u0142 si\u0119 \u017cy\u0107 tylko ze skromnej emerytury, zostawi\u0142 co\u015b na tyle wa\u017cnego, \u017ce wymaga\u0142o to pomocy prawnika.<\/p>\n\n\n\n<p>Weszli do salonu, a prawnik wyj\u0105\u0142 czarn\u0105 teczk\u0119. Kiedy otworzy\u0142 akta, deszcz uderza\u0142 w okno w nieregularnym rytmie, niczym szybko tykaj\u0105cy zegar.<\/p>\n\n\n\n<p>\u201ePanie Stanescu\u201d \u2013 powiedzia\u0142 prawnik \u2013 \u201eprzez ostatnie dwadzie\u015bcia lat pa\u0144ski te\u015b\u0107 wi\u00f3d\u0142 prostsze \u017cycie, ni\u017c si\u0119 wydawa\u0142o. Ukrywa\u0142 swoje oszcz\u0119dno\u015bci, ale nie dla siebie, a dla rodziny\u201d.<\/p>\n\n\n\n<p>Mihai by\u0142 oszo\u0142omiony. \u201eOszcz\u0119dno\u015bci? O czym pan m\u00f3wi? Wspierali\u015bmy go\u2026\u201d<\/p>\n\n\n\n<p>Prawnik pokaza\u0142 mu teczk\u0119 z dokumentami bankowymi. \u201ePan Ionescu mia\u0142 kilka kont oszcz\u0119dno\u015bciowych. \u0141\u0105czna kwota wynosi r\u00f3wnowarto\u015b\u0107 prawie 120 000 euro. Wszystkie te pieni\u0105dze zosta\u0142y zapisane testamentem jego c\u00f3rce Elenie i panu\u201d.<\/p>\n\n\n\n<p>Elena, siedz\u0105ca w fotelu ze \u0142zami w oczach, zakry\u0142a usta d\u0142o\u0144mi. \u201eAle\u2026 m\u00f3j ojciec nigdy o czym\u015b takim nie wspomina\u0142\u2026\u201d<\/p>\n\n\n\n<p>\u201eBo nie chcia\u0142 by\u0107 postrzegany inaczej\u201d \u2013 powiedzia\u0142 ciep\u0142ym g\u0142osem prawnik. \u201eCzu\u0142, \u017ce dosta\u0142 ju\u017c wystarczaj\u0105co du\u017co od \u017cycia: kochaj\u0105c\u0105 c\u00f3rk\u0119, oddanego zi\u0119cia. By\u0142 wdzi\u0119czny. W testamencie wyra\u017anie napisa\u0142: \u00bbTe pieni\u0105dze s\u0105 dla Mihaia i Eleny, jako nagroda za cierpliwo\u015b\u0107, trosk\u0119 i lata, w kt\u00f3rych nie dawali mi spokoju\u00ab\u201d.<\/p>\n\n\n\n<p>Mihai milcza\u0142. Lata po\u015bwi\u0119ce\u0144, nieko\u0144cz\u0105ce si\u0119 wp\u0142ywy, chwile, w kt\u00f3rych czu\u0142 si\u0119 skrzywdzony, rozgrywa\u0142y si\u0119 w jego umy\u015ble. A jednak teraz starzec da\u0142 mu lekcj\u0119, kt\u00f3rej nie da si\u0119 kupi\u0107 za \u017cadne pieni\u0105dze: cierpliwo\u015b\u0107 i rodzina s\u0105 warte wi\u0119cej ni\u017c drobne pretensje.<\/p>\n\n\n\n<p>Elena p\u0142aka\u0142a. \u201eWiedzia\u0142am, \u017ce m\u00f3j ojciec postawi\u0142 na swoim\u2026 ale nigdy sobie tego nie wyobra\u017ca\u0142am\u201d.<\/p>\n\n\n\n<p>Mihai schowa\u0142 twarz w d\u0142oniach. Pami\u0119ta\u0142 opowie\u015bci Vasile\u2019a, spos\u00f3b, w jaki z dum\u0105 opowiada\u0142, jak w 1958 roku podr\u00f3\u017cowa\u0142 autostopem po ca\u0142ym kraju. Lubi\u0142 my\u015ble\u0107, \u017ce starzec kry\u0142 w tych opowie\u015bciach ukryte znaki, wskaz\u00f3wki o duchu silniejszym, ni\u017c si\u0119 zdawa\u0142.<\/p>\n\n\n\n<p>Prawnik zamkn\u0105\u0142 teczk\u0119. \u201eDo pieni\u0119dzy mo\u017cna si\u0119 dosta\u0107 po dope\u0142nieniu kilku formalno\u015bci. Ale my\u015bl\u0119, \u017ce bardziej ni\u017c pieni\u0119dzy, pan Ionescu chcia\u0142 zostawi\u0107 ci\u0119 ze spokojem ducha\u201d.<\/p>\n\n\n\n<p>Tego wieczoru Mihai wyszed\u0142 na werand\u0119 domu, obserwuj\u0105c, jak deszcz si\u0119 rozprasza. W powietrzu unosi\u0142 si\u0119 zapach gnij\u0105cej ziemi i mokrych li\u015bci. Na podw\u00f3rku stara wi\u015bnia, kt\u00f3r\u0105 Vasile cierpliwie piel\u0119gnowa\u0142, ko\u0142ysa\u0142a si\u0119 delikatnie na wietrze.<\/p>\n\n\n\n<p>\u201ePrawie s\u0142ysz\u0119 jego g\u0142os\u201d \u2013 powiedzia\u0142a Elena, podchodz\u0105c do niego. \u201eZawsze mi powtarza\u0142, \u017ce drzewo \u017cyje z korzeni, a nie z li\u015bci. Chyba on te\u017c tak my\u015bla\u0142\u2026 trzyma\u0142 nas, niewidzialnych, za korzenie\u201d.<\/p>\n\n\n\n<p>Mihai skin\u0105\u0142 g\u0142ow\u0105. Po raz pierwszy od dawna nie czu\u0142 si\u0119 ju\u017c zm\u0119czony ani obci\u0105\u017cony. Wiedzia\u0142, \u017ce pieni\u0105dze s\u0105 wa\u017cne, ale prawdziwym dziedzictwem by\u0142o co\u015b innego: si\u0142a przetrwania, mi\u0142o\u015bci i niepozwalania, by gorycz przy\u0107mi\u0142a rodzin\u0119.<\/p>\n\n\n\n<p>Nast\u0119pnego dnia przygotowali posi\u0142ek ku pami\u0119ci Vasile\u2019a. Postawili na stole go\u0142\u0105bki, dok\u0142adnie takie, jakie lubi\u0142, i kieliszek czerwonego wina. Jedli w milczeniu, a potem zacz\u0119li z nim wspomina\u0107 historie, a dom zn\u00f3w rozbrzmiewa\u0142 \u015bmiechem.<\/p>\n\n\n\n<p>Dziedzictwo nie by\u0142o tylko sum\u0105 pieni\u0119dzy. By\u0142o wspomnieniem prostego cz\u0142owieka, kt\u00f3ry \u017cy\u0142 cicho, ale pozostawi\u0142 po sobie co\u015b, czego nie dor\u00f3wna \u017cadne bogactwo: lekcj\u0119, \u017ce prawdziwym bogactwem Rumuna jest zjednoczona rodzina i cierpliwo\u015b\u0107, by wsp\u00f3lnie znosi\u0107 trudno\u015bci.<\/p>\n\n\n\n<p>W tej ciszy Mihai czu\u0142, \u017ce Vasile tak naprawd\u0119 nie odszed\u0142. \u017by\u0142 w ka\u017cdej historii opowiadanej przy stole, w ka\u017cdym ge\u015bcie \u017cyczliwo\u015bci, w ka\u017cdym wietrze, kt\u00f3ry delikatnie porusza\u0142 wi\u015bniowym drzewem.<\/p>\n\n\n\n<p>U\u015bmiechn\u0105\u0142 si\u0119, bo w ko\u0144cu zrozumia\u0142: starzec zostawi\u0142 mu nie tylko pieni\u0105dze, ale i g\u0142\u0119bokie korzenie, na kt\u00f3rych m\u00f3g\u0142 budowa\u0107 dalej.<\/p>\n","protected":false},"excerpt":{"rendered":"<p>Mihai poczu\u0142 ucisk w \u017co\u0142\u0105dku. Trudno by\u0142o uwierzy\u0107, \u017ce m\u0119\u017cczyzna, kt\u00f3ry nigdy nie wyjmowa\u0142 portfela na zakupy, ten sam, kt\u00f3ry zdawa\u0142 si\u0119 \u017cy\u0107 tylko ze skromnej emerytury, zostawi\u0142 co\u015b na tyle wa\u017cnego, \u017ce wymaga\u0142o to pomocy prawnika. Weszli do salonu, a prawnik wyj\u0105\u0142 czarn\u0105 teczk\u0119. Kiedy otworzy\u0142 akta, deszcz uderza\u0142 w okno w nieregularnym rytmie, &#8230; <a title=\"Przez dwadzie\u015bcia lat pod ich dachem mieszka\u0142 jego 89-letni te\u015b\u0107\" class=\"read-more\" href=\"https:\/\/dobrezrodla.com\/?p=23567\" aria-label=\"Read more about Przez dwadzie\u015bcia lat pod ich dachem mieszka\u0142 jego 89-letni te\u015b\u0107\">Read more<\/a><\/p>\n","protected":false},"author":1,"featured_media":0,"comment_status":"open","ping_status":"open","sticky":false,"template":"","format":"standard","meta":{"footnotes":""},"categories":[1],"tags":[],"class_list":["post-23567","post","type-post","status-publish","format-standard","hentry","category-uncategorized"],"_links":{"self":[{"href":"https:\/\/dobrezrodla.com\/index.php?rest_route=\/wp\/v2\/posts\/23567","targetHints":{"allow":["GET"]}}],"collection":[{"href":"https:\/\/dobrezrodla.com\/index.php?rest_route=\/wp\/v2\/posts"}],"about":[{"href":"https:\/\/dobrezrodla.com\/index.php?rest_route=\/wp\/v2\/types\/post"}],"author":[{"embeddable":true,"href":"https:\/\/dobrezrodla.com\/index.php?rest_route=\/wp\/v2\/users\/1"}],"replies":[{"embeddable":true,"href":"https:\/\/dobrezrodla.com\/index.php?rest_route=%2Fwp%2Fv2%2Fcomments&post=23567"}],"version-history":[{"count":1,"href":"https:\/\/dobrezrodla.com\/index.php?rest_route=\/wp\/v2\/posts\/23567\/revisions"}],"predecessor-version":[{"id":23568,"href":"https:\/\/dobrezrodla.com\/index.php?rest_route=\/wp\/v2\/posts\/23567\/revisions\/23568"}],"wp:attachment":[{"href":"https:\/\/dobrezrodla.com\/index.php?rest_route=%2Fwp%2Fv2%2Fmedia&parent=23567"}],"wp:term":[{"taxonomy":"category","embeddable":true,"href":"https:\/\/dobrezrodla.com\/index.php?rest_route=%2Fwp%2Fv2%2Fcategories&post=23567"},{"taxonomy":"post_tag","embeddable":true,"href":"https:\/\/dobrezrodla.com\/index.php?rest_route=%2Fwp%2Fv2%2Ftags&post=23567"}],"curies":[{"name":"wp","href":"https:\/\/api.w.org\/{rel}","templated":true}]}}