{"id":23573,"date":"2026-04-27T19:26:31","date_gmt":"2026-04-27T19:26:31","guid":{"rendered":"https:\/\/dobrezrodla.com\/?p=23573"},"modified":"2026-04-27T19:26:31","modified_gmt":"2026-04-27T19:26:31","slug":"tyle-wynosi-emerytura-jaroslawa-kaczynskiego-pokazna-kwota","status":"publish","type":"post","link":"https:\/\/dobrezrodla.com\/?p=23573","title":{"rendered":"Tyle wynosi emerytura Jaros\u0142awa Kaczy\u0144skiego. Poka\u017ana kwota"},"content":{"rendered":"\n<p>Jaros\u0142aw Kaczy\u0144ski od wielu lat jest czo\u0142ow\u0105 postaci\u0105 polskiej sceny politycznej. Du\u017ce zainteresowanie budzi jego emerytura, szczeg\u00f3lnie po ostatniej waloryzacji. Ile dok\u0142adnie wynosi \u015bwiadczenie tego wa\u017cnego polityka, kt\u00f3ry mimo zaawansowanego wieku pozostaje aktywny?<\/p>\n\n\n\n<p>Urodzony w 1949 roku Jaros\u0142aw Kaczy\u0144ski wychowa\u0142 si\u0119 w inteligenckiej rodzinie na warszawskim \u017boliborzu, co znacz\u0105co wp\u0142yn\u0119\u0142o na jego dalsz\u0105 \u015bcie\u017ck\u0119 \u017cyciow\u0105. To \u015brodowisko ukszta\u0142towa\u0142o jego konserwatyzm i przywi\u0105zanie do tradycyjnych warto\u015bci. Pocz\u0105tki kariery si\u0119gaj\u0105 czas\u00f3w opozycji antykomunistycznej i wsp\u00f3\u0142pracy z Komitetem Obrony Robotnik\u00f3w. Po 1989 roku szybko odnalaz\u0142 si\u0119 w nowej rzeczywisto\u015bci \u2013 wsp\u00f3\u0142tworzy\u0142 Porozumienie Centrum, a potem za\u0142o\u017cy\u0142 z bratem Lechem Prawo i Sprawiedliwo\u015b\u0107.<\/p>\n\n\n\n<p>obrazek<\/p>\n\n\n\n<p>Od inteligencji \u017coliborskiej do politycznych szczyt\u00f3w<br>Przez lata Jaros\u0142aw Kaczy\u0144ski zbudowa\u0142 wyj\u0105tkow\u0105 pozycj\u0119, staj\u0105c si\u0119 kluczowym architektem rz\u0105d\u00f3w Zjednoczonej Prawicy. Nawet bez formalnych stanowisk de facto decydowa\u0142 o strategicznych kierunkach pa\u0144stwa. Jego stanowczy i bezkompromisowy styl zarz\u0105dzania pozwoli\u0142 skutecznie eliminowa\u0107 rywali w partii.<\/p>\n\n\n\n<p>Ta dominacja stworzy\u0142a jednak wok\u00f3\u0142 niego mur izolacji, trudny do pokonania nawet dla bliskich wsp\u00f3\u0142pracownik\u00f3w. Jego kariera to nieustanna walka o utrzymanie w\u0142adzy i realizacja wizji Polski, cz\u0119sto wymagaj\u0105ca kontrowersyjnych decyzji na arenie krajowej i mi\u0119dzynarodowej.<\/p>\n\n\n\n<p>Walka o sukcesj\u0119 i zmiana pokoleniowa w prawicy<\/p>\n\n\n\n<p>Ka\u017cdy lider musi kiedy\u015b zmierzy\u0107 si\u0119 z up\u0142ywem czasu i kwesti\u0105 sukcesji. Dyskusje o politycznej emeryturze prezesa PiS nabieraj\u0105 tempa, bo w partii wyrasta m\u0142ode pokolenie gotowe przej\u0105\u0107 stery. Temat ten jest teraz gor\u0105cym w\u0105tkiem kuluarowych rozm\u00f3w na Wiejskiej.<\/p>\n\n\n\n<p>Politycy \u015bredniego pokolenia, jak Mateusz Morawiecki, Mariusz B\u0142aszczak czy Przemys\u0142aw Czarnek, pr\u00f3buj\u0105 pozycjonowa\u0107 si\u0119 jako naturalni nast\u0119pcy. Przekazanie w\u0142adzy w tak scentralizowanej partii grozi jednak roz\u0142amem, jak to bywa\u0142o w polskiej polityce po 1989 roku. Utrata kontroli mog\u0142aby zmniejszy\u0107 wp\u0142yw Kaczy\u0144skiego na polityk\u0119, ale przynie\u015b\u0107 mu spokojniejsz\u0105 emerytur\u0119.<\/p>\n\n\n\n<p>To by\u0142by prze\u0142om, bo po raz pierwszy od ponad 30 lat prezes PiS nie odpowiada\u0142by bezpo\u015brednio za elektorat prawicy. Eksperci uwa\u017caj\u0105 jednak, \u017ce Kaczy\u0144ski bez polityki nie da\u0142by rady, a pr\u00f3by odsuni\u0119cia go sko\u0144czy\u0142yby si\u0119 szybkim powrotem. Ta silna wi\u0119\u017a z parti\u0105 czyni proces wymiany pokole\u0144 trudnym i pe\u0142nym napi\u0119\u0107, co mo\u017ce prowadzi\u0107 do przetasowa\u0144 na prawicy.<\/p>\n\n\n\n<p>Emerytura prezesa Prawa i Sprawiedliwo\u015bci<br>Cho\u0107 przysz\u0142o\u015b\u0107 polityczna Jaros\u0142awa Kaczy\u0144skiego jest niepewna, jego finanse s\u0105 przejrzyste. W 2024 roku, ko\u0144cz\u0105c 75 lat, automatycznie otrzyma\u0142 dodatek piel\u0119gnacyjny z ZUS. Po waloryzacjach wynosi on ponad 366 z\u0142 miesi\u0119cznie, co daje rocznie oko\u0142o 4400 z\u0142 dodatku.<\/p>\n\n\n\n<p>Jako czynny pose\u0142 pobiera diet\u0119 i uposa\u017cenie poselskie, kt\u00f3re po ostatnich podwy\u017ckach si\u0119ga oko\u0142o 13,8 tys. z\u0142 brutto miesi\u0119cznie.<\/p>\n\n\n\n<p>Najwi\u0119ksze emocje budz\u0105 jednak szczeg\u00f3\u0142y emerytury. Z o\u015bwiadczenia maj\u0105tkowego za 2024 rok wynika, \u017ce roczny doch\u00f3d z emerytury wyni\u00f3s\u0142 132 321 z\u0142, co daje \u015brednio ponad 11 tys. z\u0142 brutto miesi\u0119cznie. Wcze\u015bniej, w 2023 roku, by\u0142o to oko\u0142o 9379 z\u0142 miesi\u0119cznie. Kolejne waloryzacje, w tym marcowa z 2025 roku o 515 z\u0142, podnios\u0142y \u015bwiadczenie do niemal 9894 z\u0142, a prognozy na 2026 rok wskazuj\u0105 na dalszy wzrost powy\u017cej 11 tys. z\u0142 brutto. \u0141\u0105cznie z uposa\u017ceniem poselskim miesi\u0119czne przychody przekraczaj\u0105 20 tys. z\u0142.<\/p>\n\n\n\n<p>Last updated kwi 26, 2026<br>470<\/p>\n","protected":false},"excerpt":{"rendered":"<p>Jaros\u0142aw Kaczy\u0144ski od wielu lat jest czo\u0142ow\u0105 postaci\u0105 polskiej sceny politycznej. Du\u017ce zainteresowanie budzi jego emerytura, szczeg\u00f3lnie po ostatniej waloryzacji. Ile dok\u0142adnie wynosi \u015bwiadczenie tego wa\u017cnego polityka, kt\u00f3ry mimo zaawansowanego wieku pozostaje aktywny? Urodzony w 1949 roku Jaros\u0142aw Kaczy\u0144ski wychowa\u0142 si\u0119 w inteligenckiej rodzinie na warszawskim \u017boliborzu, co znacz\u0105co wp\u0142yn\u0119\u0142o na jego dalsz\u0105 \u015bcie\u017ck\u0119 \u017cyciow\u0105. &#8230; <a title=\"Tyle wynosi emerytura Jaros\u0142awa Kaczy\u0144skiego. Poka\u017ana kwota\" class=\"read-more\" href=\"https:\/\/dobrezrodla.com\/?p=23573\" aria-label=\"Read more about Tyle wynosi emerytura Jaros\u0142awa Kaczy\u0144skiego. Poka\u017ana kwota\">Read more<\/a><\/p>\n","protected":false},"author":1,"featured_media":0,"comment_status":"open","ping_status":"open","sticky":false,"template":"","format":"standard","meta":{"footnotes":""},"categories":[1],"tags":[],"class_list":["post-23573","post","type-post","status-publish","format-standard","hentry","category-uncategorized"],"_links":{"self":[{"href":"https:\/\/dobrezrodla.com\/index.php?rest_route=\/wp\/v2\/posts\/23573","targetHints":{"allow":["GET"]}}],"collection":[{"href":"https:\/\/dobrezrodla.com\/index.php?rest_route=\/wp\/v2\/posts"}],"about":[{"href":"https:\/\/dobrezrodla.com\/index.php?rest_route=\/wp\/v2\/types\/post"}],"author":[{"embeddable":true,"href":"https:\/\/dobrezrodla.com\/index.php?rest_route=\/wp\/v2\/users\/1"}],"replies":[{"embeddable":true,"href":"https:\/\/dobrezrodla.com\/index.php?rest_route=%2Fwp%2Fv2%2Fcomments&post=23573"}],"version-history":[{"count":1,"href":"https:\/\/dobrezrodla.com\/index.php?rest_route=\/wp\/v2\/posts\/23573\/revisions"}],"predecessor-version":[{"id":23574,"href":"https:\/\/dobrezrodla.com\/index.php?rest_route=\/wp\/v2\/posts\/23573\/revisions\/23574"}],"wp:attachment":[{"href":"https:\/\/dobrezrodla.com\/index.php?rest_route=%2Fwp%2Fv2%2Fmedia&parent=23573"}],"wp:term":[{"taxonomy":"category","embeddable":true,"href":"https:\/\/dobrezrodla.com\/index.php?rest_route=%2Fwp%2Fv2%2Fcategories&post=23573"},{"taxonomy":"post_tag","embeddable":true,"href":"https:\/\/dobrezrodla.com\/index.php?rest_route=%2Fwp%2Fv2%2Ftags&post=23573"}],"curies":[{"name":"wp","href":"https:\/\/api.w.org\/{rel}","templated":true}]}}