{"id":23575,"date":"2026-04-27T19:27:01","date_gmt":"2026-04-27T19:27:01","guid":{"rendered":"https:\/\/dobrezrodla.com\/?p=23575"},"modified":"2026-04-27T19:27:02","modified_gmt":"2026-04-27T19:27:02","slug":"ukochana-litewki-apeluje-do-dody-mowi-o-przegieciu","status":"publish","type":"post","link":"https:\/\/dobrezrodla.com\/?p=23575","title":{"rendered":"Ukochana Litewki apeluje do Dody. M\u00f3wi o przegi\u0119ciu"},"content":{"rendered":"\n<p>Tragiczna \u015bmier\u0107 36-letniego pos\u0142a i dzia\u0142acza spo\u0142ecznego \u0141ukasza Litewki wstrz\u0105sn\u0119\u0142a opini\u0105 publiczn\u0105. Do zdarzenia dosz\u0142o w czwartek po po\u0142udniu na \u015al\u0105sku \u2013 kierowca samochodu niespodziewanie straci\u0142 przytomno\u015b\u0107, zjecha\u0142 na przeciwny pas ruchu i potr\u0105ci\u0142 jad\u0105cego rowerem polityka. Nag\u0142e wydarzenie poruszy\u0142o tysi\u0105ce os\u00f3b, a w mediach spo\u0142eczno\u015bciowych pojawi\u0142y si\u0119 setki komentarzy pe\u0142nych smutku i niedowierzania.<\/p>\n\n\n\n<p>obrazek<\/p>\n\n\n\n<p>W\u015br\u00f3d os\u00f3b g\u0142\u0119boko wstrz\u0105\u015bni\u0119tych tragedi\u0105 znalaz\u0142a si\u0119 Doda, kt\u00f3ra od kilku miesi\u0119cy wsp\u00f3\u0142pracowa\u0142a z Litewk\u0105 przy akcjach spo\u0142ecznych, zw\u0142aszcza na rzecz ochrony zwierz\u0105t. Artystka wspomina\u0142a w mediach spo\u0142eczno\u015bciowych ich ostatni\u0105 rozmow\u0119, nie kryj\u0105c ogromnego smutku i rozgoryczenia.<\/p>\n\n\n\n<p>Najwi\u0119ksze kontrowersje wzbudzi\u0142y jednak sugestie Dody, \u017ce \u015bmier\u0107 nie by\u0142a przypadkowa. Cz\u0119\u015b\u0107 internaut\u00f3w popar\u0142a jej zdanie, inni apelowali o rozwag\u0119 i szacunek dla fakt\u00f3w.<\/p>\n\n\n\n<p>Sytuacja zaogni\u0142a si\u0119, gdy pod postami Dody pojawi\u0142 si\u0119 komentarz jego partnerki, Natalii. Kobieta nie kry\u0142a emocji i publicznie zwr\u00f3ci\u0142a si\u0119 do artystki, co wywo\u0142a\u0142o burz\u0119 w sieci. Kr\u00f3tkie, lecz wymowne s\u0142owa szybko sta\u0142y si\u0119 viralem i jednym z najgor\u0119tszych temat\u00f3w ostatnich godzin.<\/p>\n\n\n\n<p>\u201eOdpisz mi, Doda, bo chyba przegi\u0119\u0142a\u015b\u201d \u2013 relacjonuj\u0105 media, w tym Kozaczek.<\/p>\n\n\n\n<p>Apel odnosi\u0142 si\u0119 nie tylko do teorii o wypadku, ale te\u017c do wcze\u015bniejszych \u017cartobliwych uwag Dody o rzekomej \u201erandce\u201d z Litewk\u0105, kt\u00f3ra w rzeczywisto\u015bci by\u0142a spotkaniem biznesowym. Cho\u0107 niekt\u00f3rzy t\u0142umaczyli artystk\u0119 szokiem, wielu stan\u0119\u0142o po stronie partnerki, podkre\u015blaj\u0105c konieczno\u015b\u0107 jasnych granic w obliczu tragedii.<\/p>\n","protected":false},"excerpt":{"rendered":"<p>Tragiczna \u015bmier\u0107 36-letniego pos\u0142a i dzia\u0142acza spo\u0142ecznego \u0141ukasza Litewki wstrz\u0105sn\u0119\u0142a opini\u0105 publiczn\u0105. Do zdarzenia dosz\u0142o w czwartek po po\u0142udniu na \u015al\u0105sku \u2013 kierowca samochodu niespodziewanie straci\u0142 przytomno\u015b\u0107, zjecha\u0142 na przeciwny pas ruchu i potr\u0105ci\u0142 jad\u0105cego rowerem polityka. Nag\u0142e wydarzenie poruszy\u0142o tysi\u0105ce os\u00f3b, a w mediach spo\u0142eczno\u015bciowych pojawi\u0142y si\u0119 setki komentarzy pe\u0142nych smutku i niedowierzania. obrazek &#8230; <a title=\"Ukochana Litewki apeluje do Dody. M\u00f3wi o przegi\u0119ciu\" class=\"read-more\" href=\"https:\/\/dobrezrodla.com\/?p=23575\" aria-label=\"Read more about Ukochana Litewki apeluje do Dody. M\u00f3wi o przegi\u0119ciu\">Read more<\/a><\/p>\n","protected":false},"author":1,"featured_media":0,"comment_status":"open","ping_status":"open","sticky":false,"template":"","format":"standard","meta":{"footnotes":""},"categories":[1],"tags":[],"class_list":["post-23575","post","type-post","status-publish","format-standard","hentry","category-uncategorized"],"_links":{"self":[{"href":"https:\/\/dobrezrodla.com\/index.php?rest_route=\/wp\/v2\/posts\/23575","targetHints":{"allow":["GET"]}}],"collection":[{"href":"https:\/\/dobrezrodla.com\/index.php?rest_route=\/wp\/v2\/posts"}],"about":[{"href":"https:\/\/dobrezrodla.com\/index.php?rest_route=\/wp\/v2\/types\/post"}],"author":[{"embeddable":true,"href":"https:\/\/dobrezrodla.com\/index.php?rest_route=\/wp\/v2\/users\/1"}],"replies":[{"embeddable":true,"href":"https:\/\/dobrezrodla.com\/index.php?rest_route=%2Fwp%2Fv2%2Fcomments&post=23575"}],"version-history":[{"count":1,"href":"https:\/\/dobrezrodla.com\/index.php?rest_route=\/wp\/v2\/posts\/23575\/revisions"}],"predecessor-version":[{"id":23576,"href":"https:\/\/dobrezrodla.com\/index.php?rest_route=\/wp\/v2\/posts\/23575\/revisions\/23576"}],"wp:attachment":[{"href":"https:\/\/dobrezrodla.com\/index.php?rest_route=%2Fwp%2Fv2%2Fmedia&parent=23575"}],"wp:term":[{"taxonomy":"category","embeddable":true,"href":"https:\/\/dobrezrodla.com\/index.php?rest_route=%2Fwp%2Fv2%2Fcategories&post=23575"},{"taxonomy":"post_tag","embeddable":true,"href":"https:\/\/dobrezrodla.com\/index.php?rest_route=%2Fwp%2Fv2%2Ftags&post=23575"}],"curies":[{"name":"wp","href":"https:\/\/api.w.org\/{rel}","templated":true}]}}