{"id":23589,"date":"2026-04-27T19:34:35","date_gmt":"2026-04-27T19:34:35","guid":{"rendered":"https:\/\/dobrezrodla.com\/?p=23589"},"modified":"2026-04-27T19:34:35","modified_gmt":"2026-04-27T19:34:35","slug":"dlaczego-donald-tusk-i-karol-nawrocki-nie-pojawili-sie-na-zbiorce-latwogang-mowi-wprost","status":"publish","type":"post","link":"https:\/\/dobrezrodla.com\/?p=23589","title":{"rendered":"Dlaczego Donald Tusk i Karol Nawrocki nie pojawili si\u0119 na zbi\u00f3rce? \u0141atwogang m\u00f3wi wprost"},"content":{"rendered":"\n<p>Wydarzenie zorganizowane przez \u0141atwoganga trudno zaklasyfikowa\u0107 w klasycznych kategoriach \u2013 nie by\u0142 to ani koncert, ani program telewizyjny, ani zwyk\u0142y stream. Przez dziewi\u0119\u0107 dni trwa\u0142 unikalny spektakl internetowy, kt\u00f3ry zyska\u0142 ogromn\u0105 popularno\u015b\u0107, przyci\u0105gaj\u0105c przed ekrany niemal ca\u0142\u0105 Polsk\u0119.<\/p>\n\n\n\n<p>Pocz\u0105tkowo celem zbi\u00f3rki by\u0142o zebranie 500 tysi\u0119cy z\u0142otych, ale suma ta szybko zosta\u0142a przekroczona, a akcja nabra\u0142a potem niespotykanego tempa. Kolejne miliony wp\u0142ywa\u0142y lawinowo, a\u017c licznik finalnie przekroczy\u0142 250 milion\u00f3w z\u0142otych.<\/p>\n\n\n\n<p>obrazek<\/p>\n\n\n\n<p>Imponuj\u0105ce liczby to jednak nie wszystko \u2013 r\u00f3wnie wa\u017cne by\u0142o to, co dzia\u0142o si\u0119 na ekranie. W mieszkaniu \u0141atwoganga pojawi\u0142a si\u0119 szeroka gama postaci ze \u015bwiata polskiej popkultury. Go\u015bcili raperzy tacy jak Bedoes 2115, Oki czy \u017babson, kt\u00f3rzy nie tylko wp\u0142acali \u015brodki, ale te\u017c nadawali rytm ca\u0142ej akcji. Widzowie mogli zobaczy\u0107 influencer\u00f3w, streamer\u00f3w i celebryt\u00f3w w niecodziennych konfiguracjach.<\/p>\n\n\n\n<p>Na szczeg\u00f3ln\u0105 uwag\u0119 zas\u0142ugiwa\u0142y spontaniczne momenty \u2013 telefon od Dody do Magdy Gessler, pr\u00f3by pojedna\u0144 mi\u0119dzy dawniej sk\u0142\u00f3conymi osobami czy gesty takie jak golenie g\u0142\u00f3w na \u017cywo, kt\u00f3re mocno poruszy\u0142y widz\u00f3w.<\/p>\n\n\n\n<p>Wraz z artystami, influencerami i streamerami na streamie pojawili si\u0119 sportowcy oraz inne znane osoby spoza internetu, co znacznie poszerzy\u0142o zasi\u0119g inicjatywy. Kluczow\u0105 rol\u0119 odegra\u0142y te\u017c firmy i hojni darczy\u0144cy, kt\u00f3rych milionowe wp\u0142aty b\u0142yskawicznie windowa\u0142y licznik.<\/p>\n\n\n\n<p>Brak polityk\u00f3w \u2013 \u015bwiadomy wyb\u00f3r organizatora<br>Pytanie o nieobecno\u015b\u0107 polityk\u00f3w, w tym Donalda Tuska i Karola Nawrockiego, pojawia\u0142o si\u0119 wielokrotnie. Cho\u0107 politycy sygnalizowali zainteresowanie, organizator jasno wykluczy\u0142 ich udzia\u0142. Chcia\u0142 stworzy\u0107 przestrze\u0144 ca\u0142kowicie woln\u0105 od polityki, by unikn\u0105\u0107 podzia\u0142\u00f3w.<\/p>\n\n\n\n<p>W trakcie transmisji pad\u0142y wymowne s\u0142owa:<\/p>\n\n\n\n<p>\u201eNie chcia\u0142em tu polityk\u00f3w\u201d<\/p>\n\n\n\n<p>. To nie by\u0142a spontaniczna deklaracja, lecz element szerszej strategii. Zbi\u00f3rka mia\u0142a \u0142\u0105czy\u0107 ludzi, a polityka \u2013 niezale\u017cnie od intencji \u2013 zazwyczaj dzieli.<\/p>\n\n\n\n<p>Organizator rozwa\u017ca\u0142 hipotetyczny wyj\u0105tek: Donald Tusk i Karol Nawrocki mogliby pojawi\u0107 si\u0119 wsp\u00f3lnie, demonstruj\u0105c pojednanie. Szybko uzna\u0142 to jednak za ma\u0142o realne i nieszczere.<\/p>\n\n\n\n<p>\u201eNie chcieliby\u015bmy polityki, ale gdyby na przyk\u0142ad Karol Nawrocki wraz z Donaldem Tuskiem zdzwonili si\u0119 wcze\u015bniej i podali sobie r\u0119ce. Uwa\u017cam, \u017ce to nie by\u0142by problem i to jest jedyna jakakolwiek opcja, aby polityka tutaj by\u0142a, \u017ce obie strony przysz\u0142yby i poda\u0142yby sobie r\u0119ce\u201d \u2013 t\u0142umaczy\u0142.<\/p>\n\n\n\n<p>Za decyzj\u0105 sta\u0142y te\u017c kwestie formalno-finansowe \u2013 mieszanie polityki z dzia\u0142alno\u015bci\u0105 internetow\u0105 grozi\u0142o karami, kt\u00f3rych organizator chcia\u0142 unikn\u0105\u0107.<\/p>\n\n\n\n<p>\u201eNiestety, jest sprawa, \u017ce za bardzo nie mog\u0119 miesza\u0107 swojej osoby z polityk\u0105 kompletnie. Mam po prostu takie zakazy i m\u00f3g\u0142bym dosta\u0107 takie kary, \u017ce nie by\u0142bym w stanie kompletnie si\u0119 wyp\u0142aci\u0107. (\u2026) Ju\u017c pyta\u0142em o to, stara\u0142em si\u0119 to ogarn\u0105\u0107 i po prostu musimy odpu\u015bci\u0107 polityk\u0119 od tego\u201d \u2013 wyja\u015bni\u0142.<\/p>\n\n\n\n<p>Skala i wsparcie \u2013 ile zebrano na zbi\u00f3rce?<br>\u0141atwogang wyznacza\u0142 kolejne progi, kt\u00f3re pada\u0142y jeden po drugim. Dzi\u015b wiadomo, \u017ce zbi\u00f3rka przynios\u0142a ponad 250 milion\u00f3w z\u0142otych \u2013 ogromny sukces, kt\u00f3ry wyr\u00f3\u017cnia j\u0105 w\u015br\u00f3d internetowych akcji charytatywnych.<\/p>\n\n\n\n<p>Za t\u0105 kwot\u0105 stoi przede wszystkim masa ludzi: od setek tysi\u0119cy anonimowych widz\u00f3w z drobnymi wp\u0142atami po gwiazdy ekranu i medi\u00f3w. Pojawili si\u0119 m.in. Robert Lewandowski, Wojciech Szcz\u0119sny z Marin\u0105, Doda, Dawid Podsiad\u0142o, Julia Wieniawa czy Maciej Musia\u0142.<\/p>\n\n\n\n<p>Nie brakowa\u0142o wydarze\u0144 z udzia\u0142em gwiazd r\u00f3\u017cnych pokole\u0144 \u2013 Cezarego Pazury i Tomasza Karolaka obok m\u0142odych artyst\u00f3w jak Mata czy sanah. Arty\u015bci wp\u0142acali setki tysi\u0119cy z\u0142otych, influencerzy dziesi\u0105tki tysi\u0119cy, a firmy i sportowcy \u2013 znacz\u0105ce sumy.<\/p>\n\n\n\n<p>Dzi\u0119ki tak szerokiemu wsparciu zbi\u00f3rka sta\u0142a si\u0119 nie tylko finansowym triumfem, ale symbolem jedno\u015bci i solidarno\u015bci poza podzia\u0142ami politycznymi czy spo\u0142ecznymi.<\/p>\n","protected":false},"excerpt":{"rendered":"<p>Wydarzenie zorganizowane przez \u0141atwoganga trudno zaklasyfikowa\u0107 w klasycznych kategoriach \u2013 nie by\u0142 to ani koncert, ani program telewizyjny, ani zwyk\u0142y stream. Przez dziewi\u0119\u0107 dni trwa\u0142 unikalny spektakl internetowy, kt\u00f3ry zyska\u0142 ogromn\u0105 popularno\u015b\u0107, przyci\u0105gaj\u0105c przed ekrany niemal ca\u0142\u0105 Polsk\u0119. Pocz\u0105tkowo celem zbi\u00f3rki by\u0142o zebranie 500 tysi\u0119cy z\u0142otych, ale suma ta szybko zosta\u0142a przekroczona, a akcja nabra\u0142a &#8230; <a title=\"Dlaczego Donald Tusk i Karol Nawrocki nie pojawili si\u0119 na zbi\u00f3rce? \u0141atwogang m\u00f3wi wprost\" class=\"read-more\" href=\"https:\/\/dobrezrodla.com\/?p=23589\" aria-label=\"Read more about Dlaczego Donald Tusk i Karol Nawrocki nie pojawili si\u0119 na zbi\u00f3rce? \u0141atwogang m\u00f3wi wprost\">Read more<\/a><\/p>\n","protected":false},"author":1,"featured_media":0,"comment_status":"open","ping_status":"open","sticky":false,"template":"","format":"standard","meta":{"footnotes":""},"categories":[1],"tags":[],"class_list":["post-23589","post","type-post","status-publish","format-standard","hentry","category-uncategorized"],"_links":{"self":[{"href":"https:\/\/dobrezrodla.com\/index.php?rest_route=\/wp\/v2\/posts\/23589","targetHints":{"allow":["GET"]}}],"collection":[{"href":"https:\/\/dobrezrodla.com\/index.php?rest_route=\/wp\/v2\/posts"}],"about":[{"href":"https:\/\/dobrezrodla.com\/index.php?rest_route=\/wp\/v2\/types\/post"}],"author":[{"embeddable":true,"href":"https:\/\/dobrezrodla.com\/index.php?rest_route=\/wp\/v2\/users\/1"}],"replies":[{"embeddable":true,"href":"https:\/\/dobrezrodla.com\/index.php?rest_route=%2Fwp%2Fv2%2Fcomments&post=23589"}],"version-history":[{"count":1,"href":"https:\/\/dobrezrodla.com\/index.php?rest_route=\/wp\/v2\/posts\/23589\/revisions"}],"predecessor-version":[{"id":23590,"href":"https:\/\/dobrezrodla.com\/index.php?rest_route=\/wp\/v2\/posts\/23589\/revisions\/23590"}],"wp:attachment":[{"href":"https:\/\/dobrezrodla.com\/index.php?rest_route=%2Fwp%2Fv2%2Fmedia&parent=23589"}],"wp:term":[{"taxonomy":"category","embeddable":true,"href":"https:\/\/dobrezrodla.com\/index.php?rest_route=%2Fwp%2Fv2%2Fcategories&post=23589"},{"taxonomy":"post_tag","embeddable":true,"href":"https:\/\/dobrezrodla.com\/index.php?rest_route=%2Fwp%2Fv2%2Ftags&post=23589"}],"curies":[{"name":"wp","href":"https:\/\/api.w.org\/{rel}","templated":true}]}}