{"id":23621,"date":"2026-04-27T19:48:46","date_gmt":"2026-04-27T19:48:46","guid":{"rendered":"https:\/\/dobrezrodla.com\/?p=23621"},"modified":"2026-04-27T19:48:47","modified_gmt":"2026-04-27T19:48:47","slug":"tusk-oglosil-nowa-wspolprace-polsko-ukrainska-chodzi-o-historyczny-projekt","status":"publish","type":"post","link":"https:\/\/dobrezrodla.com\/?p=23621","title":{"rendered":"Tusk og\u0142osi\u0142 now\u0105 wsp\u00f3\u0142prac\u0119 polsko-ukrai\u0144sk\u0105. Chodzi o historyczny projekt"},"content":{"rendered":"\n<p>Polska i Ukraina rozpoczn\u0105 wsp\u00f3\u0142prac\u0119 przy tworzeniu nowoczesnej armady dronowej &#8211; poinformowano podczas konferencji w Rzeszowie. Projekt ma stanowi\u0107 nowy etap w budowie systemu bezpiecze\u0144stwa i wykorzysta\u0107 do\u015bwiadczenia strony ukrai\u0144skiej w zakresie dzia\u0142a\u0144 powietrznych.<\/p>\n\n\n\n<p>Polska i Ukraina zacie\u015bniaj\u0105 wsp\u00f3\u0142prac\u0119 w zakresie dron\u00f3w<br>Szczeg\u00f3\u0142y projektu premier Donald Tusk przedstawi\u0142 podczas konferencji \u201eRoad to URC\u201d w Rzeszowie, gdzie spotka\u0142 si\u0119 z premier Ukrainy Julij\u0105 Swyrydenko. Szef polskiego rz\u0105du podkre\u015bli\u0142, \u017ce wsp\u00f3\u0142praca obejmie wykorzystanie ukrai\u0144skiego do\u015bwiadczenia i technologii w zakresie system\u00f3w bezza\u0142ogowych.<\/p>\n\n\n\n<ul class=\"wp-block-list\">\n<li>Z wielk\u0105 satysfakcj\u0105 mog\u0119 dzisiaj og\u0142osi\u0107, \u017ce polski plan budowy armady dronowej b\u0119dzie planem, kt\u00f3ry b\u0119dzie wspierany tak\u017ce przez my\u015bl techniczn\u0105, kompetencje dronowe, ukrai\u0144skich przyjaci\u00f3\u0142 &#8211; og\u0142osi\u0142 Donald Tusk na konferencji Road to URC w Rzeszowie, gdzie spotka\u0142 si\u0119 z premier Ukrainy Julij\u0105 Swyrydenko.<\/li>\n<\/ul>\n\n\n\n<p>Premier zwr\u00f3ci\u0142 r\u00f3wnie\u017c uwag\u0119 na znaczenie do\u015bwiadcze\u0144 Ukrainy w kontek\u015bcie wsp\u00f3\u0142czesnych zagro\u017ce\u0144 militarnych, wskazuj\u0105c na ich unikatowy charakter.<\/p>\n\n\n\n<ul class=\"wp-block-list\">\n<li>Przy tym starciu najwi\u0119kszych pot\u0119g, przy tej globalnej konfrontacji, jaka de facto ma miejsce dzisiaj na Bliskim Wschodzie, to Ukraina okaza\u0142a si\u0119 partnerem dla pa\u0144stw, kt\u00f3re chc\u0105 broni\u0107 swojej przestrzeni powietrznej (\u2026) dzi\u0119ki temu specyficznemu, unikatowemu know-how, jak si\u0119 broni\u0107 dzisiaj i jutro przed atakami z powietrza &#8211; wyja\u015bni\u0142 premier.<\/li>\n<\/ul>\n\n\n\n<p>Rzesz\u00f3w i Gda\u0144sk na mapie kluczowych rozm\u00f3w o Ukrainie<br>Jak przekaza\u0142o Centrum Informacyjne Rz\u0105du, rzeszowska konferencja stanowi jednocze\u015bnie etap przygotowa\u0144 do Ukraine Recovery Conference, okre\u015blanej jako \u201enajwi\u0119ksza na \u015bwiecie konferencja po\u015bwi\u0119cona odbudowie Ukrainy\u201d. Wydarzenie to ma odby\u0107 si\u0119 w czerwcu w Gda\u0144sku i skupi\u0107 si\u0119 na d\u0142ugofalowych planach odbudowy kraju po wojnie.<\/p>\n\n\n\n<p>Premier zaznaczy\u0142, \u017ce zar\u00f3wno spotkanie w Rzeszowie, jak i nadchodz\u0105ca konferencja maj\u0105 mie\u0107 charakter prze\u0142omowy dla wsp\u00f3\u0142pracy mi\u0119dzynarodowej w regionie.<\/p>\n\n\n\n<p>Donald Tusk chce, aby obie konferencje sta\u0142y si\u0119 \u201eprawdziwymi krokami milowymi na rzecz bezpiecznej Ukrainy, bezpiecznej Polski, bezpiecznej Europy\u201d.<\/p>\n\n\n\n<p>Szef rz\u0105du podkre\u015bli\u0142 r\u00f3wnie\u017c, \u017ce relacje polsko-ukrai\u0144skie oraz wsp\u00f3\u0142praca Unii Europejskiej z Ukrain\u0105 nie maj\u0105 charakteru jednostronnego. Jak wskaza\u0142, Polska odegra\u0142a w tym procesie kluczow\u0105 rol\u0119 i doprowadzi\u0142a do modelu partnerstwa opartego na wzajemnych korzy\u015bciach.<\/p>\n\n\n\n<ul class=\"wp-block-list\">\n<li>Chc\u0119 tutaj w Rzeszowie bardzo wyra\u017anie podkre\u015bli\u0107, \u017ce relacje polsko-ukrai\u0144skie i relacje mi\u0119dzy Europ\u0105 (Uni\u0105 &#8211; red.) a Ukrain\u0105 to nie jest jednostronna pomoc dla walcz\u0105cego kraju. Uda\u0142o si\u0119 &#8211; i Polska odnios\u0142a sukces, bo byli\u015bmy pa\u0144stwem wiod\u0105cym w tym procesie &#8211; zbudowa\u0107 taki model sp\u00f3\u0142ki (\u2026), w kt\u00f3rym tak\u017ce Ukraina co\u015b mo\u017ce da\u0107 &#8211; doda\u0142 Tusk.<\/li>\n<\/ul>\n\n\n\n<p>Tusk zapowiada armad\u0119 dronow\u0105<br>W tym kontek\u015bcie premier doprecyzowa\u0142, \u017ce polska armada dronowa ma pe\u0142ni\u0107 funkcj\u0119 wsparcia zar\u00f3wno dla bezpiecze\u0144stwa kraju, jak i jego sojusznik\u00f3w. Jak wskaza\u0142, celem projektu jest przyspieszenie rozwoju technologicznego i wyprzedzenie potencjalnych zagro\u017ce\u0144 ze strony Rosji.<\/p>\n\n\n\n<ul class=\"wp-block-list\">\n<li>Polska musi mie\u0107 armad\u0119 dronow\u0105, tak aby\u015bmy mogli nie tylko dzisiaj pomaga\u0107 Ukrainie, ale \u017ceby\u015bmy z pe\u0142nym przekonaniem mogli powiedzie\u0107 Polkom i Polakom: Jeste\u015bmy bezpieczni. Jeste\u015bmy bezpieczni tak\u017ce dzi\u0119ki takim przedsi\u0119wzi\u0119ciom, jakie dzisiaj maj\u0105 miejsce w Rzeszowie &#8211; powiedzia\u0142 szef rz\u0105du.<\/li>\n<\/ul>\n\n\n\n<p>Donald Tusk odni\u00f3s\u0142 si\u0119 r\u00f3wnie\u017c do roli Rzeszowa i regionu w rozwoju nowoczesnych technologii, dzi\u0119kuj\u0105c lokalnym w\u0142adzom i mieszka\u0144com za dotychczasowe dzia\u0142ania oraz sprzyjaj\u0105ce warunki dla inwestycji.<\/p>\n\n\n\n<ul class=\"wp-block-list\">\n<li>To nieprzypadkowo tutaj inwestorzy z ca\u0142ego \u015bwiata szukaj\u0105 te\u017c swojej szansy, je\u015bli chodzi o przemys\u0142 lotniczy, przemys\u0142 komunikacyjny &#8211; stwierdzi\u0142.<\/li>\n<\/ul>\n","protected":false},"excerpt":{"rendered":"<p>Polska i Ukraina rozpoczn\u0105 wsp\u00f3\u0142prac\u0119 przy tworzeniu nowoczesnej armady dronowej &#8211; poinformowano podczas konferencji w Rzeszowie. Projekt ma stanowi\u0107 nowy etap w budowie systemu bezpiecze\u0144stwa i wykorzysta\u0107 do\u015bwiadczenia strony ukrai\u0144skiej w zakresie dzia\u0142a\u0144 powietrznych. Polska i Ukraina zacie\u015bniaj\u0105 wsp\u00f3\u0142prac\u0119 w zakresie dron\u00f3wSzczeg\u00f3\u0142y projektu premier Donald Tusk przedstawi\u0142 podczas konferencji \u201eRoad to URC\u201d w Rzeszowie, gdzie &#8230; <a title=\"Tusk og\u0142osi\u0142 now\u0105 wsp\u00f3\u0142prac\u0119 polsko-ukrai\u0144sk\u0105. Chodzi o historyczny projekt\" class=\"read-more\" href=\"https:\/\/dobrezrodla.com\/?p=23621\" aria-label=\"Read more about Tusk og\u0142osi\u0142 now\u0105 wsp\u00f3\u0142prac\u0119 polsko-ukrai\u0144sk\u0105. Chodzi o historyczny projekt\">Read more<\/a><\/p>\n","protected":false},"author":1,"featured_media":0,"comment_status":"open","ping_status":"open","sticky":false,"template":"","format":"standard","meta":{"footnotes":""},"categories":[1],"tags":[],"class_list":["post-23621","post","type-post","status-publish","format-standard","hentry","category-uncategorized"],"_links":{"self":[{"href":"https:\/\/dobrezrodla.com\/index.php?rest_route=\/wp\/v2\/posts\/23621","targetHints":{"allow":["GET"]}}],"collection":[{"href":"https:\/\/dobrezrodla.com\/index.php?rest_route=\/wp\/v2\/posts"}],"about":[{"href":"https:\/\/dobrezrodla.com\/index.php?rest_route=\/wp\/v2\/types\/post"}],"author":[{"embeddable":true,"href":"https:\/\/dobrezrodla.com\/index.php?rest_route=\/wp\/v2\/users\/1"}],"replies":[{"embeddable":true,"href":"https:\/\/dobrezrodla.com\/index.php?rest_route=%2Fwp%2Fv2%2Fcomments&post=23621"}],"version-history":[{"count":1,"href":"https:\/\/dobrezrodla.com\/index.php?rest_route=\/wp\/v2\/posts\/23621\/revisions"}],"predecessor-version":[{"id":23622,"href":"https:\/\/dobrezrodla.com\/index.php?rest_route=\/wp\/v2\/posts\/23621\/revisions\/23622"}],"wp:attachment":[{"href":"https:\/\/dobrezrodla.com\/index.php?rest_route=%2Fwp%2Fv2%2Fmedia&parent=23621"}],"wp:term":[{"taxonomy":"category","embeddable":true,"href":"https:\/\/dobrezrodla.com\/index.php?rest_route=%2Fwp%2Fv2%2Fcategories&post=23621"},{"taxonomy":"post_tag","embeddable":true,"href":"https:\/\/dobrezrodla.com\/index.php?rest_route=%2Fwp%2Fv2%2Ftags&post=23621"}],"curies":[{"name":"wp","href":"https:\/\/api.w.org\/{rel}","templated":true}]}}