{"id":23623,"date":"2026-04-27T19:49:10","date_gmt":"2026-04-27T19:49:10","guid":{"rendered":"https:\/\/dobrezrodla.com\/?p=23623"},"modified":"2026-04-27T19:49:11","modified_gmt":"2026-04-27T19:49:11","slug":"kaczynski-skomentowal-ruch-nawrockiego-odwolal-sie-do-slow-brata","status":"publish","type":"post","link":"https:\/\/dobrezrodla.com\/?p=23623","title":{"rendered":"Kaczy\u0144ski skomentowa\u0142 ruch Nawrockiego. Odwo\u0142a\u0142 si\u0119 do s\u0142\u00f3w brata"},"content":{"rendered":"\n<p>Prezes PiS Jaros\u0142aw Kaczy\u0144ski oceni\u0142 jako \u201eryzykown\u0105\u201d decyzj\u0119 prezydenta Karola Nawrockiego o odtajnieniu aneksu do raportu z likwidacji WSI. W wypowiedzi dla TVN24 lider PiS stwierdzi\u0142, \u017ce dokument zawiera tezy o charakterze publicystycznym. Podobn\u0105 opini\u0119 wyrazi\u0142 marsza\u0142ek Sejmu W\u0142odzimierz Czarzasty, ostrzegaj\u0105c przed zagro\u017ceniem dla bezpiecze\u0144stwa pa\u0144stwa.<\/p>\n\n\n\n<p>W\u0105tpliwo\u015bci lidera Prawa i Sprawiedliwo\u015bci<br>Jaros\u0142aw Kaczy\u0144ski, pytany w niedziel\u0119 w Parczewie o inicjatyw\u0119 prezydenta, wyrazi\u0142 sceptycyzm wobec warto\u015bci merytorycznej aneksu.<\/p>\n\n\n\n<p>\u201eNie uwa\u017cam, \u017ceby to upublicznienie by\u0142o jakim\u015b szczeg\u00f3lnie wa\u017cnym aktem. Przy\u0142\u0105czam si\u0119 do tego, co wtedy powiedzia\u0142 m\u00f3j \u015bwi\u0119tej pami\u0119ci brat, \u017ce tam jest wiele tez o charakterze publicystycznym, a nie takim, kt\u00f3re powinny by\u0107 w tego rodzaju dokumencie\u201d \u2013 o\u015bwiadczy\u0142 lider Prawa i Sprawiedliwo\u015bci.<\/p>\n\n\n\n<p>Wed\u0142ug polityka dokument zawiera sformu\u0142owania, kt\u00f3rych wiarygodno\u015b\u0107 budzi powa\u017cne zastrze\u017cenia.<\/p>\n\n\n\n<p>\u201eS\u0105 r\u00f3\u017cnego rodzaju bardzo w\u0105tpliwe tezy, je\u017celi chodzi o ich udowodnienie. Bardzo ryzykowne, daleko id\u0105ce\u201d \u2013 oceni\u0142 Kaczy\u0144ski.<\/p>\n\n\n\n<p>Jego zdaniem publikacja materia\u0142u, w kt\u00f3rym interpretacje mog\u0105 przewa\u017ca\u0107 nad faktami, nie stanowi istotnego prze\u0142omu w debacie o s\u0142u\u017cbach specjalnych.<\/p>\n\n\n\n<p>Formalny etap procedury odtajnienia<br>Dzia\u0142ania prezydenta Karola Nawrockiego maj\u0105 na celu ujawnienie dokumentu, kt\u00f3ry pozostaje niejawny od 2007 roku. Jak poinformowa\u0142 rzecznik prezydenta Rafa\u0142 Le\u015bkiewicz, g\u0142owa pa\u0144stwa przekaza\u0142a zanonimizowane uzupe\u0142nienie raportu do zaopiniowania marsza\u0142kom Sejmu i Senatu.<\/p>\n\n\n\n<p>Kaczy\u0144ski skomentowa\u0142 ruch Nawrockiego. Odwo\u0142a\u0142 si\u0119 do s\u0142\u00f3w brata<br>Rafa\u0142 Le\u015bkiewicz | Wojciech Olku\u015bnik\/East News<br>Dokument opisuje dzia\u0142ania \u017co\u0142nierzy i pracownik\u00f3w Wojskowych S\u0142u\u017cb Informacyjnych oraz jednostek wywiadu i kontrwywiadu wojskowego. Poprzedni prezydenci wstrzymywali publikacj\u0119 po wyroku Trybuna\u0142u Konstytucyjnego z 2008 roku. TK uzna\u0142 w\u00f3wczas, \u017ce brak mo\u017cliwo\u015bci odwo\u0142ania si\u0119 os\u00f3b wymienionych w raporcie do s\u0105du jest niezgodny z ustaw\u0105 zasadnicz\u0105.<\/p>\n\n\n\n<p>Prezydent Lech Kaczy\u0144ski wstrzyma\u0142 publikacj\u0119 aneksu, argumentuj\u0105c, \u017ce \u201ezbyt wiele jest tam fragment\u00f3w, w kt\u00f3rych fakty zast\u0105piono interpretacjami\u201d. Obecnie prezydent Nawrocki zdecydowa\u0142 o wznowieniu prac nad udost\u0119pnieniem dokumentu opinii publicznej.<\/p>\n\n\n\n<p>Sprzeciw marsza\u0142ka Sejmu i kwestie bezpiecze\u0144stwa<br>Zdecydowany sprzeciw wobec plan\u00f3w odtajnienia aneksu wyrazi\u0142 w poniedzia\u0142ek marsza\u0142ek Sejmu W\u0142odzimierz Czarzasty. W rozmowie z TVN24 polityk podkre\u015bli\u0142, \u017ce takie dzia\u0142ania uderzaj\u0105 w fundamenty bezpiecze\u0144stwa narodowego.<\/p>\n\n\n\n<p>\u201eBez wzgl\u0119du na to, co tam jest. To jest \u0142amanie tajemnicy pa\u0144stwa, \u017caden kraj na \u015bwiecie tego nie robi. To jest niepowa\u017cne, to si\u0119 mija z polsk\u0105 racj\u0105 stanu i obci\u0105\u017cam tym pana prezydenta Nawrockiego, \u017ce tak\u0105 gr\u0119 zaczyna\u201d \u2013 stwierdzi\u0142 marsza\u0142ek.<\/p>\n\n\n\n<p>Czarzasty ostrzeg\u0142, \u017ce ujawnienie danych operacyjnych mo\u017ce narazi\u0107 osoby wsp\u00f3\u0142pracuj\u0105ce z polskim wywiadem.<\/p>\n\n\n\n<p>\u201eTo jest \u017cycie ludzi, to jest \u017cycie agent\u00f3w, to jest \u017cycie ludzi, z kt\u00f3rymi wsp\u00f3\u0142pracujemy\u201d \u2013 zaznaczy\u0142.<\/p>\n\n\n\n<p>Marsza\u0142ek zapowiedzia\u0142, \u017ce cho\u0107 podejdzie do analizy dokument\u00f3w powa\u017cnie, uwa\u017ca sam\u0105 inicjatyw\u0119 za uderzaj\u0105c\u0105 w interesy pa\u0144stwa.<\/p>\n","protected":false},"excerpt":{"rendered":"<p>Prezes PiS Jaros\u0142aw Kaczy\u0144ski oceni\u0142 jako \u201eryzykown\u0105\u201d decyzj\u0119 prezydenta Karola Nawrockiego o odtajnieniu aneksu do raportu z likwidacji WSI. W wypowiedzi dla TVN24 lider PiS stwierdzi\u0142, \u017ce dokument zawiera tezy o charakterze publicystycznym. Podobn\u0105 opini\u0119 wyrazi\u0142 marsza\u0142ek Sejmu W\u0142odzimierz Czarzasty, ostrzegaj\u0105c przed zagro\u017ceniem dla bezpiecze\u0144stwa pa\u0144stwa. W\u0105tpliwo\u015bci lidera Prawa i Sprawiedliwo\u015bciJaros\u0142aw Kaczy\u0144ski, pytany w niedziel\u0119 &#8230; <a title=\"Kaczy\u0144ski skomentowa\u0142 ruch Nawrockiego. Odwo\u0142a\u0142 si\u0119 do s\u0142\u00f3w brata\" class=\"read-more\" href=\"https:\/\/dobrezrodla.com\/?p=23623\" aria-label=\"Read more about Kaczy\u0144ski skomentowa\u0142 ruch Nawrockiego. Odwo\u0142a\u0142 si\u0119 do s\u0142\u00f3w brata\">Read more<\/a><\/p>\n","protected":false},"author":1,"featured_media":0,"comment_status":"open","ping_status":"open","sticky":false,"template":"","format":"standard","meta":{"footnotes":""},"categories":[1],"tags":[],"class_list":["post-23623","post","type-post","status-publish","format-standard","hentry","category-uncategorized"],"_links":{"self":[{"href":"https:\/\/dobrezrodla.com\/index.php?rest_route=\/wp\/v2\/posts\/23623","targetHints":{"allow":["GET"]}}],"collection":[{"href":"https:\/\/dobrezrodla.com\/index.php?rest_route=\/wp\/v2\/posts"}],"about":[{"href":"https:\/\/dobrezrodla.com\/index.php?rest_route=\/wp\/v2\/types\/post"}],"author":[{"embeddable":true,"href":"https:\/\/dobrezrodla.com\/index.php?rest_route=\/wp\/v2\/users\/1"}],"replies":[{"embeddable":true,"href":"https:\/\/dobrezrodla.com\/index.php?rest_route=%2Fwp%2Fv2%2Fcomments&post=23623"}],"version-history":[{"count":1,"href":"https:\/\/dobrezrodla.com\/index.php?rest_route=\/wp\/v2\/posts\/23623\/revisions"}],"predecessor-version":[{"id":23624,"href":"https:\/\/dobrezrodla.com\/index.php?rest_route=\/wp\/v2\/posts\/23623\/revisions\/23624"}],"wp:attachment":[{"href":"https:\/\/dobrezrodla.com\/index.php?rest_route=%2Fwp%2Fv2%2Fmedia&parent=23623"}],"wp:term":[{"taxonomy":"category","embeddable":true,"href":"https:\/\/dobrezrodla.com\/index.php?rest_route=%2Fwp%2Fv2%2Fcategories&post=23623"},{"taxonomy":"post_tag","embeddable":true,"href":"https:\/\/dobrezrodla.com\/index.php?rest_route=%2Fwp%2Fv2%2Ftags&post=23623"}],"curies":[{"name":"wp","href":"https:\/\/api.w.org\/{rel}","templated":true}]}}