{"id":23627,"date":"2026-04-27T19:51:26","date_gmt":"2026-04-27T19:51:26","guid":{"rendered":"https:\/\/dobrezrodla.com\/?p=23627"},"modified":"2026-04-27T19:51:26","modified_gmt":"2026-04-27T19:51:26","slug":"kwasniewski-wskazal-nastepce-tuska-padlo-jedno-nazwisko","status":"publish","type":"post","link":"https:\/\/dobrezrodla.com\/?p=23627","title":{"rendered":"Kwa\u015bniewski wskaza\u0142 nast\u0119pc\u0119 Tuska. Pad\u0142o jedno nazwisko"},"content":{"rendered":"\n<p>By\u0142y prezydent Aleksander Kwa\u015bniewski w studiu WP podkre\u015bli\u0142, \u017ce naturaln\u0105 alternatyw\u0105 dla premiera Donalda Tuska m\u00f3g\u0142by by\u0107 znany polityk, kt\u00f3ry aktualnie piastuje wysokie stanowisko na rodzimej scenie politycznej. Zwr\u00f3ci\u0142 on jednak uwag\u0119 na brak silnego zaplecza ministra w strukturach Platformy Obywatelskiej.<\/p>\n\n\n\n<p>Rados\u0142aw Sikorski naturaln\u0105 alternatyw\u0105<br>Aleksander Kwa\u015bniewski, analizuj\u0105c przysz\u0142o\u015b\u0107 obozu rz\u0105dz\u0105cego, wskaza\u0142 na obecnego szefa MSZ jako najbardziej prawdopodobnego nast\u0119pc\u0119 premiera.<\/p>\n\n\n\n<p>\u201eGdy chodzi o tak\u0105 naturaln\u0105 posta\u0107 dzisiaj, kt\u00f3ra, gdyby co\u015b si\u0119 wydarzy\u0142o, mo\u017ce dla Polak\u00f3w by\u0142aby zrozumia\u0142\u0105 alternatyw\u0105, to jest Rados\u0142aw Sikorski\u201d \u2013 powiedzia\u0142 by\u0142y prezydent w rozmowie z portalem Wirtualna Polska.<\/p>\n\n\n\n<p>Jednocze\u015bnie rozm\u00f3wca zaznaczy\u0142, \u017ce pozycja ministra wewn\u0105trz ugrupowania jest specyficzna ze wzgl\u0119du na jego polityczn\u0105 przesz\u0142o\u015b\u0107.<\/p>\n\n\n\n<p>\u201eTo nie jest cz\u0142owiek tych struktur. On jest jednak jakby imigrantem Platformy\u201d \u2013 oceni\u0142 Kwa\u015bniewski.<\/p>\n\n\n\n<p>Zdaniem by\u0142ej g\u0142owy pa\u0144stwa, cho\u0107 Sikorski posiada du\u017cy autorytet, jego s\u0142abo\u015bci\u0105 pozostaje brak organicznego zwi\u0105zku z aparatem partyjnym, co mo\u017ce utrudni\u0107 mu przej\u0119cie pe\u0142nej kontroli nad formacj\u0105 w przypadku ewentualnej sukcesji po Donaldzie Tusku.<\/p>\n\n\n\n<p>R\u00f3\u017cnica pokoleniowa mi\u0119dzy liderami<br>Istotnym elementem analizy Kwa\u015bniewskiego by\u0142a kondycja fizyczna i wiek lider\u00f3w dw\u00f3ch najwi\u0119kszych partii w Polsce. By\u0142y prezydent zauwa\u017cy\u0142, \u017ce obecny premier dysponuje przewag\u0105 czasow\u0105 nad prezesem Prawa i Sprawiedliwo\u015bci.<\/p>\n\n\n\n<p>\u201ePrzewaga Tuska nad Kaczy\u0144skim to jest kilka lat, nie wiem, czy nie dziesi\u0119\u0107\u201d \u2013 stwierdzi\u0142 polityk na antenie WP.<\/p>\n\n\n\n<p>R\u00f3\u017cnica ta wynosi dok\u0142adnie 8 lat, co zdaniem Kwa\u015bniewskiego wp\u0142ywa na dynamik\u0119 walki politycznej.<\/p>\n\n\n\n<p>Wed\u0142ug Kwa\u015bniewskiego, m\u0142odszy wiek Tuska stanowi realny atut w rywalizacji z Jaros\u0142awem Kaczy\u0144skim, daj\u0105c obecnemu premierowi wi\u0119ksze pole manewru w kontek\u015bcie d\u0142ugofalowej stabilizacji obozu rz\u0105dz\u0105cego.<\/p>\n\n\n\n<p>Strategia odm\u0142odzenia kadr rz\u0105dowych<br>Aleksander Kwa\u015bniewski odni\u00f3s\u0142 si\u0119 r\u00f3wnie\u017c do dzia\u0142a\u0144 premiera maj\u0105cych na celu promowanie nowych lider\u00f3w wewn\u0105trz koalicji. Zwr\u00f3ci\u0142 uwag\u0119 na grup\u0119 polityk\u00f3w z pokolenia 40 plus, okre\u015blan\u0105 jako \u201edziesi\u0105tka Tuska\u201d, kt\u00f3ra ma stanowi\u0107 przysz\u0142y front partii.<\/p>\n\n\n\n<p>\u201eInteresuj\u0105ca, dobrze, \u017ce Donald my\u015bli o tym\u201d \u2013 oceni\u0142 by\u0142y prezydent.<\/p>\n\n\n\n<p>Zdaniem Kwa\u015bniewskiego, \u015bwiadome wprowadzanie m\u0142odszych dzia\u0142aczy do pierwszej linii politycznej jest kluczowe dla unikni\u0119cia luki pokoleniowej po odej\u015bciu obecnych lider\u00f3w. By\u0142y prezydent podkre\u015bli\u0142, \u017ce skuteczna sukcesja wymaga przygotowania ludzi zdolnych do zarz\u0105dzania strukturami w przysz\u0142o\u015bci.<\/p>\n\n\n\n<p>Strategia ta ma zapewni\u0107 Platformie Obywatelskiej ci\u0105g\u0142o\u015b\u0107 przyw\u00f3dztwa, niezale\u017cnie od tego, czy w roli g\u0142\u00f3wnego lidera wyst\u0105pi w przysz\u0142o\u015bci Rados\u0142aw Sikorski, czy kt\u00f3ry\u015b z przedstawicieli m\u0142odszej generacji polityk\u00f3w.<\/p>\n","protected":false},"excerpt":{"rendered":"<p>By\u0142y prezydent Aleksander Kwa\u015bniewski w studiu WP podkre\u015bli\u0142, \u017ce naturaln\u0105 alternatyw\u0105 dla premiera Donalda Tuska m\u00f3g\u0142by by\u0107 znany polityk, kt\u00f3ry aktualnie piastuje wysokie stanowisko na rodzimej scenie politycznej. Zwr\u00f3ci\u0142 on jednak uwag\u0119 na brak silnego zaplecza ministra w strukturach Platformy Obywatelskiej. Rados\u0142aw Sikorski naturaln\u0105 alternatyw\u0105Aleksander Kwa\u015bniewski, analizuj\u0105c przysz\u0142o\u015b\u0107 obozu rz\u0105dz\u0105cego, wskaza\u0142 na obecnego szefa MSZ &#8230; <a title=\"Kwa\u015bniewski wskaza\u0142 nast\u0119pc\u0119 Tuska. Pad\u0142o jedno nazwisko\" class=\"read-more\" href=\"https:\/\/dobrezrodla.com\/?p=23627\" aria-label=\"Read more about Kwa\u015bniewski wskaza\u0142 nast\u0119pc\u0119 Tuska. Pad\u0142o jedno nazwisko\">Read more<\/a><\/p>\n","protected":false},"author":1,"featured_media":0,"comment_status":"open","ping_status":"open","sticky":false,"template":"","format":"standard","meta":{"footnotes":""},"categories":[1],"tags":[],"class_list":["post-23627","post","type-post","status-publish","format-standard","hentry","category-uncategorized"],"_links":{"self":[{"href":"https:\/\/dobrezrodla.com\/index.php?rest_route=\/wp\/v2\/posts\/23627","targetHints":{"allow":["GET"]}}],"collection":[{"href":"https:\/\/dobrezrodla.com\/index.php?rest_route=\/wp\/v2\/posts"}],"about":[{"href":"https:\/\/dobrezrodla.com\/index.php?rest_route=\/wp\/v2\/types\/post"}],"author":[{"embeddable":true,"href":"https:\/\/dobrezrodla.com\/index.php?rest_route=\/wp\/v2\/users\/1"}],"replies":[{"embeddable":true,"href":"https:\/\/dobrezrodla.com\/index.php?rest_route=%2Fwp%2Fv2%2Fcomments&post=23627"}],"version-history":[{"count":1,"href":"https:\/\/dobrezrodla.com\/index.php?rest_route=\/wp\/v2\/posts\/23627\/revisions"}],"predecessor-version":[{"id":23628,"href":"https:\/\/dobrezrodla.com\/index.php?rest_route=\/wp\/v2\/posts\/23627\/revisions\/23628"}],"wp:attachment":[{"href":"https:\/\/dobrezrodla.com\/index.php?rest_route=%2Fwp%2Fv2%2Fmedia&parent=23627"}],"wp:term":[{"taxonomy":"category","embeddable":true,"href":"https:\/\/dobrezrodla.com\/index.php?rest_route=%2Fwp%2Fv2%2Fcategories&post=23627"},{"taxonomy":"post_tag","embeddable":true,"href":"https:\/\/dobrezrodla.com\/index.php?rest_route=%2Fwp%2Fv2%2Ftags&post=23627"}],"curies":[{"name":"wp","href":"https:\/\/api.w.org\/{rel}","templated":true}]}}