{"id":23640,"date":"2026-04-28T18:53:59","date_gmt":"2026-04-28T18:53:59","guid":{"rendered":"https:\/\/dobrezrodla.com\/?p=23640"},"modified":"2026-04-28T18:53:59","modified_gmt":"2026-04-28T18:53:59","slug":"mentzenowi-puscily-nerwy-nagle-zdecydowal-sie-na-publikacje-po-tych-slowach-internet-wrze","status":"publish","type":"post","link":"https:\/\/dobrezrodla.com\/?p=23640","title":{"rendered":"Mentzenowi pu\u015bci\u0142y nerwy \u2013 nagle zdecydowa\u0142 si\u0119 na publikacj\u0119. Po tych s\u0142owach internet wrze"},"content":{"rendered":"\n<p>W czwartek w Sejmie odby\u0142o si\u0119 \u015blubowanie nowo wybranych s\u0119dzi\u00f3w Trybuna\u0142u Konstytucyjnego, jednak bez udzia\u0142u prezydenta. Wydarzenie to wywo\u0142a\u0142o ogromne emocje i burz\u0119 na polskiej scenie politycznej. Politycy oraz eksperci komentowali kontrowersyjn\u0105 sytuacj\u0119, a w\u015br\u00f3d nich g\u0142os zabra\u0142 S\u0142awomir Mentzen, wyra\u017caj\u0105c swoje zdanie w zdecydowany spos\u00f3b.<\/p>\n\n\n\n<p>Czterech s\u0119dzi\u00f3w wybranych w marcu \u2013 Krystian Markiewicz, Maciej Taborowski, Marcin Dziurda i Anna Korwin-Piotrowska \u2013 zaprosi\u0142o prezydenta Karola Nawrockiego na 9 kwietnia o godzinie 12:30 do Sejmu. W identycznych pismach przypomnieli, \u017ce wcze\u015bniej prosili o wyznaczenie terminu \u015blubowania w Pa\u0142acu Prezydenckim, lecz nie otrzymali odpowiedzi. Ostatecznie ceremonia odby\u0142a si\u0119 w Sejmie po godzinie 12:30, wraz z dwojgiem s\u0119dzi\u00f3w \u2013 Magdalen\u0105 Bentkowsk\u0105 i Dariuszem Szostkiem \u2013 kt\u00f3rzy tydzie\u0144 wcze\u015bniej z\u0142o\u017cyli \u015blubowanie w obecno\u015bci prezydenta w Pa\u0142acu Prezydenckim.<\/p>\n\n\n\n<p>obrazek<\/p>\n\n\n\n<p>Napi\u0119ta atmosfera i protesty podczas uroczysto\u015bci<\/p>\n\n\n\n<p>Podczas ceremonii s\u0119dziowie najpierw otrzymali uchwa\u0142y Sejmu potwierdzaj\u0105ce ich wyb\u00f3r do Trybuna\u0142u Konstytucyjnego, odczytali rot\u0119 \u015blubowania i z\u0142o\u017cyli podpisy w kolejno\u015bci alfabetycznej. Prowadz\u0105cy podkre\u015bli\u0142, \u017ce \u015blubowanie odby\u0142o si\u0119 \u201ewobec prezydenta\u201d.<\/p>\n\n\n\n<p>Na sali panowa\u0142o wyra\u017ane napi\u0119cie, a nie oby\u0142o si\u0119 bez protest\u00f3w. Przed rozpocz\u0119ciem kto\u015b g\u0142o\u015bno przypomnia\u0142, \u017ce \u201ena sali nie ma prezydenta\u201d, po czym pad\u0142 kolejny okrzyk: \u201ePrzypominam, \u017ce nie ma prezydenta\u201d. Takie manifestacje tylko zaostrzy\u0142y atmosfer\u0119 i wzbudzi\u0142y dodatkowe kontrowersje.<\/p>\n\n\n\n<p>Mocna reakcja S\u0142awomira Mentzena na wydarzenia w Sejmie<br>Sytuacja spotka\u0142a si\u0119 z ostr\u0105 krytyk\u0105 polityk\u00f3w, w tym S\u0142awomira Mentzena. Na portalu X szybko opublikowa\u0142 wpis, w kt\u00f3rym pot\u0119pi\u0142 spos\u00f3b przeprowadzenia \u015blubowania:<\/p>\n\n\n\n<p>\u201ePrezydent Nawrocki powinien przyj\u0105\u0107 \u015blubowanie od s\u0119dzi\u00f3w TK wybranych przez Sejm. Koalicja nie powinna robi\u0107 cyrku ze sk\u0142adaniem \u015blubowania w Sejmie. PO i PiS na potrzeby partyjnej nawalanki rozwalaj\u0105 kolejne instytucje naszego pa\u0144stwa. Mam dosy\u0107 jednych i drugich. Nie mog\u0119 si\u0119 doczeka\u0107 dnia, a\u017c wyborcy was w ko\u0144cu pogoni\u0105 i zaczniemy budowa\u0107 normalne pa\u0144stwo.\u201d<\/p>\n\n\n\n<p>Jego ostre s\u0142owa oddaj\u0105 g\u0142\u0119bokie podzia\u0142y polityczne towarzysz\u0105ce ceremonii. Wpis Mentzena b\u0142yskawicznie zyska\u0142 rozg\u0142os i poruszy\u0142 internaut\u00f3w.<\/p>\n\n\n\n<p>Prezydent Nawrocki powinien przyj\u0105\u0107 \u015blubowanie od s\u0119dzi\u00f3w TK wybranych przez Sejm.<\/p>\n\n\n\n<p>Koalicja nie powinna robi\u0107 cyrku ze sk\u0142adaniem \u015blubowania w Sejmie.<\/p>\n\n\n\n<p>PO i PiS na potrzeby partyjnej nawalanki rozwalaj\u0105 kolejne instytucje naszego pa\u0144stwa.<\/p>\n\n\n\n<p>Mam dosy\u0107 jednych i drugich. Nie mog\u0119\u2026<\/p>\n\n\n\n<p>\u2014 S\u0142awomir Mentzen (@SlawomirMentzen) 9 kwietnia 2026<\/p>\n","protected":false},"excerpt":{"rendered":"<p>W czwartek w Sejmie odby\u0142o si\u0119 \u015blubowanie nowo wybranych s\u0119dzi\u00f3w Trybuna\u0142u Konstytucyjnego, jednak bez udzia\u0142u prezydenta. Wydarzenie to wywo\u0142a\u0142o ogromne emocje i burz\u0119 na polskiej scenie politycznej. Politycy oraz eksperci komentowali kontrowersyjn\u0105 sytuacj\u0119, a w\u015br\u00f3d nich g\u0142os zabra\u0142 S\u0142awomir Mentzen, wyra\u017caj\u0105c swoje zdanie w zdecydowany spos\u00f3b. Czterech s\u0119dzi\u00f3w wybranych w marcu \u2013 Krystian Markiewicz, Maciej &#8230; <a title=\"Mentzenowi pu\u015bci\u0142y nerwy \u2013 nagle zdecydowa\u0142 si\u0119 na publikacj\u0119. Po tych s\u0142owach internet wrze\" class=\"read-more\" href=\"https:\/\/dobrezrodla.com\/?p=23640\" aria-label=\"Read more about Mentzenowi pu\u015bci\u0142y nerwy \u2013 nagle zdecydowa\u0142 si\u0119 na publikacj\u0119. Po tych s\u0142owach internet wrze\">Read more<\/a><\/p>\n","protected":false},"author":1,"featured_media":0,"comment_status":"open","ping_status":"open","sticky":false,"template":"","format":"standard","meta":{"footnotes":""},"categories":[1],"tags":[],"class_list":["post-23640","post","type-post","status-publish","format-standard","hentry","category-uncategorized"],"_links":{"self":[{"href":"https:\/\/dobrezrodla.com\/index.php?rest_route=\/wp\/v2\/posts\/23640","targetHints":{"allow":["GET"]}}],"collection":[{"href":"https:\/\/dobrezrodla.com\/index.php?rest_route=\/wp\/v2\/posts"}],"about":[{"href":"https:\/\/dobrezrodla.com\/index.php?rest_route=\/wp\/v2\/types\/post"}],"author":[{"embeddable":true,"href":"https:\/\/dobrezrodla.com\/index.php?rest_route=\/wp\/v2\/users\/1"}],"replies":[{"embeddable":true,"href":"https:\/\/dobrezrodla.com\/index.php?rest_route=%2Fwp%2Fv2%2Fcomments&post=23640"}],"version-history":[{"count":1,"href":"https:\/\/dobrezrodla.com\/index.php?rest_route=\/wp\/v2\/posts\/23640\/revisions"}],"predecessor-version":[{"id":23642,"href":"https:\/\/dobrezrodla.com\/index.php?rest_route=\/wp\/v2\/posts\/23640\/revisions\/23642"}],"wp:attachment":[{"href":"https:\/\/dobrezrodla.com\/index.php?rest_route=%2Fwp%2Fv2%2Fmedia&parent=23640"}],"wp:term":[{"taxonomy":"category","embeddable":true,"href":"https:\/\/dobrezrodla.com\/index.php?rest_route=%2Fwp%2Fv2%2Fcategories&post=23640"},{"taxonomy":"post_tag","embeddable":true,"href":"https:\/\/dobrezrodla.com\/index.php?rest_route=%2Fwp%2Fv2%2Ftags&post=23640"}],"curies":[{"name":"wp","href":"https:\/\/api.w.org\/{rel}","templated":true}]}}