{"id":23670,"date":"2026-04-28T18:58:58","date_gmt":"2026-04-28T18:58:58","guid":{"rendered":"https:\/\/dobrezrodla.com\/?p=23670"},"modified":"2026-04-28T18:58:58","modified_gmt":"2026-04-28T18:58:58","slug":"obrady-sejmu-ledwo-sie-zaczely-a-tu-taka-decyzja-czarzastego-nie-wszyscy-beda-zadowoleni","status":"publish","type":"post","link":"https:\/\/dobrezrodla.com\/?p=23670","title":{"rendered":"Obrady sejmu ledwo si\u0119 zacz\u0119\u0142y a tu taka decyzja Czarzastego! Nie wszyscy b\u0119d\u0105 zadowoleni"},"content":{"rendered":"\n<p>W Sejmie zapad\u0142a decyzja o surowych konsekwencjach wobec dw\u00f3ch pos\u0142\u00f3w Prawa i Sprawiedliwo\u015bci po g\u0142o\u015bnym incydencie, kt\u00f3ry zak\u0142\u00f3ci\u0142 przebieg obrad i wywo\u0142a\u0142 polityczn\u0105 burz\u0119.<\/p>\n\n\n\n<p><strong>Dotkliwe kary po sejmowej awanturze<\/strong><\/p>\n\n\n\n<p>Marsza\u0142ek Sejmu W\u0142odzimierz Czarzasty zdecydowa\u0142 o ukaraniu Dariusza Mateckiego oraz Micha\u0142a Wosia za ich zachowanie podczas posiedzenia parlamentu.<\/p>\n\n\n\n<p>Obaj politycy zostali uznani za winnych zak\u0142\u00f3cania porz\u0105dku obrad, a na\u0142o\u017cona sankcja nale\u017cy do najbardziej dotkliwych przewidzianych regulaminem.<\/p>\n\n\n\n<p>Zgodnie z decyzj\u0105 marsza\u0142ka strac\u0105 oni po\u0142ow\u0119 swojego uposa\u017cenia przez trzy miesi\u0105ce, co oznacza realne i odczuwalne konsekwencje finansowe.<\/p>\n\n\n\n<p><strong>Co wydarzy\u0142o si\u0119 w Sejmie?<\/strong><\/p>\n\n\n\n<p>Do incydentu dosz\u0142o 17 kwietnia podczas obrad, gdy Dariusz Matecki pojawi\u0142 si\u0119 w pobli\u017cu m\u00f3wnicy z przygotowan\u0105 plansz\u0105 zawieraj\u0105c\u0105 zdj\u0119cie Donalda Tuska oraz by\u0142ej dzia\u0142aczki Koalicji Obywatelskiej.<\/p>\n\n\n\n<p>Na planszy umieszczono r\u00f3wnie\u017c has\u0142o \u201eTylko nie m\u00f3w nikomu!\u201d, co natychmiast wywo\u0142a\u0142o napi\u0119cie na sali.<\/p>\n\n\n\n<p>Chwil\u0119 p\u00f3\u017aniej do pos\u0142a do\u0142\u0105czy\u0142 Micha\u0142 Wo\u015b z kolejn\u0105 plansz\u0105, przedstawiaj\u0105c\u0105 t\u0119 sam\u0105 osob\u0119 w towarzystwie wicemarsza\u0142kini Moniki Wielichowskiej.<\/p>\n\n\n\n<p>Obaj ustawili si\u0119 w pobli\u017cu m\u00f3wnicy, mimo \u017ce prowadz\u0105cy obrady wielokrotnie wzywa\u0142 ich do opuszczenia tego miejsca.<\/p>\n\n\n\n<p><strong>Eskalacja konfliktu i wykluczenie z obrad<\/strong><\/p>\n\n\n\n<p>Brak reakcji na polecenia marsza\u0142ka doprowadzi\u0142 do ich wykluczenia z posiedzenia.<\/p>\n\n\n\n<p>W trakcie interwencji z sali pada\u0142y okrzyki, a atmosfera szybko si\u0119 zaostrzy\u0142a.<\/p>\n\n\n\n<p>Po og\u0142oszeniu kr\u00f3tkiej przerwy dosz\u0142o do bezpo\u015brednich przepychanek \u2013 S\u0142awomir Nitras pr\u00f3bowa\u0142 odebra\u0107 jedn\u0105 z plansz, a inni pos\u0142owie r\u00f3wnie\u017c podejmowali podobne dzia\u0142ania.<\/p>\n\n\n\n<p>Ca\u0142e zaj\u015bcie mia\u0142o dynamiczny i konfrontacyjny przebieg, co \u2013 jak podkre\u015blono \u2013 by\u0142o jednym z g\u0142\u00f3wnych powod\u00f3w na\u0142o\u017cenia kar.<\/p>\n\n\n\n<p><strong>Coraz ostrzejsza dyscyplina w Sejmie<\/strong><\/p>\n\n\n\n<p>Decyzja marsza\u0142ka wpisuje si\u0119 w szerszy trend zaostrzania reakcji na zak\u0142\u00f3cenia prac parlamentu.<\/p>\n\n\n\n<p>W ostatnich latach w\u0142adze Sejmu coraz cz\u0119\u015bciej si\u0119gaj\u0105 po narz\u0119dzia dyscyplinuj\u0105ce, od upomnie\u0144 po wysokie kary finansowe.<\/p>\n\n\n\n<p>Podobne sankcje zastosowano wcze\u015bniej wobec innych pos\u0142\u00f3w, m.in. po kontrowersyjnych wyst\u0105pieniach z m\u00f3wnicy.<\/p>\n\n\n\n<p><strong>Granica mi\u0119dzy protestem a naruszeniem zasad<\/strong><\/p>\n\n\n\n<p>Cho\u0107 ostre spory polityczne s\u0105 nieod\u0142\u0105cznym elementem \u017cycia parlamentarnego, ka\u017cda taka sytuacja rodzi pytania o granice dopuszczalnej formy protestu.<\/p>\n\n\n\n<p>W tym przypadku marsza\u0142ek uzna\u0142, \u017ce dzia\u0142ania Mateckiego i Wosia wyra\u017anie przekroczy\u0142y regulaminowe zasady, co skutkowa\u0142o jedn\u0105 z najbardziej dotkliwych kar finansowych dost\u0119pnych w Sejmie.<\/p>\n\n\n\n<p>Decyzja ta ma by\u0107 jednocze\u015bnie sygna\u0142em, \u017ce podobne zachowania nie b\u0119d\u0105 tolerowane i mog\u0105 spotka\u0107 si\u0119 z r\u00f3wnie surow\u0105 reakcj\u0105 w przysz\u0142o\u015bci.<\/p>\n","protected":false},"excerpt":{"rendered":"<p>W Sejmie zapad\u0142a decyzja o surowych konsekwencjach wobec dw\u00f3ch pos\u0142\u00f3w Prawa i Sprawiedliwo\u015bci po g\u0142o\u015bnym incydencie, kt\u00f3ry zak\u0142\u00f3ci\u0142 przebieg obrad i wywo\u0142a\u0142 polityczn\u0105 burz\u0119. Dotkliwe kary po sejmowej awanturze Marsza\u0142ek Sejmu W\u0142odzimierz Czarzasty zdecydowa\u0142 o ukaraniu Dariusza Mateckiego oraz Micha\u0142a Wosia za ich zachowanie podczas posiedzenia parlamentu. Obaj politycy zostali uznani za winnych zak\u0142\u00f3cania porz\u0105dku &#8230; <a title=\"Obrady sejmu ledwo si\u0119 zacz\u0119\u0142y a tu taka decyzja Czarzastego! Nie wszyscy b\u0119d\u0105 zadowoleni\" class=\"read-more\" href=\"https:\/\/dobrezrodla.com\/?p=23670\" aria-label=\"Read more about Obrady sejmu ledwo si\u0119 zacz\u0119\u0142y a tu taka decyzja Czarzastego! Nie wszyscy b\u0119d\u0105 zadowoleni\">Read more<\/a><\/p>\n","protected":false},"author":1,"featured_media":0,"comment_status":"open","ping_status":"open","sticky":false,"template":"","format":"standard","meta":{"footnotes":""},"categories":[1],"tags":[],"class_list":["post-23670","post","type-post","status-publish","format-standard","hentry","category-uncategorized"],"_links":{"self":[{"href":"https:\/\/dobrezrodla.com\/index.php?rest_route=\/wp\/v2\/posts\/23670","targetHints":{"allow":["GET"]}}],"collection":[{"href":"https:\/\/dobrezrodla.com\/index.php?rest_route=\/wp\/v2\/posts"}],"about":[{"href":"https:\/\/dobrezrodla.com\/index.php?rest_route=\/wp\/v2\/types\/post"}],"author":[{"embeddable":true,"href":"https:\/\/dobrezrodla.com\/index.php?rest_route=\/wp\/v2\/users\/1"}],"replies":[{"embeddable":true,"href":"https:\/\/dobrezrodla.com\/index.php?rest_route=%2Fwp%2Fv2%2Fcomments&post=23670"}],"version-history":[{"count":1,"href":"https:\/\/dobrezrodla.com\/index.php?rest_route=\/wp\/v2\/posts\/23670\/revisions"}],"predecessor-version":[{"id":23674,"href":"https:\/\/dobrezrodla.com\/index.php?rest_route=\/wp\/v2\/posts\/23670\/revisions\/23674"}],"wp:attachment":[{"href":"https:\/\/dobrezrodla.com\/index.php?rest_route=%2Fwp%2Fv2%2Fmedia&parent=23670"}],"wp:term":[{"taxonomy":"category","embeddable":true,"href":"https:\/\/dobrezrodla.com\/index.php?rest_route=%2Fwp%2Fv2%2Fcategories&post=23670"},{"taxonomy":"post_tag","embeddable":true,"href":"https:\/\/dobrezrodla.com\/index.php?rest_route=%2Fwp%2Fv2%2Ftags&post=23670"}],"curies":[{"name":"wp","href":"https:\/\/api.w.org\/{rel}","templated":true}]}}