{"id":23718,"date":"2026-04-28T19:12:03","date_gmt":"2026-04-28T19:12:03","guid":{"rendered":"https:\/\/dobrezrodla.com\/?p=23718"},"modified":"2026-04-28T19:12:04","modified_gmt":"2026-04-28T19:12:04","slug":"mocne-wystapienie-kaczynskiego-padly-bardzo-powazne-oskarzenia-zamordowani","status":"publish","type":"post","link":"https:\/\/dobrezrodla.com\/?p=23718","title":{"rendered":"Mocne wyst\u0105pienie Kaczy\u0144skiego. Pad\u0142y bardzo powa\u017cne oskar\u017cenia, &#8220;&#8221;zamordowani&#8221;"},"content":{"rendered":"\n<p>Prezes PiS Jaros\u0142aw Kaczy\u0144ski wzi\u0105\u0142 udzia\u0142 w uroczystym otwarciu ronda im. Lecha Kaczy\u0144skiego w Parczewie. Jak podaje &#8220;Wprost&#8221;, podczas wyst\u0105pienia polityk oceni\u0142 dziedzictwo zmar\u0142ego prezydenta oraz przedstawi\u0142 swoj\u0105 opini\u0119 na temat przyczyn katastrofy smole\u0144skiej. Wydarzenie relacjonowa\u0142y og\u00f3lnopolskie media oraz lokalne w\u0142adze samorz\u0105dowe.<\/p>\n\n\n\n<p>Przebieg uroczysto\u015bci i g\u0142os marsza\u0142ka<br>Niedzielne obchody w Parczewie zainaugurowa\u0142a msza \u015bwi\u0119ta w Bazylice Mniejszej, po kt\u00f3rej odby\u0142 si\u0119 koncert oraz przemarsz pod nowe rondo u zbiegu al. Jana Paw\u0142a II i al. Zwyci\u0119stwa.<\/p>\n\n\n\n<p>W wydarzeniu uczestniczyli czo\u0142owi politycy Prawa i Sprawiedliwo\u015bci oraz w\u0142adze regionu. Marsza\u0142ek wojew\u00f3dztwa lubelskiego Jaros\u0142aw Stawiarski podkre\u015bli\u0142 wag\u0119 tego upami\u0119tnienia w swoich mediach spo\u0142eczno\u015bciowych.<\/p>\n\n\n\n<p>\u201eW dzisiejszym spotkaniu bierze udzia\u0142 Prezes Prawo i Sprawiedliwo\u015b\u0107 \u2013 Jaros\u0142aw Kaczy\u0144ski, kt\u00f3remu serdecznie dzi\u0119kuj\u0119 za wizyt\u0119 na Lubelszczy\u017anie. Pami\u0119\u0107 o \u015bwi\u0119tej pami\u0119ci Prezydencie, a tak\u017ce wszystkich ofiarach tragedii smole\u0144skiej pozostaje \u017cywa i stanowi bardzo wa\u017cny drogowskaz dla naszego \u017cycia spo\u0142ecznego i moralnego\u201d \u2013 napisa\u0142 Stawiarski.<\/p>\n\n\n\n<p>Po oficjalnych przem\u00f3wieniach nast\u0105pi\u0142o po\u015bwi\u0119cenie obiektu oraz symboliczne przeci\u0119cie wst\u0119gi przez zaproszonych go\u015bci.<\/p>\n\n\n\n<p>Jaros\u0142aw Kaczy\u0144ski o zamachu w Smole\u0144sku<br>G\u0142\u00f3wnym punktem uroczysto\u015bci by\u0142o wyst\u0105pienie Jaros\u0142awa Kaczy\u0144skiego, kt\u00f3ry w mocnych s\u0142owach odni\u00f3s\u0142 si\u0119 do tragicznych wydarze\u0144 z 10 kwietnia 2010 roku.<\/p>\n\n\n\n<p>\u201eM\u00f3j \u015bwi\u0119tej pami\u0119ci brat odegra\u0142 w naszych dziejach niezwyk\u0142\u0105 rol\u0119. Jego \u017cycie by\u0142o \u017cyciem owocnym. Zgin\u0105\u0142, podobnie jak jego \u017cona i 94 inne osoby pod Smole\u0144skiem\u201d \u2013 m\u00f3wi\u0142 prezes PiS.<\/p>\n\n\n\n<p>W dalszej cz\u0119\u015bci przem\u00f3wienia polityk wprost zasugerowa\u0142, \u017ce katastrofa nie by\u0142a wypadkiem.<\/p>\n\n\n\n<p>\u201eSprawa ich \u015bmierci jest do dzi\u015b niewyja\u015bniona. Twierdzenie, \u017ce nie by\u0142o tam zamachu, to jest twierdzenie, kt\u00f3re nie ma \u017cadnych podstaw. Wszelkiego rodzaju jak i wszelkiego rodzaju dane odnosz\u0105ce si\u0119 do samego wydarzenia, wskazuj\u0105 na to, \u017ce zosta\u0142 on i wszyscy inni zamordowani\u201d \u2013 o\u015bwiadczy\u0142 Kaczy\u0144ski, wywo\u0142uj\u0105c szerokie echa w mediach og\u00f3lnopolskich.<\/p>\n\n\n\n<p>Charakterystyka prezydentury i decyzja radnych<br>Prezes PiS oceni\u0142 r\u00f3wnie\u017c kierunek polityczny obrany przez Lecha Kaczy\u0144skiego, zaznaczaj\u0105c, \u017ce odrzuci\u0142 on kompleksy narodowe.<\/p>\n\n\n\n<p>\u201eBy\u0142 prezydentem, kt\u00f3ry prowadzi\u0142 polityk\u0119 inn\u0105 ni\u017c ta, kt\u00f3ra by\u0142a prowadzona poprzednio. Odrzuci\u0142 przekonanie, \u017ce Polska nowoczesna, Polska wsp\u00f3\u0142czesna, powinna by\u0107 oderwana od przesz\u0142o\u015bci, tradycji i patriotyzmu\u201d \u2013 wylicza\u0142 Jaros\u0142aw Kaczy\u0144ski.<\/p>\n\n\n\n<p>Sama decyzja o nadaniu imienia rondu zapad\u0142a w parczewskiej radzie miasta w listopadzie 2025 roku stosunkiem g\u0142os\u00f3w 8 do 6. W , \u017ce:<\/p>\n\n\n\n<p>\u201ewyb\u00f3r Lecha Kaczy\u0144skiego jako patrona jest form\u0105 uhonorowania m\u0119\u017ca stanu, prawnika oraz Prezydenta Rzeczpospolitej Polskiej, kt\u00f3rego \u017cyciorys jest nierozerwalnie zwi\u0105zany z walk\u0105 o woln\u0105 Polsk\u0119 oraz budow\u0105 jej instytucji po 1989 r.\u201d &#8211; zapisali w uzasadnieniu uchwa\u0142y radni.<\/p>\n\n\n\n<p>Wyb\u00f3r ten spotka\u0142 si\u0119 z aprobat\u0105 obecnych na miejscu parlamentarzyst\u00f3w PiS.<\/p>\n","protected":false},"excerpt":{"rendered":"<p>Prezes PiS Jaros\u0142aw Kaczy\u0144ski wzi\u0105\u0142 udzia\u0142 w uroczystym otwarciu ronda im. Lecha Kaczy\u0144skiego w Parczewie. Jak podaje &#8220;Wprost&#8221;, podczas wyst\u0105pienia polityk oceni\u0142 dziedzictwo zmar\u0142ego prezydenta oraz przedstawi\u0142 swoj\u0105 opini\u0119 na temat przyczyn katastrofy smole\u0144skiej. Wydarzenie relacjonowa\u0142y og\u00f3lnopolskie media oraz lokalne w\u0142adze samorz\u0105dowe. Przebieg uroczysto\u015bci i g\u0142os marsza\u0142kaNiedzielne obchody w Parczewie zainaugurowa\u0142a msza \u015bwi\u0119ta w Bazylice &#8230; <a title=\"Mocne wyst\u0105pienie Kaczy\u0144skiego. Pad\u0142y bardzo powa\u017cne oskar\u017cenia, &#8220;&#8221;zamordowani&#8221;\" class=\"read-more\" href=\"https:\/\/dobrezrodla.com\/?p=23718\" aria-label=\"Read more about Mocne wyst\u0105pienie Kaczy\u0144skiego. Pad\u0142y bardzo powa\u017cne oskar\u017cenia, &#8220;&#8221;zamordowani&#8221;\">Read more<\/a><\/p>\n","protected":false},"author":1,"featured_media":0,"comment_status":"open","ping_status":"open","sticky":false,"template":"","format":"standard","meta":{"footnotes":""},"categories":[1],"tags":[],"class_list":["post-23718","post","type-post","status-publish","format-standard","hentry","category-uncategorized"],"_links":{"self":[{"href":"https:\/\/dobrezrodla.com\/index.php?rest_route=\/wp\/v2\/posts\/23718","targetHints":{"allow":["GET"]}}],"collection":[{"href":"https:\/\/dobrezrodla.com\/index.php?rest_route=\/wp\/v2\/posts"}],"about":[{"href":"https:\/\/dobrezrodla.com\/index.php?rest_route=\/wp\/v2\/types\/post"}],"author":[{"embeddable":true,"href":"https:\/\/dobrezrodla.com\/index.php?rest_route=\/wp\/v2\/users\/1"}],"replies":[{"embeddable":true,"href":"https:\/\/dobrezrodla.com\/index.php?rest_route=%2Fwp%2Fv2%2Fcomments&post=23718"}],"version-history":[{"count":1,"href":"https:\/\/dobrezrodla.com\/index.php?rest_route=\/wp\/v2\/posts\/23718\/revisions"}],"predecessor-version":[{"id":23719,"href":"https:\/\/dobrezrodla.com\/index.php?rest_route=\/wp\/v2\/posts\/23718\/revisions\/23719"}],"wp:attachment":[{"href":"https:\/\/dobrezrodla.com\/index.php?rest_route=%2Fwp%2Fv2%2Fmedia&parent=23718"}],"wp:term":[{"taxonomy":"category","embeddable":true,"href":"https:\/\/dobrezrodla.com\/index.php?rest_route=%2Fwp%2Fv2%2Fcategories&post=23718"},{"taxonomy":"post_tag","embeddable":true,"href":"https:\/\/dobrezrodla.com\/index.php?rest_route=%2Fwp%2Fv2%2Ftags&post=23718"}],"curies":[{"name":"wp","href":"https:\/\/api.w.org\/{rel}","templated":true}]}}