{"id":23720,"date":"2026-04-28T19:13:01","date_gmt":"2026-04-28T19:13:01","guid":{"rendered":"https:\/\/dobrezrodla.com\/?p=23720"},"modified":"2026-04-28T19:13:03","modified_gmt":"2026-04-28T19:13:03","slug":"goraco-wokol-tuska-jest-reakcja-palacu-prezydenckiego-zadaja-jednego","status":"publish","type":"post","link":"https:\/\/dobrezrodla.com\/?p=23720","title":{"rendered":"Gor\u0105co wok\u00f3\u0142 Tuska. Jest reakcja Pa\u0142acu Prezydenckiego, \u017c\u0105daj\u0105 jednego"},"content":{"rendered":"\n<p>Wypowiedzi premiera Donalda Tuska o mo\u017cliwym zagro\u017ceniu wojennym w Europie wywo\u0142a\u0142y natychmiastow\u0105 i bardzo wyra\u017an\u0105 reakcj\u0119 Pa\u0142acu Prezydenckiego. Zapowiedziano przygotowanie szczeg\u00f3\u0142owego raportu s\u0142u\u017cb, kt\u00f3ry ma zweryfikowa\u0107 publiczne tezy szefa rz\u0105du.<\/p>\n\n\n\n<p>Od tych s\u0142\u00f3w wszystko si\u0119 zacz\u0119\u0142o. G\u0142o\u015bny wywiad Tuska<br>Punktem zapalnym ca\u0142ej sprawy by\u0142 wywiad, kt\u00f3rego Donald Tusk udzieli\u0142 brytyjskiemu dziennikowi Financial Times. Premier odni\u00f3s\u0142 si\u0119 w nim do sytuacji bezpiecze\u0144stwa w Europie oraz do wiarygodno\u015bci sojuszy w ramach NATO. Szczeg\u00f3lne poruszenie wywo\u0142a\u0142y jego s\u0142owa o mo\u017cliwym zagro\u017ceniu ze strony Rosji.<\/p>\n\n\n\n<p>To naprawd\u0119 powa\u017cna sprawa. Mam na my\u015bli perspektyw\u0119 kr\u00f3tkoterminow\u0105 \u2013 raczej miesi\u0105ce ni\u017c lata \u2013stwierdzi\u0142 premier.<\/p>\n\n\n\n<p>Tusk zwr\u00f3ci\u0142 r\u00f3wnie\u017c uwag\u0119 na w\u0105tpliwo\u015bci dotycz\u0105ce praktycznego funkcjonowania artyku\u0142u 5 Traktatu Waszyngto\u0144skiego.<\/p>\n\n\n\n<p>Chcia\u0142bym wierzy\u0107, \u017ce (art. 5 \u2013 red.) nadal obowi\u0105zuje, ale czasami, oczywi\u015bcie, mam z tym pewne problemy \u2013 powiedzia\u0142 w rozmowie z periodykiem.<\/p>\n\n\n\n<p>Jednocze\u015bnie podkre\u015bli\u0142, \u017ce nie jest to wyraz ca\u0142kowitego sceptycyzmu wobec NATO, lecz raczej obawa o realne dzia\u0142anie sojuszu w sytuacji kryzysowej. Premier zaznaczy\u0142, \u017ce kluczowe jest, czy zobowi\u0105zania sojusznicze b\u0119d\u0105 traktowane r\u00f3wnie powa\u017cnie przez wszystkich cz\u0142onk\u00f3w.<\/p>\n\n\n\n<p>Wypowiedzi te odbi\u0142y si\u0119 echem tak\u017ce w Stanach Zjednoczonych. W reakcji na publikacj\u0119 Bia\u0142y Dom odni\u00f3s\u0142 si\u0119 do szerszego kontekstu napi\u0119\u0107 w relacjach sojuszniczych.<\/p>\n\n\n\n<p>Prezydent jasno wyrazi\u0142 rozczarowanie NATO i innymi sojusznikami. Stany Zjednoczone utrzymuj\u0105 w Europie tysi\u0105ce \u017co\u0142nierzy &#8211; a jednak pro\u015bby o wykorzystanie baz wojskowych do obrony ameryka\u0144skich interes\u00f3w zosta\u0142y odrzucone \u2013m\u00f3wi\u0142a rzeczniczka Bia\u0142ego Domu Anna Kelly w reakcji na wywiad Tuska.<\/p>\n\n\n\n<p>Ta reakcja pokazuje, \u017ce wypowiedzi Tuska wpisuj\u0105 si\u0119 w szersz\u0105 debat\u0119 o kondycji relacji transatlantyckich i realnym znaczeniu gwarancji bezpiecze\u0144stwa.<\/p>\n\n\n\n<p>Donald Tusk told the FT that Europe\u2019s \u2018biggest, most important question is if the United States is ready to be as loyal as it is described in our [Nato] treaties,\u2019 as he warned that Russia could attack an alliance member in \u2018months\u2019. https:\/\/t.co\/YPsjGWPOoU pic.twitter.com\/dYSpmB7nJE<\/p>\n\n\n\n<p>\u2014 Financial Times (@FT) April 24, 2026<br>Ostra reakcja Pa\u0142acu Prezydenckiego po wywiadzie Tuska<br>Do s\u0142\u00f3w premiera odni\u00f3s\u0142 si\u0119 Szef Biura Polityki Mi\u0119dzynarodowej w Kancelarii prezydenta \u2013 Marcin Przydacz podczas konferencji prasowej. Podkre\u015bli\u0142, \u017ce informacje o tak powa\u017cnym zagro\u017ceniu, jakie sugerowa\u0142 Tusk powinny w pierwszej kolejno\u015bci trafia\u0107 do najwa\u017cniejszych instytucji pa\u0144stwa.<\/p>\n\n\n\n<p>Na tym etapie nie dociera\u0142y do Pa\u0142acu \u017cadne tego typu informacje, czy to z resortu dyplomacji, ze s\u0142u\u017cb specjalnych, czy o\u015brodk\u00f3w analitycznych, m\u00f3wi\u0105ce o tym, \u017ce Polsce grozi wojna w perspektywie miesi\u0119cy \u2013 zaznaczy\u0142.<\/p>\n\n\n\n<p>Przydacz podkre\u015bli\u0142, \u017ce je\u015bli premier dysponuje takimi danymi, powinny one zosta\u0107 przekazane odpowiednim organom. W przeciwnym razie \u2013 jak sugerowa\u0142 \u2013 pojawia si\u0119 pytanie o zasadno\u015b\u0107 publicznych wypowiedzi.<\/p>\n\n\n\n<p>Je\u015bli premier (\u2026) m\u00f3wi publicznie, \u017ce Polsce i innym pa\u0144stwom Europy \u015arodkowej w perspektywie miesi\u0119cy grozi wojna, to w pierwszej kolejno\u015bci takie informacje powinny trafia\u0107 do Pa\u0142acu Prezydenckiego, je\u015bli s\u0105 one powa\u017cne \u2013 powiedzia\u0142.<\/p>\n\n\n\n<p>Szef Biura Polityki Mi\u0119dzynarodowej zasugerowa\u0142 r\u00f3wnie\u017c konieczno\u015b\u0107 dok\u0142adnego sprawdzenia motyw\u00f3w wypowiedzi szefa rz\u0105du.<\/p>\n\n\n\n<p>Czy to by\u0142o pod publik\u0119, aby wzm\u00f3c zainteresowanie swoj\u0105 osob\u0105, czy zacz\u0105\u0107 straszy\u0107 opini\u0119 publiczn\u0105, czy te\u017c s\u0105 jakie\u015b realne powody do tak daleko id\u0105cych twierdze\u0144 \u2013 zaznaczy\u0142.<\/p>\n\n\n\n<p>W jego ocenie tego typu komunikaty mog\u0105 wp\u0142ywa\u0107 na nastroje spo\u0142eczne i poczucie bezpiecze\u0144stwa obywateli.<\/p>\n\n\n\n<p>W tle tej wypowiedzi pojawia si\u0119 tak\u017ce kontekst relacji mi\u0119dzy rz\u0105dem a prezydentem oraz przep\u0142ywu informacji dotycz\u0105cych bezpiecze\u0144stwa pa\u0144stwa. Przydacz wyra\u017anie wskaza\u0142, \u017ce brak wcze\u015bniejszych sygna\u0142\u00f3w ze strony s\u0142u\u017cb czy dyplomacji stoi w sprzeczno\u015bci z alarmuj\u0105cym tonem wypowiedzi premiera.<\/p>\n\n\n\n<p>Pa\u0142ac reaguje ostro. B\u0119dzie raport po s\u0142owach Tuska<br>W konsekwencji ca\u0142ej sytuacji Pa\u0142ac Prezydencki zdecydowa\u0142 si\u0119 na formalne dzia\u0142ania. Marcin Przydacz poinformowa\u0142, \u017ce prezydent upowa\u017cni\u0142 go do wyst\u0105pienia o przygotowanie szczeg\u00f3\u0142owego raportu.<\/p>\n\n\n\n<p>Prezydent upowa\u017cni\u0142 mnie do wyst\u0105pienia do koordynatora s\u0142u\u017cb specjalnych o przedstawienie szerokiego raportu na temat tej sytuacji i podstaw twierdze\u0144 premiera \u2013 przekaza\u0142.<\/p>\n\n\n\n<p>Wypowiedzi Przydacza przybra\u0142y r\u00f3wnie\u017c ostrzejszy ton. Zasugerowa\u0142 on, \u017ce istniej\u0105 tylko dwie mo\u017cliwo\u015bci interpretacji dzia\u0142a\u0144 premiera.<\/p>\n\n\n\n<p>(Premier-red.) albo jest cz\u0142owiekiem niepowa\u017cnym, albo ukrywa informacje \u2013 stwierdzi\u0142.<\/p>\n\n\n\n<p>To jedna z najmocniejszych ocen, jakie pad\u0142y w tej sprawie ze strony przedstawiciela Pa\u0142acu Prezydenckiego.<\/p>\n\n\n\n<p>Jednocze\u015bnie zwr\u00f3cono uwag\u0119 na potencjalne skutki takich wypowiedzi dla relacji mi\u0119dzynarodowych. Przydacz podkre\u015bli\u0142, \u017ce podwa\u017canie zaufania do sojusznik\u00f3w mo\u017ce dzia\u0142a\u0107 na korzy\u015b\u0107 Rosji.<\/p>\n\n\n\n<p>Je\u015bli kto\u015b wychodzi i m\u00f3wi, \u017ce nie chce ufa\u0107 naszym kluczowym sojusznikom, tym samym podwa\u017caj\u0105c tre\u015b\u0107 Artyku\u0142u 5., to jest dok\u0142adnie to, czego oczekiwa\u0142aby Federacja Rosyjska \u2013 m\u00f3wi\u0142.<\/p>\n\n\n\n<p>Ca\u0142a sprawa pokazuje narastaj\u0105ce napi\u0119cia wok\u00f3\u0142 kwestii bezpiecze\u0144stwa oraz komunikacji mi\u0119dzy najwa\u017cniejszymi o\u015brodkami w\u0142adzy w Polsce. W centrum pozostaje pytanie, czy ostrze\u017cenia premiera wynikaj\u0105 z realnych przes\u0142anek, czy te\u017c maj\u0105 charakter polityczny. Odpowiedzi na to ma dostarczy\u0107 zapowiedziany raport s\u0142u\u017cb.<\/p>\n","protected":false},"excerpt":{"rendered":"<p>Wypowiedzi premiera Donalda Tuska o mo\u017cliwym zagro\u017ceniu wojennym w Europie wywo\u0142a\u0142y natychmiastow\u0105 i bardzo wyra\u017an\u0105 reakcj\u0119 Pa\u0142acu Prezydenckiego. Zapowiedziano przygotowanie szczeg\u00f3\u0142owego raportu s\u0142u\u017cb, kt\u00f3ry ma zweryfikowa\u0107 publiczne tezy szefa rz\u0105du. Od tych s\u0142\u00f3w wszystko si\u0119 zacz\u0119\u0142o. G\u0142o\u015bny wywiad TuskaPunktem zapalnym ca\u0142ej sprawy by\u0142 wywiad, kt\u00f3rego Donald Tusk udzieli\u0142 brytyjskiemu dziennikowi Financial Times. Premier odni\u00f3s\u0142 si\u0119 &#8230; <a title=\"Gor\u0105co wok\u00f3\u0142 Tuska. Jest reakcja Pa\u0142acu Prezydenckiego, \u017c\u0105daj\u0105 jednego\" class=\"read-more\" href=\"https:\/\/dobrezrodla.com\/?p=23720\" aria-label=\"Read more about Gor\u0105co wok\u00f3\u0142 Tuska. Jest reakcja Pa\u0142acu Prezydenckiego, \u017c\u0105daj\u0105 jednego\">Read more<\/a><\/p>\n","protected":false},"author":1,"featured_media":0,"comment_status":"open","ping_status":"open","sticky":false,"template":"","format":"standard","meta":{"footnotes":""},"categories":[1],"tags":[],"class_list":["post-23720","post","type-post","status-publish","format-standard","hentry","category-uncategorized"],"_links":{"self":[{"href":"https:\/\/dobrezrodla.com\/index.php?rest_route=\/wp\/v2\/posts\/23720","targetHints":{"allow":["GET"]}}],"collection":[{"href":"https:\/\/dobrezrodla.com\/index.php?rest_route=\/wp\/v2\/posts"}],"about":[{"href":"https:\/\/dobrezrodla.com\/index.php?rest_route=\/wp\/v2\/types\/post"}],"author":[{"embeddable":true,"href":"https:\/\/dobrezrodla.com\/index.php?rest_route=\/wp\/v2\/users\/1"}],"replies":[{"embeddable":true,"href":"https:\/\/dobrezrodla.com\/index.php?rest_route=%2Fwp%2Fv2%2Fcomments&post=23720"}],"version-history":[{"count":1,"href":"https:\/\/dobrezrodla.com\/index.php?rest_route=\/wp\/v2\/posts\/23720\/revisions"}],"predecessor-version":[{"id":23721,"href":"https:\/\/dobrezrodla.com\/index.php?rest_route=\/wp\/v2\/posts\/23720\/revisions\/23721"}],"wp:attachment":[{"href":"https:\/\/dobrezrodla.com\/index.php?rest_route=%2Fwp%2Fv2%2Fmedia&parent=23720"}],"wp:term":[{"taxonomy":"category","embeddable":true,"href":"https:\/\/dobrezrodla.com\/index.php?rest_route=%2Fwp%2Fv2%2Fcategories&post=23720"},{"taxonomy":"post_tag","embeddable":true,"href":"https:\/\/dobrezrodla.com\/index.php?rest_route=%2Fwp%2Fv2%2Ftags&post=23720"}],"curies":[{"name":"wp","href":"https:\/\/api.w.org\/{rel}","templated":true}]}}