{"id":23722,"date":"2026-04-28T19:15:11","date_gmt":"2026-04-28T19:15:11","guid":{"rendered":"https:\/\/dobrezrodla.com\/?p=23722"},"modified":"2026-04-28T19:15:12","modified_gmt":"2026-04-28T19:15:12","slug":"dziennikarze-wytropili-romanowskiego-w-budapeszcie-i-zapukali-do-jego-drzwi-tak-zareagowal","status":"publish","type":"post","link":"https:\/\/dobrezrodla.com\/?p=23722","title":{"rendered":"Dziennikarze \u201ewytropili\u201d Romanowskiego w Budapeszcie i zapukali do jego drzwi. Tak zareagowa\u0142"},"content":{"rendered":"\n<p>W\u0119gierski portal \u015bledczy Direkt36 zlokalizowa\u0142 w Budapeszcie pos\u0142a Marcina Romanowskiego, kt\u00f3ry jest \u015bcigany w Polsce w zwi\u0105zku z afer\u0105 Funduszu Sprawiedliwo\u015bci. Jak wynika z ustale\u0144 dziennikarzy, polityk wynajmuje lokal od osoby zatrudnionej we frakcji parlamentarnej rz\u0105dz\u0105cej partii Fidesz. Nagranie z pr\u00f3by konfrontacji z pos\u0142em opublikowano w sieci.<\/p>\n\n\n\n<p>Konfrontacja przed drzwiami w Budapeszcie<br>Reporterzy portalu Direkt36 odnale\u017ali Marcina Romanowskiego w Dzielnicy I w Budzie, historycznej cz\u0119\u015bci stolicy W\u0119gier. Na opublikowanym nagraniu wideo wida\u0107 moment, w kt\u00f3rym pose\u0142 otwiera drzwi do mieszkania, jednak po zorientowaniu si\u0119, \u017ce rozmawia z dziennikarzami, b\u0142yskawicznie je zamyka.<\/p>\n\n\n\n<p>Zapytany o swoj\u0105 to\u017csamo\u015b\u0107, Romanowski odpowiedzia\u0142 w j\u0119zyku angielskim:<\/p>\n\n\n\n<p>\u201cprzepraszam, nie wiem\u201d<\/p>\n\n\n\n<p>Unika\u0142 jakichkolwiek odpowiedzi na pytania dotycz\u0105ce jego pobytu.<\/p>\n\n\n\n<p>Zgodnie z dokumentacj\u0105, do kt\u00f3rej dotar\u0142 portal, polityk przebywa w tym miejscu od grudnia 2024 roku. Wcze\u015bniej w wyst\u0105pieniach medialnych pose\u0142 deklarowa\u0142, \u017ce nie zamierza u\u0142atwia\u0107 pracy polskim s\u0142u\u017cbom i nie ujawni swojego adresu.<\/p>\n\n\n\n<p>Powi\u0105zania w\u0142a\u015bciciela lokalu z parti\u0105 Orb\u00e1na<br>Wsp\u00f3\u0142w\u0142a\u015bcicielem nieruchomo\u015bci, w kt\u00f3rej zamieszka\u0142 Romanowski, jest Zsolt D\u00e1vid P\u00e1rkai, pracuj\u0105cy od wrze\u015bnia 2025 roku jako sekretarz osobisty we frakcji parlamentarnej Fideszu. P\u00e1rkai potwierdzi\u0142 w rozmowie z Direkt36, \u017ce polski polityk jest jego najemc\u0105 i samodzielnie pokrywa wszelkie wydatki zwi\u0105zane z lokalem.<\/p>\n\n\n\n<p>W\u0142a\u015bciciel przekonywa\u0142, \u017ce wynaj\u0119cie mieszkania nast\u0105pi\u0142o przed rozpocz\u0119ciem przez niego pracy dla partii Viktora Orb\u00e1na i mia\u0142o charakter komercyjny. Jednocze\u015bnie frakcja Fidesz w oficjalnym komunikacie odci\u0119\u0142a si\u0119 od sprawy, twierdz\u0105c, \u017ce jej lider nie nadzoruje prywatnych um\u00f3w najmu zawieranych przez pracownik\u00f3w pomocniczych.<\/p>\n\n\n\n<p>Drugim wsp\u00f3\u0142w\u0142a\u015bcicielem lokalu jest brat P\u00e1rkaia, za\u0142o\u017cyciel fundacji powi\u0105zanej z ministrem w kancelarii premiera W\u0119gier.<\/p>\n\n\n\n<p>ENA i zapowied\u017a cofni\u0119cia azylu politycznego<br>Marcin Romanowski jest poszukiwany w Polsce i obj\u0119ty Europejskim Nakazem Aresztowania, jednak na W\u0119grzech korzysta obecnie z ochrony w ramach azylu politycznego. Sytuacja ta mo\u017ce ulec zmianie po zapowiadanym obj\u0119ciu urz\u0119du premiera przez Petera Magyara, lidera partii TISZA.<\/p>\n\n\n\n<p>Magyar wielokrotnie zapowiada\u0142 publicznie, \u017ce po przej\u0119ciu w\u0142adzy cofnie azyl Romanowskiemu oraz Zbigniewowi Ziobrze, argumentuj\u0105c, \u017ce kraj nie mo\u017ce go\u015bci\u0107 os\u00f3b uciekaj\u0105cych przed wymiarem sprawiedliwo\u015bci.<\/p>\n\n\n\n<p>Zsolt D\u00e1vid P\u00e1rkai zadeklarowa\u0142, \u017ce w przypadku zmiany statusu prawnego najemcy na nielegalny, umowa najmu zostanie natychmiast rozwi\u0105zana. Obecnie Romanowski pozostaje w Budapeszcie, korzystaj\u0105c z go\u015bcinno\u015bci os\u00f3b bezpo\u015brednio zwi\u0105zanych z w\u0119gierskim aparatem w\u0142adzy.<\/p>\n","protected":false},"excerpt":{"rendered":"<p>W\u0119gierski portal \u015bledczy Direkt36 zlokalizowa\u0142 w Budapeszcie pos\u0142a Marcina Romanowskiego, kt\u00f3ry jest \u015bcigany w Polsce w zwi\u0105zku z afer\u0105 Funduszu Sprawiedliwo\u015bci. Jak wynika z ustale\u0144 dziennikarzy, polityk wynajmuje lokal od osoby zatrudnionej we frakcji parlamentarnej rz\u0105dz\u0105cej partii Fidesz. Nagranie z pr\u00f3by konfrontacji z pos\u0142em opublikowano w sieci. Konfrontacja przed drzwiami w BudapeszcieReporterzy portalu Direkt36 odnale\u017ali &#8230; <a title=\"Dziennikarze \u201ewytropili\u201d Romanowskiego w Budapeszcie i zapukali do jego drzwi. Tak zareagowa\u0142\" class=\"read-more\" href=\"https:\/\/dobrezrodla.com\/?p=23722\" aria-label=\"Read more about Dziennikarze \u201ewytropili\u201d Romanowskiego w Budapeszcie i zapukali do jego drzwi. Tak zareagowa\u0142\">Read more<\/a><\/p>\n","protected":false},"author":1,"featured_media":0,"comment_status":"open","ping_status":"open","sticky":false,"template":"","format":"standard","meta":{"footnotes":""},"categories":[1],"tags":[],"class_list":["post-23722","post","type-post","status-publish","format-standard","hentry","category-uncategorized"],"_links":{"self":[{"href":"https:\/\/dobrezrodla.com\/index.php?rest_route=\/wp\/v2\/posts\/23722","targetHints":{"allow":["GET"]}}],"collection":[{"href":"https:\/\/dobrezrodla.com\/index.php?rest_route=\/wp\/v2\/posts"}],"about":[{"href":"https:\/\/dobrezrodla.com\/index.php?rest_route=\/wp\/v2\/types\/post"}],"author":[{"embeddable":true,"href":"https:\/\/dobrezrodla.com\/index.php?rest_route=\/wp\/v2\/users\/1"}],"replies":[{"embeddable":true,"href":"https:\/\/dobrezrodla.com\/index.php?rest_route=%2Fwp%2Fv2%2Fcomments&post=23722"}],"version-history":[{"count":1,"href":"https:\/\/dobrezrodla.com\/index.php?rest_route=\/wp\/v2\/posts\/23722\/revisions"}],"predecessor-version":[{"id":23723,"href":"https:\/\/dobrezrodla.com\/index.php?rest_route=\/wp\/v2\/posts\/23722\/revisions\/23723"}],"wp:attachment":[{"href":"https:\/\/dobrezrodla.com\/index.php?rest_route=%2Fwp%2Fv2%2Fmedia&parent=23722"}],"wp:term":[{"taxonomy":"category","embeddable":true,"href":"https:\/\/dobrezrodla.com\/index.php?rest_route=%2Fwp%2Fv2%2Fcategories&post=23722"},{"taxonomy":"post_tag","embeddable":true,"href":"https:\/\/dobrezrodla.com\/index.php?rest_route=%2Fwp%2Fv2%2Ftags&post=23722"}],"curies":[{"name":"wp","href":"https:\/\/api.w.org\/{rel}","templated":true}]}}