{"id":23724,"date":"2026-04-28T19:15:30","date_gmt":"2026-04-28T19:15:30","guid":{"rendered":"https:\/\/dobrezrodla.com\/?p=23724"},"modified":"2026-04-28T19:15:30","modified_gmt":"2026-04-28T19:15:30","slug":"pilny-komunikat-nawrockiego-po-uwolnieniu-poczobuta-zdecydowal-sie-na-nietypowy-gest","status":"publish","type":"post","link":"https:\/\/dobrezrodla.com\/?p=23724","title":{"rendered":"Pilny komunikat Nawrockiego po uwolnieniu Poczobuta. Zdecydowa\u0142 si\u0119 na nietypowy gest"},"content":{"rendered":"\n<p>Prezydent Karol Nawrocki skomentowa\u0142 uwolnienie Andrzeja Poczobuta i zaprosi\u0142 go do odebrania Orderu Or\u0142a Bia\u0142ego. Do sprawy odni\u00f3s\u0142 si\u0119 podczas wizyty w Chorwacji, ujawniaj\u0105c kulisy dzia\u0142a\u0144 dyplomatycznych. Wskaza\u0142 te\u017c, \u017ce w proces zaanga\u017cowany by\u0142 m.in. prezydent USA Donald Trump.<\/p>\n\n\n\n<p>Uwolnienie Andrzeja Poczobuta. Reakcja prezydenta Nawrockiego<br>Informacja o zako\u0144czeniu procesu uwolnienia Andrzeja Poczobuta pojawi\u0142a si\u0119 po d\u0142ugim okresie niepewno\u015bci i licznych apeli o jego wypuszczenie na wolno\u015b\u0107. Sprawa dziennikarza i dzia\u0142acza mniejszo\u015bci polskiej przez wiele miesi\u0119cy by\u0142a jednym z najg\u0142o\u015bniejszych temat\u00f3w w relacjach Polski z Bia\u0142orusi\u0105. Poczobut pozostawa\u0142 symbolem walki o prawa obywatelskie i wolno\u015b\u0107 s\u0142owa w kraju rz\u0105dzonym przez re\u017cim Alaksandra \u0141ukaszenki.<\/p>\n\n\n\n<p>Prezydent Karol Nawrocki odni\u00f3s\u0142 si\u0119 do tej sprawy podczas wizyty w Chorwacji, podkre\u015blaj\u0105c wag\u0119 ca\u0142ego procesu oraz jego d\u0142ugotrwa\u0142y charakter. Zwr\u00f3ci\u0142 uwag\u0119, \u017ce zako\u0144czenie tej sprawy to efekt wielomiesi\u0119cznych dzia\u0142a\u0144 i rozm\u00f3w prowadzonych na r\u00f3\u017cnych poziomach dyplomatycznych. W swoim wyst\u0105pieniu zaakcentowa\u0142 tak\u017ce, jak du\u017ce znaczenie ma postawa samego Poczobuta.<\/p>\n\n\n\n<p>\u2013 Andrzej Poczobut jest uwolniony przez re\u017cim \u0141ukaszenki. To cz\u0142owiek, kt\u00f3ry dowi\u00f3d\u0142 tego, jak mocna jest polsko\u015b\u0107, przywi\u0105zanie do polskich warto\u015bci \u2013 powiedzia\u0142 prezydent Karol Nawrocki podczas wizyty w Chorwacji.<\/p>\n\n\n\n<p>Wypowied\u017a ta jasno pokazuje, \u017ce w ocenie g\u0142owy pa\u0144stwa postawa dziennikarza wykracza poza zwyk\u0142\u0105 dzia\u0142alno\u015b\u0107 medialn\u0105 i ma wymiar symboliczny dla ca\u0142ej wsp\u00f3lnoty narodowej.<\/p>\n\n\n\n<p>Pilny komunikat Nawrockiego po uwolnieniu Poczobuta. Zdecydowa\u0142 si\u0119 na nietypowy gest<br>Karol Nawrocki, fot. East News<br>Kulisy uwolnienia Poczobuta. Rozmowy z Trumpem i dzia\u0142ania Polski<br>Prezydent ujawni\u0142 r\u00f3wnie\u017c, \u017ce dzia\u0142ania na rzecz uwolnienia Poczobuta rozpocz\u0119\u0142y si\u0119 ju\u017c we wrze\u015bniu 2025 roku. Wskaza\u0142 przy tym na istotn\u0105 rol\u0119 kontakt\u00f3w mi\u0119dzynarodowych, kt\u00f3re mia\u0142y wzmocni\u0107 starania strony polskiej. Szczeg\u00f3lnie wa\u017cnym elementem by\u0142y rozmowy z prezydentem Stan\u00f3w Zjednoczonych.<\/p>\n\n\n\n<p>\u2013 Jako nowo zaprzysi\u0119\u017cony prezydent Polski zwr\u00f3ci\u0142em si\u0119 do prezydenta Trumpa, aby nie zapomnia\u0142 o Polaku, kt\u00f3ry jest w wi\u0119zieniu \u2013 powiedzia\u0142 Karol Nawrocki.<\/p>\n\n\n\n<p>Jak wynika z jego s\u0142\u00f3w, wsparcie ze strony ameryka\u0144skiej administracji by\u0142o jednym z czynnik\u00f3w, kt\u00f3re wp\u0142yn\u0119\u0142y na rozw\u00f3j sytuacji. Sam proces uwolnienia okre\u015bli\u0142 jako bardzo d\u0142ugi, co sugeruje, \u017ce negocjacje i naciski dyplomatyczne trwa\u0142y miesi\u0105cami i wymaga\u0142y zaanga\u017cowania wielu stron.<\/p>\n\n\n\n<p>Przypomniano r\u00f3wnie\u017c, \u017ce Poczobut przez lata by\u0142 prze\u015bladowany przez bia\u0142oruskie w\u0142adze. Zarzucano mu m.in. \u201erehabilitacj\u0119 nazizmu\u201d, co mia\u0142o wynika\u0107 z jego dzia\u0142alno\u015bci publicystycznej i piel\u0119gnowania polskiej to\u017csamo\u015bci. By\u0142 przetrzymywany w aresztach w \u017bodzinie, Mi\u0144sku oraz Grodnie, a w lutym 2023 roku skazano go na osiem lat kolonii karnej o zaostrzonym rygorze. Organizacje praw cz\u0142owieka uzna\u0142y go za wi\u0119\u017ania politycznego, a polskie w\u0142adze konsekwentnie domaga\u0142y si\u0119 jego uwolnienia.<\/p>\n\n\n\n<p>Order Or\u0142a Bia\u0142ego dla Poczobuta. Zaproszenie od prezydenta<br>Najbardziej zaskakuj\u0105cym elementem wyst\u0105pienia prezydenta by\u0142a jednak zapowied\u017a zwi\u0105zana z pa\u0144stwowym odznaczeniem. Karol Nawrocki przypomnia\u0142, \u017ce Andrzej Poczobut ju\u017c wcze\u015bniej zosta\u0142 uhonorowany Orderem Or\u0142a Bia\u0142ego, czyli najwy\u017cszym odznaczeniem w Polsce.<\/p>\n\n\n\n<p>\u2013 Zapraszam pana Andrzeja do odbioru Orderu Or\u0142a Bia\u0142ego po ca\u0142ym procesie adaptacji \u2013 powiedzia\u0142 prezydent.<\/p>\n\n\n\n<p>Ten gest ma nie tylko wymiar symboliczny, ale tak\u017ce osobisty. Prezydent podkre\u015bli\u0142, \u017ce Poczobut zap\u0142aci\u0142 wysok\u0105 cen\u0119 za swoj\u0105 dzia\u0142alno\u015b\u0107 w warunkach re\u017cimu, co dodatkowo wzmacnia znaczenie tego wyr\u00f3\u017cnienia. Zaproszenie do osobistego odebrania orderu mo\u017cna odczytywa\u0107 jako form\u0119 uhonorowania jego wytrwa\u0142o\u015bci oraz podkre\u015blenie znaczenia jego postawy dla Polski.<\/p>\n\n\n\n<p>Warto przypomnie\u0107, \u017ce Andrzej Poczobut to do\u015bwiadczony dziennikarz, od lat zwi\u0105zany zar\u00f3wno z mediami bia\u0142oruskimi, jak i polskimi, w tym \u201eGazet\u0105 Wyborcz\u0105\u201d oraz TVP Polonia. Urodzony w 1973 roku w obwodzie grodzie\u0144skim, przez lata relacjonowa\u0142 sytuacj\u0119 polityczn\u0105 na Bia\u0142orusi, cz\u0119sto krytykuj\u0105c dzia\u0142ania w\u0142adz. Ju\u017c wcze\u015bniej spotyka\u0142y go za to represje, w tym wyroki s\u0105dowe.<\/p>\n\n\n\n<p>Dodatkowo w grudniu 2025 roku zosta\u0142 laureatem Nagrody im. Andrieja Sacharowa, przyznawanej przez Parlament Europejski za dzia\u0142ania na rzecz praw cz\u0142owieka. W jego imieniu wyr\u00f3\u017cnienie odebra\u0142a c\u00f3rka Jana.<\/p>\n\n\n\n<p>KONIECZNIE OBEJRZYJ. BY\u0141Y ZNANY SIATKARZ O UPADKACH, DEPRESJI I DEMONACH PRZESZ\u0141O\u015aCI<\/p>\n","protected":false},"excerpt":{"rendered":"<p>Prezydent Karol Nawrocki skomentowa\u0142 uwolnienie Andrzeja Poczobuta i zaprosi\u0142 go do odebrania Orderu Or\u0142a Bia\u0142ego. Do sprawy odni\u00f3s\u0142 si\u0119 podczas wizyty w Chorwacji, ujawniaj\u0105c kulisy dzia\u0142a\u0144 dyplomatycznych. Wskaza\u0142 te\u017c, \u017ce w proces zaanga\u017cowany by\u0142 m.in. prezydent USA Donald Trump. Uwolnienie Andrzeja Poczobuta. Reakcja prezydenta NawrockiegoInformacja o zako\u0144czeniu procesu uwolnienia Andrzeja Poczobuta pojawi\u0142a si\u0119 po d\u0142ugim &#8230; <a title=\"Pilny komunikat Nawrockiego po uwolnieniu Poczobuta. Zdecydowa\u0142 si\u0119 na nietypowy gest\" class=\"read-more\" href=\"https:\/\/dobrezrodla.com\/?p=23724\" aria-label=\"Read more about Pilny komunikat Nawrockiego po uwolnieniu Poczobuta. Zdecydowa\u0142 si\u0119 na nietypowy gest\">Read more<\/a><\/p>\n","protected":false},"author":1,"featured_media":0,"comment_status":"open","ping_status":"open","sticky":false,"template":"","format":"standard","meta":{"footnotes":""},"categories":[1],"tags":[],"class_list":["post-23724","post","type-post","status-publish","format-standard","hentry","category-uncategorized"],"_links":{"self":[{"href":"https:\/\/dobrezrodla.com\/index.php?rest_route=\/wp\/v2\/posts\/23724","targetHints":{"allow":["GET"]}}],"collection":[{"href":"https:\/\/dobrezrodla.com\/index.php?rest_route=\/wp\/v2\/posts"}],"about":[{"href":"https:\/\/dobrezrodla.com\/index.php?rest_route=\/wp\/v2\/types\/post"}],"author":[{"embeddable":true,"href":"https:\/\/dobrezrodla.com\/index.php?rest_route=\/wp\/v2\/users\/1"}],"replies":[{"embeddable":true,"href":"https:\/\/dobrezrodla.com\/index.php?rest_route=%2Fwp%2Fv2%2Fcomments&post=23724"}],"version-history":[{"count":1,"href":"https:\/\/dobrezrodla.com\/index.php?rest_route=\/wp\/v2\/posts\/23724\/revisions"}],"predecessor-version":[{"id":23725,"href":"https:\/\/dobrezrodla.com\/index.php?rest_route=\/wp\/v2\/posts\/23724\/revisions\/23725"}],"wp:attachment":[{"href":"https:\/\/dobrezrodla.com\/index.php?rest_route=%2Fwp%2Fv2%2Fmedia&parent=23724"}],"wp:term":[{"taxonomy":"category","embeddable":true,"href":"https:\/\/dobrezrodla.com\/index.php?rest_route=%2Fwp%2Fv2%2Fcategories&post=23724"},{"taxonomy":"post_tag","embeddable":true,"href":"https:\/\/dobrezrodla.com\/index.php?rest_route=%2Fwp%2Fv2%2Ftags&post=23724"}],"curies":[{"name":"wp","href":"https:\/\/api.w.org\/{rel}","templated":true}]}}