{"id":23730,"date":"2026-04-28T19:18:25","date_gmt":"2026-04-28T19:18:25","guid":{"rendered":"https:\/\/dobrezrodla.com\/?p=23730"},"modified":"2026-04-28T19:18:26","modified_gmt":"2026-04-28T19:18:26","slug":"kwasniewski-ostro-o-dzialaniach-nawrockiego-nie-przebieral-w-slowach","status":"publish","type":"post","link":"https:\/\/dobrezrodla.com\/?p=23730","title":{"rendered":"Kwa\u015bniewski ostro o dzia\u0142aniach Nawrockiego. Nie przebiera\u0142 w s\u0142owach"},"content":{"rendered":"\n<p>Aleksander Kwa\u015bniewski w programie \u201eDidaskalia\u201d ostro skrytykowa\u0142 dzia\u0142ania prezydenta Karola Nawrockiego. Zarzuci\u0142 mu \u015bwiadome wychodzenie poza konstytucj\u0119 i pr\u00f3b\u0119 wzmacniania swojej pozycji. By\u0142y prezydent wskaza\u0142 te\u017c, \u017ce celem tych dzia\u0142a\u0144 mo\u017ce by\u0107 doprowadzenie do zmiany uk\u0142adu w\u0142adzy po wyborach w 2027 roku.<\/p>\n\n\n\n<p>Rola prezydenta a konstytucja \u2013 narastaj\u0105cy sp\u00f3r<br>Wypowiedzi Aleksandra Kwa\u015bniewskiego pojawi\u0142y si\u0119 w szczeg\u00f3lnym momencie, gdy coraz cz\u0119\u015bciej wraca temat roli g\u0142owy pa\u0144stwa w polskim systemie politycznym. By\u0142y prezydent, kt\u00f3ry wsp\u00f3\u0142tworzy\u0142 obowi\u0105zuj\u0105c\u0105 ustaw\u0119 zasadnicz\u0105, zwr\u00f3ci\u0142 uwag\u0119, \u017ce jej zapisy powinny by\u0107 dobrze znane i respektowane, zw\u0142aszcza przez osoby pe\u0142ni\u0105ce najwy\u017csze funkcje w pa\u0144stwie.<\/p>\n\n\n\n<p>W jego ocenie obecna praktyka polityczna budzi powa\u017cne w\u0105tpliwo\u015bci. Kwa\u015bniewski zasugerowa\u0142, \u017ce dzia\u0142ania podejmowane przez Karola Nawrockiego wykraczaj\u0105 poza standardow\u0105 interpretacj\u0119 kompetencji prezydenta. W tle tych uwag pojawia si\u0119 szerszy problem napi\u0119cia mi\u0119dzy w\u0142adz\u0105 wykonawcz\u0105 a rz\u0105dem, kt\u00f3ry \u2013 jak wskazywa\u0142 by\u0142y prezydent \u2013 mo\u017ce prowadzi\u0107 do instytucjonalnego impasu.<\/p>\n\n\n\n<p>Jednocze\u015bnie rozmowa dotyka\u0142a kwestii przysz\u0142o\u015bci ustroju Polski. W przestrzeni publicznej coraz cz\u0119\u015bciej pojawiaj\u0105 si\u0119 pomys\u0142y przej\u015bcia na system prezydencki lub kanclerski, jednak \u2013 jak zaznaczy\u0142 Kwa\u015bniewski \u2013 obecne realia polityczne nie sprzyjaj\u0105 takim zmianom. Silna polaryzacja spo\u0142ecze\u0144stwa sprawia, \u017ce osi\u0105gni\u0119cie wymaganej wi\u0119kszo\u015bci konstytucyjnej wydaje si\u0119 praktycznie niemo\u017cliwe.<\/p>\n\n\n\n<p>Kwa\u015bniewski ostro o dzia\u0142aniach Nawrockiego. Nie przebiera\u0142 w s\u0142owach<br>Aleksander Kwa\u015bniewski, fot. East News<br>Kwa\u015bniewski oskar\u017ca Nawrockiego o \u0142amanie konstytucji i plan na 2027<br>Najmocniejsze s\u0142owa pad\u0142y jednak wprost pod adresem urz\u0119duj\u0105cego prezydenta.<\/p>\n\n\n\n<p>\u2013 Zrozumienie, o co chodzi Karolowi Nawrockiemu, nie stanowi problemu. On uwa\u017ca, \u017ce w Polsce powinien by\u0107 system prezydencki, ale go nie ma. W zwi\u0105zku z tym przez fakty rozpycha swoj\u0105 pozycj\u0119, co jest niezgodne z konstytucj\u0105 \u2013 argumentowa\u0142 Aleksander Kwa\u015bniewski w programie \u201eDidaskalia\u201d.<\/p>\n\n\n\n<p>By\u0142y prezydent wskaza\u0142 tak\u017ce konkretny przyk\u0142ad, kt\u00f3ry jego zdaniem ma potwierdza\u0107 tez\u0119 o przekraczaniu uprawnie\u0144.<\/p>\n\n\n\n<p>\u2013 Ten przypadek nieprzyj\u0119cia \u015blubowania od sze\u015bciu prawid\u0142owo wybranych s\u0119dzi\u00f3w Trybuna\u0142u Konstytucyjnego to jest dow\u00f3d bezdyskusyjny. Nie ma o czym rozmawia\u0107 \u2013 m\u00f3wi\u0142 Kwa\u015bniewski w trakcie rozmowy.<\/p>\n\n\n\n<p>W jego ocenie dzia\u0142ania g\u0142owy pa\u0144stwa nie s\u0105 przypadkowe, lecz wpisuj\u0105 si\u0119 w szerszy plan polityczny.<\/p>\n\n\n\n<p>\u2013 Karol Nawrocki chce doprowadzi\u0107 do upadku, i to takiego twardego, osobi\u015bcie Donalda Tuska i rz\u0105du Koalicji Demokratycznej. Chce, \u017ceby w 2027 roku partie prawicowe wygra\u0142y te wybory \u2013 ostrzega\u0142 by\u0142y prezydent w programie WP.<\/p>\n\n\n\n<p>Doda\u0142 przy tym, \u017ce prezydent ma ambicj\u0119 odegra\u0107 kluczow\u0105 rol\u0119 po ewentualnym zwyci\u0119stwie prawicy.<\/p>\n\n\n\n<p>\u2013 On chce by\u0107 akuszerem tego nowego uk\u0142adu rz\u0105dowego, chce by\u0107 autorem osoby premiera. Je\u017celi prawica by wygra\u0142a, b\u0119dzie mia\u0142 do tego tytu\u0142, poniewa\u017c pierwszy ruch po wyborach nale\u017cy do prezydenta \u2013 wyja\u015bnia\u0142 Kwa\u015bniewski.<\/p>\n\n\n\n<p>Propozycje zmian: jedna kadencja prezydenta i wy\u017cszy wiek kandydat\u00f3w<br>W dalszej cz\u0119\u015bci rozmowy by\u0142y prezydent odni\u00f3s\u0142 si\u0119 do mo\u017cliwych rozwi\u0105za\u0144 obecnego impasu. Jego zdaniem zamiast dora\u017anych spor\u00f3w politycznych potrzebna jest g\u0142\u0119bsza refleksja nad funkcjonowaniem systemu. W tym celu zaproponowa\u0142 powo\u0142anie specjalnej komisji sejmowej, kt\u00f3ra zaj\u0119\u0142aby si\u0119 analiz\u0105 i przygotowaniem ewentualnych zmian konstytucyjnych.<\/p>\n\n\n\n<p>Kwa\u015bniewski podkre\u015bli\u0142, \u017ce zmiany powinny by\u0107 zaprojektowane w taki spos\u00f3b, aby nie s\u0142u\u017cy\u0142y bie\u017c\u0105cym interesom politycznym. Dlatego postulowa\u0142, by nowe rozwi\u0105zania zacz\u0119\u0142y obowi\u0105zywa\u0107 dopiero w kolejnej kadencji. W\u015br\u00f3d konkretnych propozycji pojawi\u0142a si\u0119 koncepcja jednej, wyd\u0142u\u017conej kadencji prezydenckiej.<\/p>\n\n\n\n<p>\u2013 Ograniczamy kadencj\u0119 prezydenck\u0105 do jednej. Prezydent przestaje my\u015ble\u0107 o reelekcji, co uwalnia go od wielu dzia\u0142a\u0144 czysto politycznych. Kadencj\u0119 wyd\u0142u\u017camy do sze\u015bciu, maksimum siedmiu lat \u2013 proponowa\u0142 Aleksander Kwa\u015bniewski w programie.<\/p>\n\n\n\n<p>Dodatkowo by\u0142y prezydent zasugerowa\u0142 podniesienie minimalnego wieku kandydat\u00f3w na ten urz\u0105d.<\/p>\n\n\n\n<p>\u2013 Chodzi\u0142oby o znalezienie kandydat\u00f3w, kt\u00f3rzy raczej finalizuj\u0105 swoj\u0105 drog\u0119 polityczn\u0105, ni\u017c traktuj\u0105 urz\u0105d jako trampolin\u0119 \u2013 podsumowa\u0142 wsp\u00f3\u0142autor konstytucji w trakcie rozmowy.<\/p>\n\n\n\n<p>KONIECZNIE OBEJRZYJ. BY\u0141Y ZNANY SIATKARZ O UPADKACH, DEPRESJI I DEMONACH PRZESZ\u0141O\u015aCI<\/p>\n","protected":false},"excerpt":{"rendered":"<p>Aleksander Kwa\u015bniewski w programie \u201eDidaskalia\u201d ostro skrytykowa\u0142 dzia\u0142ania prezydenta Karola Nawrockiego. Zarzuci\u0142 mu \u015bwiadome wychodzenie poza konstytucj\u0119 i pr\u00f3b\u0119 wzmacniania swojej pozycji. By\u0142y prezydent wskaza\u0142 te\u017c, \u017ce celem tych dzia\u0142a\u0144 mo\u017ce by\u0107 doprowadzenie do zmiany uk\u0142adu w\u0142adzy po wyborach w 2027 roku. Rola prezydenta a konstytucja \u2013 narastaj\u0105cy sp\u00f3rWypowiedzi Aleksandra Kwa\u015bniewskiego pojawi\u0142y si\u0119 w szczeg\u00f3lnym &#8230; <a title=\"Kwa\u015bniewski ostro o dzia\u0142aniach Nawrockiego. Nie przebiera\u0142 w s\u0142owach\" class=\"read-more\" href=\"https:\/\/dobrezrodla.com\/?p=23730\" aria-label=\"Read more about Kwa\u015bniewski ostro o dzia\u0142aniach Nawrockiego. Nie przebiera\u0142 w s\u0142owach\">Read more<\/a><\/p>\n","protected":false},"author":1,"featured_media":0,"comment_status":"open","ping_status":"open","sticky":false,"template":"","format":"standard","meta":{"footnotes":""},"categories":[1],"tags":[],"class_list":["post-23730","post","type-post","status-publish","format-standard","hentry","category-uncategorized"],"_links":{"self":[{"href":"https:\/\/dobrezrodla.com\/index.php?rest_route=\/wp\/v2\/posts\/23730","targetHints":{"allow":["GET"]}}],"collection":[{"href":"https:\/\/dobrezrodla.com\/index.php?rest_route=\/wp\/v2\/posts"}],"about":[{"href":"https:\/\/dobrezrodla.com\/index.php?rest_route=\/wp\/v2\/types\/post"}],"author":[{"embeddable":true,"href":"https:\/\/dobrezrodla.com\/index.php?rest_route=\/wp\/v2\/users\/1"}],"replies":[{"embeddable":true,"href":"https:\/\/dobrezrodla.com\/index.php?rest_route=%2Fwp%2Fv2%2Fcomments&post=23730"}],"version-history":[{"count":1,"href":"https:\/\/dobrezrodla.com\/index.php?rest_route=\/wp\/v2\/posts\/23730\/revisions"}],"predecessor-version":[{"id":23731,"href":"https:\/\/dobrezrodla.com\/index.php?rest_route=\/wp\/v2\/posts\/23730\/revisions\/23731"}],"wp:attachment":[{"href":"https:\/\/dobrezrodla.com\/index.php?rest_route=%2Fwp%2Fv2%2Fmedia&parent=23730"}],"wp:term":[{"taxonomy":"category","embeddable":true,"href":"https:\/\/dobrezrodla.com\/index.php?rest_route=%2Fwp%2Fv2%2Fcategories&post=23730"},{"taxonomy":"post_tag","embeddable":true,"href":"https:\/\/dobrezrodla.com\/index.php?rest_route=%2Fwp%2Fv2%2Ftags&post=23730"}],"curies":[{"name":"wp","href":"https:\/\/api.w.org\/{rel}","templated":true}]}}