{"id":23734,"date":"2026-04-28T19:19:59","date_gmt":"2026-04-28T19:19:59","guid":{"rendered":"https:\/\/dobrezrodla.com\/?p=23734"},"modified":"2026-04-28T19:19:59","modified_gmt":"2026-04-28T19:19:59","slug":"ziobro-wsciekly-po-decyzji-parlamentu-europejskiego-padly-ostre-slowa","status":"publish","type":"post","link":"https:\/\/dobrezrodla.com\/?p=23734","title":{"rendered":"Ziobro w\u015bciek\u0142y po decyzji Parlamentu Europejskiego. Pad\u0142y ostre s\u0142owa"},"content":{"rendered":"\n<p>Parlament Europejski uchyli\u0142 immunitety czterech polskich europos\u0142\u00f3w: Daniela Obajtka, Patryka Jakiego, Grzegorza Brauna i Tomasza Buczka. Decyzje dotycz\u0105 konkretnych post\u0119powa\u0144 karnych prowadzonych w Polsce wobec ka\u017cdego z nich. Najostrzej zareagowa\u0142 Zbigniew Ziobro, kt\u00f3ry skrytykowa\u0142 przede wszystkim spraw\u0119 Obajtka. W swoim wpisie na platformie X zarzuci\u0142 instytucjom europejskim i krajowym stronniczo\u015b\u0107 i podw\u00f3jne standardy.<\/p>\n\n\n\n<p>Decyzja Parlamentu Europejskiego o uchyleniu immunitet\u00f3w europos\u0142\u00f3w<br>Parlament Europejski zdecydowa\u0142 o uchyleniu immunitet\u00f3w czterem polskim europos\u0142om, co otwiera drog\u0119 do dalszych dzia\u0142a\u0144 organ\u00f3w \u015bcigania w kraju. Ka\u017cda z tych decyzji ma zwi\u0105zek z odr\u0119bnymi post\u0119powaniami karnymi, kt\u00f3re tocz\u0105 si\u0119 w Polsce i dotycz\u0105 r\u00f3\u017cnych w\u0105tk\u00f3w prawnych. W praktyce oznacza to, \u017ce sprawy te mog\u0105 teraz by\u0107 procedowane bez ogranicze\u0144 wynikaj\u0105cych z ochrony immunitetowej.<\/p>\n\n\n\n<p>W centrum uwagi znalaz\u0142 si\u0119 jednak przede wszystkim przypadek Daniela Obajtka, by\u0142ego prezesa Orlenu. To w\u0142a\u015bnie jego sprawa sta\u0142a si\u0119 punktem zapalnym w szerszej dyskusji politycznej, kt\u00f3ra szybko przenios\u0142a si\u0119 do przestrzeni publicznej.<\/p>\n\n\n\n<p>Decyzja PE zosta\u0142a odebrana przez cz\u0119\u015b\u0107 \u015brodowisk politycznych jako element szerszego sporu o granice odpowiedzialno\u015bci i wolno\u015bci dzia\u0142a\u0144 europos\u0142\u00f3w.<\/p>\n\n\n\n<p>Ziobro w\u015bciek\u0142y po decyzji Parlamentu Europejskiego. Pad\u0142y ostre s\u0142owa<br>Zbigniew Ziobro, fot. ANDRZEJ IWANCZUK\/REPORTER\/East News<br>Zbigniew Ziobro ostro komentuje decyzj\u0119 PE i atakuje prokuratur\u0119<br>Najmocniej decyzj\u0119 Parlamentu Europejskiego skomentowa\u0142 Zbigniew Ziobro, kt\u00f3ry odni\u00f3s\u0142 si\u0119 przede wszystkim do sprawy Daniela Obajtka. W swoim wpisie na platformie X u\u017cy\u0142 bardzo mocnych sformu\u0142owa\u0144, krytykuj\u0105c zar\u00f3wno unijne instytucje, jak i dzia\u0142ania prokuratury.<\/p>\n\n\n\n<p>\u2013 Lewacki Parlament Europejski pozwala wtr\u0105ca\u0107 do wi\u0119zie\u0144 obro\u0144c\u00f3w uczu\u0107 religijnych katolik\u00f3w. Uchylili immunitet europos\u0142owi, by\u0142emu prezesowi Orlenu Danielowi Obajtkowi za to, \u017ce wycofa\u0142 ze stacji paliwowych obrzydliwe, obrazoburcze wydanie tygodnika &#8216;Nie&#8217; &#8211; brukowca stworzonego przez Urbana do atakowania wiary i polskiego patriotyzmu \u2013 pisa\u0142 Zbigniew Ziobro na platformie X.<\/p>\n\n\n\n<p>W dalszej cz\u0119\u015bci wpisu odni\u00f3s\u0142 si\u0119 r\u00f3wnie\u017c do dzia\u0142a\u0144 prokuratury, podkre\u015blaj\u0105c sw\u00f3j sprzeciw wobec kierunku prowadzonych post\u0119powa\u0144.<\/p>\n\n\n\n<p>\u2013 Prokuratura Tuska zamiast \u015bciga\u0107 autor\u00f3w obrzydliwego tekstu &#8211; bo Kodeks karny uznaje za przest\u0119pstwo zniewa\u017canie uczu\u0107 religijnych os\u00f3b wierz\u0105cych &#8211; chce ukara\u0107 Obajtka za\u2026 z\u0142amanie prawa prasowego \u2013 doda\u0142 by\u0142y minister.<\/p>\n\n\n\n<p>Ziobro nie ograniczy\u0142 si\u0119 jednak tylko do jednej sprawy. W swoim komentarzu rozszerzy\u0142 krytyk\u0119 na szerszy kontekst dzia\u0142a\u0144 instytucji europejskich i krajowych.<\/p>\n\n\n\n<p>\u2013 Ta sama prokuratura Tuska broni urbanowskiego szlamu, kt\u00f3ry ha\u0144bi pami\u0119\u0107 papie\u017ca Jana Paw\u0142a II, ale pozwala publicznie wzywa\u0107 do nienawi\u015bci i pogardy wobec katolik\u00f3w \u2013 o\u015bwiadczy\u0142 polityk.<\/p>\n\n\n\n<p>Lewacki Parlament Europejski pozwala wtr\u0105ca\u0107 do wi\u0119zie\u0144 obro\u0144c\u00f3w uczu\u0107 religijnych katolik\u00f3w. Uchylili immunitet europos\u0142owi, by\u0142emu prezesowi Orlenu @DanielObajtek za to, \u017ce wycofa\u0142 ze stacji paliwowych obrzydliwe, obrazoburcze wydanie tygodnika \u201eNie\u201d \u2013 brukowca stworzonego\u2026<\/p>\n\n\n\n<p>\u2014 Zbigniew Ziobro | SP (@ZiobroPL) April 28, 2026<br>Sprawa Daniela Obajtka i t\u0142o blokady dystrybucji tygodnika \u201eNIE\u201d<br>W przypadku Daniela Obajtka sprawa, kt\u00f3ra sta\u0142a si\u0119 przedmiotem post\u0119powania, dotyczy jego decyzji jako prezesa Orlenu. Chodzi o dzia\u0142ania zwi\u0105zane z blokowaniem dystrybucji na stacjach paliw nale\u017c\u0105cych do sp\u00f3\u0142ki jednego z numer\u00f3w tygodnika \u201eNIE\u201d. Powodem by\u0142a kontrowersyjna ok\u0142adka przedstawiaj\u0105ca papie\u017ca Jana Paw\u0142a II w spos\u00f3b uznany przez cz\u0119\u015b\u0107 opinii publicznej za obra\u017aliwy.<\/p>\n\n\n\n<p>W polskim porz\u0105dku prawnym istniej\u0105 przepisy dotycz\u0105ce swobody kolporta\u017cu prasy, kt\u00f3re co do zasady zakazuj\u0105 ograniczania dystrybucji ze wzgl\u0119du na tre\u015b\u0107 publikacji. W\u0142a\u015bnie na tle tych regulacji pojawi\u0142y si\u0119 zarzuty wobec by\u0142ego prezesa Orlenu, kt\u00f3re teraz mog\u0105 by\u0107 dalej procedowane po decyzji Parlamentu Europejskiego.<\/p>\n\n\n\n<p><\/p>\n","protected":false},"excerpt":{"rendered":"<p>Parlament Europejski uchyli\u0142 immunitety czterech polskich europos\u0142\u00f3w: Daniela Obajtka, Patryka Jakiego, Grzegorza Brauna i Tomasza Buczka. Decyzje dotycz\u0105 konkretnych post\u0119powa\u0144 karnych prowadzonych w Polsce wobec ka\u017cdego z nich. Najostrzej zareagowa\u0142 Zbigniew Ziobro, kt\u00f3ry skrytykowa\u0142 przede wszystkim spraw\u0119 Obajtka. W swoim wpisie na platformie X zarzuci\u0142 instytucjom europejskim i krajowym stronniczo\u015b\u0107 i podw\u00f3jne standardy. Decyzja Parlamentu &#8230; <a title=\"Ziobro w\u015bciek\u0142y po decyzji Parlamentu Europejskiego. Pad\u0142y ostre s\u0142owa\" class=\"read-more\" href=\"https:\/\/dobrezrodla.com\/?p=23734\" aria-label=\"Read more about Ziobro w\u015bciek\u0142y po decyzji Parlamentu Europejskiego. Pad\u0142y ostre s\u0142owa\">Read more<\/a><\/p>\n","protected":false},"author":1,"featured_media":0,"comment_status":"open","ping_status":"open","sticky":false,"template":"","format":"standard","meta":{"footnotes":""},"categories":[1],"tags":[],"class_list":["post-23734","post","type-post","status-publish","format-standard","hentry","category-uncategorized"],"_links":{"self":[{"href":"https:\/\/dobrezrodla.com\/index.php?rest_route=\/wp\/v2\/posts\/23734","targetHints":{"allow":["GET"]}}],"collection":[{"href":"https:\/\/dobrezrodla.com\/index.php?rest_route=\/wp\/v2\/posts"}],"about":[{"href":"https:\/\/dobrezrodla.com\/index.php?rest_route=\/wp\/v2\/types\/post"}],"author":[{"embeddable":true,"href":"https:\/\/dobrezrodla.com\/index.php?rest_route=\/wp\/v2\/users\/1"}],"replies":[{"embeddable":true,"href":"https:\/\/dobrezrodla.com\/index.php?rest_route=%2Fwp%2Fv2%2Fcomments&post=23734"}],"version-history":[{"count":1,"href":"https:\/\/dobrezrodla.com\/index.php?rest_route=\/wp\/v2\/posts\/23734\/revisions"}],"predecessor-version":[{"id":23735,"href":"https:\/\/dobrezrodla.com\/index.php?rest_route=\/wp\/v2\/posts\/23734\/revisions\/23735"}],"wp:attachment":[{"href":"https:\/\/dobrezrodla.com\/index.php?rest_route=%2Fwp%2Fv2%2Fmedia&parent=23734"}],"wp:term":[{"taxonomy":"category","embeddable":true,"href":"https:\/\/dobrezrodla.com\/index.php?rest_route=%2Fwp%2Fv2%2Fcategories&post=23734"},{"taxonomy":"post_tag","embeddable":true,"href":"https:\/\/dobrezrodla.com\/index.php?rest_route=%2Fwp%2Fv2%2Ftags&post=23734"}],"curies":[{"name":"wp","href":"https:\/\/api.w.org\/{rel}","templated":true}]}}