{"id":23772,"date":"2026-04-29T20:10:59","date_gmt":"2026-04-29T20:10:59","guid":{"rendered":"https:\/\/dobrezrodla.com\/?p=23772"},"modified":"2026-04-29T20:10:59","modified_gmt":"2026-04-29T20:10:59","slug":"zagadkowa-cisza-w-kancelarii-prokuratorzy-czekaja-na-wyjasnienia-od-prezydenta","status":"publish","type":"post","link":"https:\/\/dobrezrodla.com\/?p=23772","title":{"rendered":"Zagadkowa cisza w Kancelarii. Prokuratorzy czekaj\u0105 na wyja\u015bnienia od prezydenta"},"content":{"rendered":"\n<p>Prokuratura Okr\u0119gowa w Gda\u0144sku od pocz\u0105tku marca czeka na odpowied\u017a Kancelarii Prezydenta w sprawie wyznaczenia terminu przes\u0142uchania Karola Nawrockiego jako \u015bwiadka w post\u0119powaniu dotycz\u0105cym nieodp\u0142atnego u\u017cytkowania lokalu w Muzeum II Wojny \u015awiatowej. Mimo up\u0142ywu czasu Kancelaria nie przes\u0142a\u0142a \u017cadnej informacji zwrotnej i zignorowa\u0142a zapytania dziennikarskie na ten temat.<\/p>\n\n\n\n<p>Milczenie Kancelarii Prezydenta wobec pro\u015bby prokuratury<\/p>\n\n\n\n<p>\u015aledczy wykazuj\u0105 elastyczno\u015b\u0107 logistyczn\u0105, oferuj\u0105c mo\u017cliwo\u015b\u0107 przes\u0142uchania w Warszawie lub innym miejscu wskazanym przez Kancelari\u0119, co podkre\u015bla gotowo\u015b\u0107 do kompromisu w celu przyspieszenia procedury.<\/p>\n\n\n\n<p>Prokurator got\u00f3w na elastyczno\u015b\u0107 w miejscu przes\u0142uchania<\/p>\n\n\n\n<p>Ur\u0119cz\u0105cy prezydent korzysta z immunitetu, kt\u00f3ry chroni go przed zarzutami, ale nie zwalnia z obowi\u0105zku sk\u0142adania zezna\u0144 jako \u015bwiadek.<\/p>\n\n\n\n<p>Prezydent ma immunitet, ale obowi\u0105zek zezna\u0144 pozostaje<\/p>\n\n\n\n<p>Du\u017ce kontrowersje budzi luksusowy, 116-metrowy apartament deluxe, z kt\u00f3rego dyrektor muzeum korzysta\u0142 przez oko\u0142o 200 dni, mimo \u017ce jego sta\u0142e miejsce zamieszkania znajdowa\u0142o si\u0119 zaledwie 5 km dalej. Prezydent t\u0142umaczy\u0142 to potrzebami \u201edynamicznej polityki mi\u0119dzynarodowej\u201d i spotkaniami biznesowymi.<\/p>\n\n\n\n<p>Kancelaria nie odnios\u0142a si\u0119 r\u00f3wnie\u017c do dw\u00f3ch innych w\u0105tk\u00f3w medialnych: sprawy kawalerki Jerzego \u017b. oraz podejrze\u0144 o wyrz\u0105dzenie muzeum szkody maj\u0105tkowej co najmniej 200 tysi\u0119cy z\u0142otych, zwi\u0105zanych z zagini\u0119ciem 8 tysi\u0119cy katalog\u00f3w wystawy przygotowanych przez za\u0142o\u017cyciela muzeum, profesora Paw\u0142a Machcewicza.<\/p>\n\n\n\n<p>obrazek<\/p>\n\n\n\n<p>Kwestia apartamentu i inne w\u0105tki \u015bledztwa<br>Wniosek o przes\u0142uchanie Karola Nawrockiego skierowano do Pa\u0142acu Prezydenckiego na pocz\u0105tku marca, lecz gda\u0144ska prokuratura nie otrzyma\u0142a \u017cadnej reakcji mimo licznych zapyta\u0144.<\/p>\n\n\n\n<p>D\u0142ugotrwa\u0142a cisza i brak reakcji<\/p>\n\n\n\n<p>W o\u015bwiadczeniu przedstawiciele prokuratury potwierdzaj\u0105 otwarto\u015b\u0107 na przeprowadzenie przes\u0142uchania poza Gda\u0144skiem, w tym w stolicy lub innym dogodnym miejscu.<\/p>\n\n\n\n<p>Gotowo\u015b\u0107 prokuratury na przes\u0142uchania poza Gda\u0144skiem<br>Media podkre\u015blaj\u0105 dodatkowe kontrowersje wok\u00f3\u0142 apartamentu, kawalerki Jerzego \u017b. oraz potencjalnych nieprawid\u0142owo\u015bci finansowych w muzeum, w tym zagini\u0119cia katalog\u00f3w.<\/p>\n\n\n\n<p>\u0179r\u00f3d\u0142o: Gazeta Wyborcza<\/p>\n","protected":false},"excerpt":{"rendered":"<p>Prokuratura Okr\u0119gowa w Gda\u0144sku od pocz\u0105tku marca czeka na odpowied\u017a Kancelarii Prezydenta w sprawie wyznaczenia terminu przes\u0142uchania Karola Nawrockiego jako \u015bwiadka w post\u0119powaniu dotycz\u0105cym nieodp\u0142atnego u\u017cytkowania lokalu w Muzeum II Wojny \u015awiatowej. Mimo up\u0142ywu czasu Kancelaria nie przes\u0142a\u0142a \u017cadnej informacji zwrotnej i zignorowa\u0142a zapytania dziennikarskie na ten temat. Milczenie Kancelarii Prezydenta wobec pro\u015bby prokuratury \u015aledczy &#8230; <a title=\"Zagadkowa cisza w Kancelarii. Prokuratorzy czekaj\u0105 na wyja\u015bnienia od prezydenta\" class=\"read-more\" href=\"https:\/\/dobrezrodla.com\/?p=23772\" aria-label=\"Read more about Zagadkowa cisza w Kancelarii. Prokuratorzy czekaj\u0105 na wyja\u015bnienia od prezydenta\">Read more<\/a><\/p>\n","protected":false},"author":1,"featured_media":0,"comment_status":"open","ping_status":"open","sticky":false,"template":"","format":"standard","meta":{"footnotes":""},"categories":[1],"tags":[],"class_list":["post-23772","post","type-post","status-publish","format-standard","hentry","category-uncategorized"],"_links":{"self":[{"href":"https:\/\/dobrezrodla.com\/index.php?rest_route=\/wp\/v2\/posts\/23772","targetHints":{"allow":["GET"]}}],"collection":[{"href":"https:\/\/dobrezrodla.com\/index.php?rest_route=\/wp\/v2\/posts"}],"about":[{"href":"https:\/\/dobrezrodla.com\/index.php?rest_route=\/wp\/v2\/types\/post"}],"author":[{"embeddable":true,"href":"https:\/\/dobrezrodla.com\/index.php?rest_route=\/wp\/v2\/users\/1"}],"replies":[{"embeddable":true,"href":"https:\/\/dobrezrodla.com\/index.php?rest_route=%2Fwp%2Fv2%2Fcomments&post=23772"}],"version-history":[{"count":1,"href":"https:\/\/dobrezrodla.com\/index.php?rest_route=\/wp\/v2\/posts\/23772\/revisions"}],"predecessor-version":[{"id":23773,"href":"https:\/\/dobrezrodla.com\/index.php?rest_route=\/wp\/v2\/posts\/23772\/revisions\/23773"}],"wp:attachment":[{"href":"https:\/\/dobrezrodla.com\/index.php?rest_route=%2Fwp%2Fv2%2Fmedia&parent=23772"}],"wp:term":[{"taxonomy":"category","embeddable":true,"href":"https:\/\/dobrezrodla.com\/index.php?rest_route=%2Fwp%2Fv2%2Fcategories&post=23772"},{"taxonomy":"post_tag","embeddable":true,"href":"https:\/\/dobrezrodla.com\/index.php?rest_route=%2Fwp%2Fv2%2Ftags&post=23772"}],"curies":[{"name":"wp","href":"https:\/\/api.w.org\/{rel}","templated":true}]}}