{"id":23798,"date":"2026-04-29T20:23:54","date_gmt":"2026-04-29T20:23:54","guid":{"rendered":"https:\/\/dobrezrodla.com\/?p=23798"},"modified":"2026-04-29T20:23:55","modified_gmt":"2026-04-29T20:23:55","slug":"nawrocki-ma-sie-stawic-w-prokuraturze-jest-reakcja-palacu-prezydenckiego","status":"publish","type":"post","link":"https:\/\/dobrezrodla.com\/?p=23798","title":{"rendered":"Nawrocki ma si\u0119 stawi\u0107 w prokuraturze. Jest reakcja Pa\u0142acu Prezydenckiego"},"content":{"rendered":"\n<p>Prokuratura Okr\u0119gowa w Gda\u0144sku wezwa\u0142a prezydenta Karola Nawrockiego na przes\u0142uchanie w charakterze \u015bwiadka w zwi\u0105zku ze spraw\u0105 gda\u0144skiego muzeum. Szef Kancelarii Prezydenta Zbigniew Bogucki potwierdzi\u0142 otrzymanie wezwania i zadeklarowa\u0142, \u017ce g\u0142owa pa\u0144stwa stawi si\u0119 przed \u015bledczymi, gdy tylko pozwoli na to napi\u0119ty kalendarz wizyt zagranicznych.<\/p>\n\n\n\n<p>Deklaracja stawiennictwa i poszanowanie prawa<br>Szef Kancelarii Prezydenta RP Zbigniew Bogucki, odpowiadaj\u0105c na pytania dziennikarzy przed posiedzeniem komisji sejmowej, jednoznacznie potwierdzi\u0142 gotowo\u015b\u0107 Karola Nawrockiego do z\u0142o\u017cenia zezna\u0144.<\/p>\n\n\n\n<p>Minister podkre\u015bli\u0142, \u017ce urz\u0105d otrzyma\u0142 ju\u017c oficjalne pismo od Prokuratury Okr\u0119gowej w Gda\u0144sku.<\/p>\n\n\n\n<p>\u201eNiew\u0105tpliwie prezydent, wtedy gdy kalendarz na to pozwoli, odpowie na to wezwanie w charakterze \u015bwiadka\u201d \u2013 zadeklarowa\u0142 Bogucki.<\/p>\n\n\n\n<p>Przedstawiciel KPRP zaznaczy\u0142 przy tym, \u017ce wsp\u00f3\u0142praca z organami \u015bcigania nie jest wynikiem nacisk\u00f3w politycznych, lecz wyrazem szacunku dla instytucji pa\u0144stwowych.<\/p>\n\n\n\n<p>\u201eTo nie jest kwestia biegania po prokuraturach na \u017c\u0105danie tego czy innego ministra. Trzeba szanowa\u0107 prawo i prezydent je szanuje\u201d \u2013 doda\u0142 minister.<\/p>\n\n\n\n<p>Bogucki wskaza\u0142, \u017ce g\u0142owa pa\u0144stwa wype\u0142ni swoje obowi\u0105zki procesowe zgodnie z liter\u0105 prawa.<\/p>\n\n\n\n<p>Napi\u0119ty kalendarz wizyt mi\u0119dzynarodowych<br>G\u0142\u00f3wnym czynnikiem determinuj\u0105cym termin przes\u0142uchania pozostaj\u0105 bie\u017c\u0105ce obowi\u0105zki prezydenta w sferze polityki zagranicznej. Zbigniew Bogucki wskaza\u0142 na intensywny grafik g\u0142owy pa\u0144stwa, kt\u00f3ry obejmuje kluczowe wizyty w Europie Po\u0142udniowo-Wschodniej.<\/p>\n\n\n\n<p>\u201eTo pismo wp\u0142yn\u0119\u0142o, prezydent dzi\u015b jest w Chorwacji, za chwil\u0119 ma wizyt\u0119 w Rumunii. Z tego pisma, co pami\u0119tam, jest te\u017c mo\u017cliwo\u015b\u0107 przes\u0142uchania w jakim\u015b innym miejscu\u201d \u2013 wyja\u015bni\u0142 szef kancelarii.<\/p>\n\n\n\n<p>Wed\u0142ug Boguckiego sprawy rangi pa\u0144stwowej musz\u0105 mie\u0107 pierwsze\u0144stwo przed dzia\u0142aniami prokuratury.<\/p>\n\n\n\n<p>\u201ePrezydent odpowiada: najpierw sprawy mi\u0119dzynarodowe, bezpiecze\u0144stwa, gospodarcze, spo\u0142eczne i wiele innych pa\u0144stwowych spraw, a p\u00f3\u017aniej ta pogo\u0144 polityczna\u201d \u2013 podkre\u015bli\u0142 minister.<\/p>\n\n\n\n<p>W opinii ministra Boguckiego tocz\u0105ce si\u0119 \u015bledztwo stanowi element walki politycznej.<\/p>\n\n\n\n<p>Nawrocki ma si\u0119 stawi\u0107 w prokuraturze. Jest reakcja Pa\u0142acu Prezydenckiego<br>Zbigniew Bogucki | Wojciech Olku\u015bnik\/East News<br>Szczeg\u00f3\u0142y \u015bledztwa w sprawie apartamentu<br>Post\u0119powanie prowadzone przez gda\u0144sk\u0105 prokuratur\u0119 dotyczy okresu od pa\u017adziernika 2017 roku do czerwca 2024 roku i skupia si\u0119 na podejrzeniu przekroczenia uprawnie\u0144 przez funkcjonariuszy publicznych.<\/p>\n\n\n\n<p>Centralnym punktem \u015bledztwa jest kwestia nieodp\u0142atnego korzystania z luksusowych pokoi i apartament\u00f3w nale\u017c\u0105cych do Muzeum II Wojny \u015awiatowej w Gda\u0144sku. Z medialnych doniesie\u0144, kt\u00f3re zainicjowa\u0142y spraw\u0119, wynika, \u017ce Karol Nawrocki jako \u00f3wczesny dyrektor plac\u00f3wki m\u00f3g\u0142 korzysta\u0107 z apartamentu deluxe przez \u0142\u0105cznie ponad 200 dni.<\/p>\n\n\n\n<p>Kontrowersje budzi fakt, \u017ce prywatne mieszkanie prezydenta znajduje si\u0119 zaledwie 5 kilometr\u00f3w od budynku muzeum, a za pobyt w muzealnych pokojach nie odnotowano \u017cadnych wp\u0142at. \u015aledczy badaj\u0105 obecnie, czy w tym przypadku dosz\u0142o do wyrz\u0105dzenia szkody w mieniu instytucji kultury.<\/p>\n\n\n\n<p>Linia obrony i wyja\u015bnienia prezydenta<br>Prezydent Karol Nawrocki od pocz\u0105tku kategorycznie odpiera zarzuty o nieuprawnione zamieszkiwanie w muzeum, nazywaj\u0105c spraw\u0119 \u201equasi-afer\u0105\u201d. Podczas ubieg\u0142orocznej konferencji prasowej g\u0142owa pa\u0144stwa przedstawi\u0142a szczeg\u00f3\u0142owe wyja\u015bnienia dotycz\u0105ce obecno\u015bci w apartamentach plac\u00f3wki.<\/p>\n\n\n\n<p>Nawrocki t\u0142umaczy\u0142, \u017ce nocowa\u0142 w obiekcie wy\u0142\u0105cznie podczas dw\u00f3ch dziesi\u0119ciodniowych kwarantann w trakcie pandemii COVID-19, co mia\u0142o umo\u017cliwi\u0107 mu bezpieczne wykonywanie pracy zdalnej.<\/p>\n\n\n\n<p>Twierdzi\u0142 r\u00f3wnie\u017c, \u017ce w pozosta\u0142ym czasie lokal by\u0142 wykorzystywany jedynie jako miejsce oficjalnych spotka\u0144 s\u0142u\u017cbowych z krajowymi i zagranicznymi delegacjami.<\/p>\n\n\n\n<p>Zbigniew Bogucki przypomnia\u0142, \u017ce mimo tych oskar\u017ce\u0144 obywatele wybrali Karola Nawrockiego na urz\u0105d prezydenta, co w jego ocenie \u015bwiadczy o braku spo\u0142ecznej wiary w zasadno\u015b\u0107 podnoszonych przez prokuratur\u0119 zarzut\u00f3w.<\/p>\n","protected":false},"excerpt":{"rendered":"<p>Prokuratura Okr\u0119gowa w Gda\u0144sku wezwa\u0142a prezydenta Karola Nawrockiego na przes\u0142uchanie w charakterze \u015bwiadka w zwi\u0105zku ze spraw\u0105 gda\u0144skiego muzeum. Szef Kancelarii Prezydenta Zbigniew Bogucki potwierdzi\u0142 otrzymanie wezwania i zadeklarowa\u0142, \u017ce g\u0142owa pa\u0144stwa stawi si\u0119 przed \u015bledczymi, gdy tylko pozwoli na to napi\u0119ty kalendarz wizyt zagranicznych. Deklaracja stawiennictwa i poszanowanie prawaSzef Kancelarii Prezydenta RP Zbigniew Bogucki, &#8230; <a title=\"Nawrocki ma si\u0119 stawi\u0107 w prokuraturze. Jest reakcja Pa\u0142acu Prezydenckiego\" class=\"read-more\" href=\"https:\/\/dobrezrodla.com\/?p=23798\" aria-label=\"Read more about Nawrocki ma si\u0119 stawi\u0107 w prokuraturze. Jest reakcja Pa\u0142acu Prezydenckiego\">Read more<\/a><\/p>\n","protected":false},"author":1,"featured_media":0,"comment_status":"open","ping_status":"open","sticky":false,"template":"","format":"standard","meta":{"footnotes":""},"categories":[1],"tags":[],"class_list":["post-23798","post","type-post","status-publish","format-standard","hentry","category-uncategorized"],"_links":{"self":[{"href":"https:\/\/dobrezrodla.com\/index.php?rest_route=\/wp\/v2\/posts\/23798","targetHints":{"allow":["GET"]}}],"collection":[{"href":"https:\/\/dobrezrodla.com\/index.php?rest_route=\/wp\/v2\/posts"}],"about":[{"href":"https:\/\/dobrezrodla.com\/index.php?rest_route=\/wp\/v2\/types\/post"}],"author":[{"embeddable":true,"href":"https:\/\/dobrezrodla.com\/index.php?rest_route=\/wp\/v2\/users\/1"}],"replies":[{"embeddable":true,"href":"https:\/\/dobrezrodla.com\/index.php?rest_route=%2Fwp%2Fv2%2Fcomments&post=23798"}],"version-history":[{"count":1,"href":"https:\/\/dobrezrodla.com\/index.php?rest_route=\/wp\/v2\/posts\/23798\/revisions"}],"predecessor-version":[{"id":23799,"href":"https:\/\/dobrezrodla.com\/index.php?rest_route=\/wp\/v2\/posts\/23798\/revisions\/23799"}],"wp:attachment":[{"href":"https:\/\/dobrezrodla.com\/index.php?rest_route=%2Fwp%2Fv2%2Fmedia&parent=23798"}],"wp:term":[{"taxonomy":"category","embeddable":true,"href":"https:\/\/dobrezrodla.com\/index.php?rest_route=%2Fwp%2Fv2%2Fcategories&post=23798"},{"taxonomy":"post_tag","embeddable":true,"href":"https:\/\/dobrezrodla.com\/index.php?rest_route=%2Fwp%2Fv2%2Ftags&post=23798"}],"curies":[{"name":"wp","href":"https:\/\/api.w.org\/{rel}","templated":true}]}}